{"id":15791,"date":"2020-07-29T17:12:05","date_gmt":"2020-07-29T20:12:05","guid":{"rendered":"https:\/\/wp.ufpel.edu.br\/progep\/?p=15791"},"modified":"2022-09-26T21:10:40","modified_gmt":"2022-09-27T00:10:40","slug":"capacita-na-web-conectar-se-a-partir-de-uma-experiencia-com-a-linguagem-teatral-participe","status":"publish","type":"post","link":"https:\/\/wp.ufpel.edu.br\/progep\/2020\/07\/29\/capacita-na-web-conectar-se-a-partir-de-uma-experiencia-com-a-linguagem-teatral-participe\/","title":{"rendered":"Capacita na web: Conectar-se a partir de uma experi\u00eancia com a linguagem teatral. Participe!"},"content":{"rendered":"<p style=\"text-align: justify\">A Coordena\u00e7\u00e3o de Desenvolvimento de Pessoal (CDP\/PROGEP) est\u00e1 promovendo, atrav\u00e9s do Projeto Capacita na Web, o evento <span style=\"color: #000000\"><strong>\u00a0\u201cConectar-se a partir de uma experi\u00eancia com a linguagem teatral\u201d<\/strong><\/span>, que ser\u00e1 conduzido pela Prof\u00aa. Fabiane Tejada da Silveira, docente do Centro de Artes da UFPel .<\/p>\n<p style=\"text-align: justify\">Nesse encontro ser\u00e3o realizadas atividades que permitam dar uma qualidade para a nova experi\u00eancia de rela\u00e7\u00e3o com o outro atrav\u00e9s da tela, neste momento que precisamos desenvolver o trabalho remoto. Al\u00e9m disso, ser\u00e3o abordadas possibilidades de despertarmos alguns sentidos para nossa express\u00e3o e comunica\u00e7\u00e3o.<\/p>\n<p>Todas as informa\u00e7\u00f5es sobre os eventos e o links para inscri\u00e7\u00f5es est\u00e3o dispon\u00edveis <span style=\"color: #ff6600\"><strong><a style=\"color: #ff6600\" href=\"https:\/\/wp.ufpel.edu.br\/progep\/capacita-na-web-conectar-se-a-partir-de-uma-experiencia-com-a-linguagem-teatral\/\">AQUI<\/a><\/strong>!<\/span><\/p>\n","protected":false},"excerpt":{"rendered":"<p>A Coordena\u00e7\u00e3o de Desenvolvimento de Pessoal (CDP\/PROGEP) est\u00e1 promovendo, atrav\u00e9s do Projeto Capacita na Web, o evento \u00a0\u201cConectar-se a partir de uma experi\u00eancia com a linguagem teatral\u201d, que ser\u00e1 conduzido pela Prof\u00aa. Fabiane Tejada da Silveira, docente do Centro de Artes da UFPel . Nesse encontro ser\u00e3o realizadas atividades que permitam dar uma qualidade para [&hellip;]<\/p>\n","protected":false},"author":21,"featured_media":0,"comment_status":"closed","ping_status":"closed","sticky":false,"template":"","format":"standard","meta":{"footnotes":""},"categories":[1],"tags":[],"class_list":["post-15791","post","type-post","status-publish","format-standard","hentry","category-noticias"],"jetpack_featured_media_url":"","_links":{"self":[{"href":"https:\/\/wp.ufpel.edu.br\/progep\/wp-json\/wp\/v2\/posts\/15791","targetHints":{"allow":["GET"]}}],"collection":[{"href":"https:\/\/wp.ufpel.edu.br\/progep\/wp-json\/wp\/v2\/posts"}],"about":[{"href":"https:\/\/wp.ufpel.edu.br\/progep\/wp-json\/wp\/v2\/types\/post"}],"author":[{"embeddable":true,"href":"https:\/\/wp.ufpel.edu.br\/progep\/wp-json\/wp\/v2\/users\/21"}],"replies":[{"embeddable":true,"href":"https:\/\/wp.ufpel.edu.br\/progep\/wp-json\/wp\/v2\/comments?post=15791"}],"version-history":[{"count":3,"href":"https:\/\/wp.ufpel.edu.br\/progep\/wp-json\/wp\/v2\/posts\/15791\/revisions"}],"predecessor-version":[{"id":15795,"href":"https:\/\/wp.ufpel.edu.br\/progep\/wp-json\/wp\/v2\/posts\/15791\/revisions\/15795"}],"wp:attachment":[{"href":"https:\/\/wp.ufpel.edu.br\/progep\/wp-json\/wp\/v2\/media?parent=15791"}],"wp:term":[{"taxonomy":"category","embeddable":true,"href":"https:\/\/wp.ufpel.edu.br\/progep\/wp-json\/wp\/v2\/categories?post=15791"},{"taxonomy":"post_tag","embeddable":true,"href":"https:\/\/wp.ufpel.edu.br\/progep\/wp-json\/wp\/v2\/tags?post=15791"}],"curies":[{"name":"wp","href":"https:\/\/api.w.org\/{rel}","templated":true}]}}