{"id":15751,"date":"2020-07-28T10:40:43","date_gmt":"2020-07-28T13:40:43","guid":{"rendered":"https:\/\/wp.ufpel.edu.br\/progep\/?p=15751"},"modified":"2022-09-26T21:10:33","modified_gmt":"2022-09-27T00:10:33","slug":"capacita-na-web-aborda-o-ensino-remoto-participe","status":"publish","type":"post","link":"https:\/\/wp.ufpel.edu.br\/progep\/2020\/07\/28\/capacita-na-web-aborda-o-ensino-remoto-participe\/","title":{"rendered":"Capacita na web aborda o Ensino Remoto. Participe!"},"content":{"rendered":"<p>A Coordena\u00e7\u00e3o de Desenvolvimento de Pessoal (CDP) da Pr\u00f3-Reitoria de Gest\u00e3o de Pessoas (PROGEP) promove, no dia 12 de agosto, \u00e0s 16h, mais uma roda de conversa para servidores, na plataforma Webconf da UFPel (modalidade on-line). O tema ser\u00e1 \u201c<strong>Possibilidades e Ferramentas para o Ensino Remoto<\/strong>\u201d.<\/p>\n<p>A a\u00e7\u00e3o de desenvolvimento faz parte do Projeto Capacita na Web e ser\u00e1 conduzida pela\u00a0 Prof\u00aa. Dr\u00aa. S\u00edlvia Porto Meirelles Leite, do Centro de Letras e Comunica\u00e7\u00e3o da Universidade Federal de Pelotas (UFPEL).<\/p>\n<p>Todas as informa\u00e7\u00f5es sobre a\u00e7\u00e3o e o link para inscri\u00e7\u00f5es est\u00e3o dispon\u00edveis <strong><span style=\"color: #ff6600\"><a style=\"color: #ff6600\" href=\"https:\/\/wp.ufpel.edu.br\/progep\/capacita-na-web-possibilidades-e-ferramentas-para-o-ensino-remoto\/\">aqui<\/a><\/span><\/strong>!<\/p>\n","protected":false},"excerpt":{"rendered":"<p>A Coordena\u00e7\u00e3o de Desenvolvimento de Pessoal (CDP) da Pr\u00f3-Reitoria de Gest\u00e3o de Pessoas (PROGEP) promove, no dia 12 de agosto, \u00e0s 16h, mais uma roda de conversa para servidores, na plataforma Webconf da UFPel (modalidade on-line). O tema ser\u00e1 \u201cPossibilidades e Ferramentas para o Ensino Remoto\u201d. A a\u00e7\u00e3o de desenvolvimento faz parte do Projeto Capacita [&hellip;]<\/p>\n","protected":false},"author":21,"featured_media":0,"comment_status":"closed","ping_status":"closed","sticky":false,"template":"","format":"standard","meta":{"footnotes":""},"categories":[1],"tags":[],"class_list":["post-15751","post","type-post","status-publish","format-standard","hentry","category-noticias"],"jetpack_featured_media_url":"","_links":{"self":[{"href":"https:\/\/wp.ufpel.edu.br\/progep\/wp-json\/wp\/v2\/posts\/15751","targetHints":{"allow":["GET"]}}],"collection":[{"href":"https:\/\/wp.ufpel.edu.br\/progep\/wp-json\/wp\/v2\/posts"}],"about":[{"href":"https:\/\/wp.ufpel.edu.br\/progep\/wp-json\/wp\/v2\/types\/post"}],"author":[{"embeddable":true,"href":"https:\/\/wp.ufpel.edu.br\/progep\/wp-json\/wp\/v2\/users\/21"}],"replies":[{"embeddable":true,"href":"https:\/\/wp.ufpel.edu.br\/progep\/wp-json\/wp\/v2\/comments?post=15751"}],"version-history":[{"count":6,"href":"https:\/\/wp.ufpel.edu.br\/progep\/wp-json\/wp\/v2\/posts\/15751\/revisions"}],"predecessor-version":[{"id":15914,"href":"https:\/\/wp.ufpel.edu.br\/progep\/wp-json\/wp\/v2\/posts\/15751\/revisions\/15914"}],"wp:attachment":[{"href":"https:\/\/wp.ufpel.edu.br\/progep\/wp-json\/wp\/v2\/media?parent=15751"}],"wp:term":[{"taxonomy":"category","embeddable":true,"href":"https:\/\/wp.ufpel.edu.br\/progep\/wp-json\/wp\/v2\/categories?post=15751"},{"taxonomy":"post_tag","embeddable":true,"href":"https:\/\/wp.ufpel.edu.br\/progep\/wp-json\/wp\/v2\/tags?post=15751"}],"curies":[{"name":"wp","href":"https:\/\/api.w.org\/{rel}","templated":true}]}}