{"id":15726,"date":"2020-07-22T16:14:52","date_gmt":"2020-07-22T19:14:52","guid":{"rendered":"https:\/\/wp.ufpel.edu.br\/progep\/?p=15726"},"modified":"2022-09-26T21:10:43","modified_gmt":"2022-09-27T00:10:43","slug":"capacita-na-web-nova-roda-sobre-os-servicos-e-ferramentas-de-ti-na-ufpel","status":"publish","type":"post","link":"https:\/\/wp.ufpel.edu.br\/progep\/2020\/07\/22\/capacita-na-web-nova-roda-sobre-os-servicos-e-ferramentas-de-ti-na-ufpel\/","title":{"rendered":"Capacita na Web &#8211; Nova roda de conversa sobre servi\u00e7os e ferramentas de TI na UFPel"},"content":{"rendered":"<p style=\"text-align: justify\">A Coordena\u00e7\u00e3o de Desenvolvimento de Pessoal (CDP) divulga que est\u00e3o abertas as inscri\u00e7\u00f5es para a Roda de Conversa sobre <strong>Servi\u00e7os e Ferramentas de Tecnologia da Informa\u00e7\u00e3o na UFPEL<\/strong>, que ser\u00e1 realizada no dia 05\/08\/2020 (quarta-feira), das 14h30min \u00e0s 15h30min.<\/p>\n<p style=\"text-align: justify\">A a\u00e7\u00e3o que faz parte do Projeto Capacita na Web, tem por objetivo apresentar os servi\u00e7os e ferramentas de TI disponibilizadas pela UFPEL para facilitar a comunica\u00e7\u00e3o e disponibiliza\u00e7\u00e3o de dados no \u00e2mbito acad\u00eamico e administrativo. Al\u00e9m disso, ser\u00e3o demonstradas op\u00e7\u00f5es para melhorias nos processos administrativos e nas atividades acad\u00eamicas com o uso dos servi\u00e7os e ferramentas j\u00e1 disponibilizadas na UFPEL.<\/p>\n<p>Todas as informa\u00e7\u00f5es sobre a capacita\u00e7\u00e3o e o link para inscri\u00e7\u00f5es est\u00e3o dispon\u00edveis <span style=\"color: #ff6600\"><strong><a style=\"color: #ff6600\" href=\"https:\/\/wp.ufpel.edu.br\/progep\/cdp\/nucleo-de-capacitacao\/acoes-de-capacitacao\/\">AQUI.<\/a><\/strong><\/span><\/p>\n","protected":false},"excerpt":{"rendered":"<p>A Coordena\u00e7\u00e3o de Desenvolvimento de Pessoal (CDP) divulga que est\u00e3o abertas as inscri\u00e7\u00f5es para a Roda de Conversa sobre Servi\u00e7os e Ferramentas de Tecnologia da Informa\u00e7\u00e3o na UFPEL, que ser\u00e1 realizada no dia 05\/08\/2020 (quarta-feira), das 14h30min \u00e0s 15h30min. A a\u00e7\u00e3o que faz parte do Projeto Capacita na Web, tem por objetivo apresentar os servi\u00e7os [&hellip;]<\/p>\n","protected":false},"author":21,"featured_media":0,"comment_status":"closed","ping_status":"closed","sticky":false,"template":"","format":"standard","meta":{"footnotes":""},"categories":[1],"tags":[],"class_list":["post-15726","post","type-post","status-publish","format-standard","hentry","category-noticias"],"jetpack_featured_media_url":"","_links":{"self":[{"href":"https:\/\/wp.ufpel.edu.br\/progep\/wp-json\/wp\/v2\/posts\/15726","targetHints":{"allow":["GET"]}}],"collection":[{"href":"https:\/\/wp.ufpel.edu.br\/progep\/wp-json\/wp\/v2\/posts"}],"about":[{"href":"https:\/\/wp.ufpel.edu.br\/progep\/wp-json\/wp\/v2\/types\/post"}],"author":[{"embeddable":true,"href":"https:\/\/wp.ufpel.edu.br\/progep\/wp-json\/wp\/v2\/users\/21"}],"replies":[{"embeddable":true,"href":"https:\/\/wp.ufpel.edu.br\/progep\/wp-json\/wp\/v2\/comments?post=15726"}],"version-history":[{"count":4,"href":"https:\/\/wp.ufpel.edu.br\/progep\/wp-json\/wp\/v2\/posts\/15726\/revisions"}],"predecessor-version":[{"id":15735,"href":"https:\/\/wp.ufpel.edu.br\/progep\/wp-json\/wp\/v2\/posts\/15726\/revisions\/15735"}],"wp:attachment":[{"href":"https:\/\/wp.ufpel.edu.br\/progep\/wp-json\/wp\/v2\/media?parent=15726"}],"wp:term":[{"taxonomy":"category","embeddable":true,"href":"https:\/\/wp.ufpel.edu.br\/progep\/wp-json\/wp\/v2\/categories?post=15726"},{"taxonomy":"post_tag","embeddable":true,"href":"https:\/\/wp.ufpel.edu.br\/progep\/wp-json\/wp\/v2\/tags?post=15726"}],"curies":[{"name":"wp","href":"https:\/\/api.w.org\/{rel}","templated":true}]}}