{"id":15711,"date":"2020-07-20T19:32:22","date_gmt":"2020-07-20T22:32:22","guid":{"rendered":"https:\/\/wp.ufpel.edu.br\/progep\/?p=15711"},"modified":"2022-09-26T21:10:29","modified_gmt":"2022-09-27T00:10:29","slug":"15711","status":"publish","type":"post","link":"https:\/\/wp.ufpel.edu.br\/progep\/2020\/07\/20\/15711\/","title":{"rendered":"Novas a\u00e7\u00f5es de capacita\u00e7\u00e3o na modalidade on-line"},"content":{"rendered":"<p class=\"Texto_Justificado_Recuo_Primeira_Linha\" style=\"text-align: justify\">A Coordena\u00e7\u00e3o de Desenvolvimento de Pessoal (CDP\/PROGEP) comunica que est\u00e3o abertas as inscri\u00e7\u00f5es para novas a\u00e7\u00f5es de capacita\u00e7\u00e3o, na modalidade\u00a0<em>on-line<\/em>, destinadas aos servidores da Universidade.<\/p>\n<p class=\"Texto_Justificado_Recuo_Primeira_Linha\" style=\"text-align: justify\"><strong>Curso Agita UFPel: gin\u00e1stica <em>on-line<\/em> para servidores<\/strong>, a a\u00e7\u00e3o oportunizada em parceria com a <strong>Coordena\u00e7\u00e3o de Sa\u00fade e Qualidade de Vida (CSQV)<\/strong>, ser\u00e1 realizada de 04 de agosto a 20 de agosto de 2020, na modalidade <em>on-line (<\/em>com tutoria), no ambiente virtual de aprendizagem (AVA-Moodle) da UFPel. O objetivo da a\u00e7\u00e3o \u00e9 proporcionar viv\u00eancias de exerc\u00edcios g\u00edmnicos individuais, exerc\u00edcios de alongamento (respira\u00e7\u00e3o, posi\u00e7\u00f5es, e alongamento);\u00a0exerc\u00edcios de Pilates (exerc\u00edcios solos, respira\u00e7\u00e3o e alongamento);\u00a0exerc\u00edcios gin\u00e1sticos (exerc\u00edcios calist\u00eanicos, apoios e equil\u00edbrios) e\u00a0conhecimentos b\u00e1sicos sobre exerc\u00edcios g\u00edmnicos. Ser\u00e3o disponibilizadas 25 vagas para o curso.<\/p>\n<p class=\"Texto_Justificado_Recuo_Primeira_Linha\"><strong>Roda de Conversa &#8220;Conectar-se a partir de uma experi\u00eancia com a linguagem teatral&#8221;<\/strong>: a a\u00e7\u00e3o pretende abordar o teatro como express\u00e3o e comunica\u00e7\u00e3o: jogos de express\u00e3o facial, imagina\u00e7\u00e3o e cria\u00e7\u00e3o de hist\u00f3rias; teatro imagem.<br \/>\nSer\u00e3o\u00a0 disponibilizadas 12 vagas por turma, conforme cronograma abaixo:<\/p>\n<p class=\"Texto_Justificado_Recuo_Primeira_Linha\"><strong>TURMA 1<\/strong>\u00a0&#8211; 06\/08\/2020 (quinta-feira) das 9h30 at\u00e9 10h30<\/p>\n<p class=\"Texto_Justificado_Recuo_Primeira_Linha\"><strong>TURMA 2\u00a0<\/strong>&#8211; 07\/08\/2020(sexta-feira) das 9h30 at\u00e9 10h30<\/p>\n<p>Todas as informa\u00e7\u00f5es sobre os eventos e o links para inscri\u00e7\u00f5es est\u00e3o dispon\u00edveis\u00a0<span style=\"color: #ff6600\"><strong><a style=\"color: #ff6600\" href=\"https:\/\/wp.ufpel.edu.br\/progep\/cdp\/nucleo-de-capacitacao\/acoes-de-capacitacao\/\">AQUI.<\/a><\/strong><\/span><\/p>\n","protected":false},"excerpt":{"rendered":"<p>A Coordena\u00e7\u00e3o de Desenvolvimento de Pessoal (CDP\/PROGEP) comunica que est\u00e3o abertas as inscri\u00e7\u00f5es para novas a\u00e7\u00f5es de capacita\u00e7\u00e3o, na modalidade\u00a0on-line, destinadas aos servidores da Universidade. Curso Agita UFPel: gin\u00e1stica on-line para servidores, a a\u00e7\u00e3o oportunizada em parceria com a Coordena\u00e7\u00e3o de Sa\u00fade e Qualidade de Vida (CSQV), ser\u00e1 realizada de 04 de agosto a 20 [&hellip;]<\/p>\n","protected":false},"author":21,"featured_media":0,"comment_status":"closed","ping_status":"closed","sticky":false,"template":"","format":"standard","meta":{"footnotes":""},"categories":[1],"tags":[],"class_list":["post-15711","post","type-post","status-publish","format-standard","hentry","category-noticias"],"jetpack_featured_media_url":"","_links":{"self":[{"href":"https:\/\/wp.ufpel.edu.br\/progep\/wp-json\/wp\/v2\/posts\/15711","targetHints":{"allow":["GET"]}}],"collection":[{"href":"https:\/\/wp.ufpel.edu.br\/progep\/wp-json\/wp\/v2\/posts"}],"about":[{"href":"https:\/\/wp.ufpel.edu.br\/progep\/wp-json\/wp\/v2\/types\/post"}],"author":[{"embeddable":true,"href":"https:\/\/wp.ufpel.edu.br\/progep\/wp-json\/wp\/v2\/users\/21"}],"replies":[{"embeddable":true,"href":"https:\/\/wp.ufpel.edu.br\/progep\/wp-json\/wp\/v2\/comments?post=15711"}],"version-history":[{"count":4,"href":"https:\/\/wp.ufpel.edu.br\/progep\/wp-json\/wp\/v2\/posts\/15711\/revisions"}],"predecessor-version":[{"id":15715,"href":"https:\/\/wp.ufpel.edu.br\/progep\/wp-json\/wp\/v2\/posts\/15711\/revisions\/15715"}],"wp:attachment":[{"href":"https:\/\/wp.ufpel.edu.br\/progep\/wp-json\/wp\/v2\/media?parent=15711"}],"wp:term":[{"taxonomy":"category","embeddable":true,"href":"https:\/\/wp.ufpel.edu.br\/progep\/wp-json\/wp\/v2\/categories?post=15711"},{"taxonomy":"post_tag","embeddable":true,"href":"https:\/\/wp.ufpel.edu.br\/progep\/wp-json\/wp\/v2\/tags?post=15711"}],"curies":[{"name":"wp","href":"https:\/\/api.w.org\/{rel}","templated":true}]}}