{"id":15661,"date":"2020-07-16T16:22:29","date_gmt":"2020-07-16T19:22:29","guid":{"rendered":"https:\/\/wp.ufpel.edu.br\/progep\/?p=15661"},"modified":"2022-09-26T21:10:20","modified_gmt":"2022-09-27T00:10:20","slug":"capacita-na-web-roda-de-conversa-sobre-acessibilidade-na-ufpel","status":"publish","type":"post","link":"https:\/\/wp.ufpel.edu.br\/progep\/2020\/07\/16\/capacita-na-web-roda-de-conversa-sobre-acessibilidade-na-ufpel\/","title":{"rendered":"Capacita na web &#8211; Roda de conversa: Acessibilidade no Ensino Superior"},"content":{"rendered":"<p style=\"text-align: justify\">A Coordena\u00e7\u00e3o de Desenvolvimento de Pessoal informa que est\u00e3o abertas as inscri\u00e7\u00f5es para mais uma roda de conversa para servidores.<br \/>\nA a\u00e7\u00e3o <strong>Acessibilidade no Ensino Superior- Ferramentas e servi\u00e7os da UFPEL<\/strong>, faz parte do Projeto Capacita na Web e pretende apresentar os servi\u00e7os realizados na institui\u00e7\u00e3o, que buscam promover a acessibilidade de alunos e servidores da UFPEL. A roda de conversa ser\u00e1 realizada no dia <strong>29\/07\/2020<\/strong> (quarta-feira), \u00e0s 14h na plataforma Webconf da UFPel e contar\u00e1 com a participa\u00e7\u00e3o de integrantes da equipe do N\u00facleo de Acessibilidade e Inclus\u00e3o- NAI.<\/p>\n<p>Todas as informa\u00e7\u00f5es sobre os eventos e o links para inscri\u00e7\u00f5es est\u00e3o dispon\u00edveis\u00a0<span style=\"color: #ff6600\"><strong><a style=\"color: #ff6600\" href=\"https:\/\/wp.ufpel.edu.br\/progep\/cdp\/nucleo-de-capacitacao\/acoes-de-capacitacao\/\">AQUI.<\/a><\/strong><\/span><\/p>\n","protected":false},"excerpt":{"rendered":"<p>A Coordena\u00e7\u00e3o de Desenvolvimento de Pessoal informa que est\u00e3o abertas as inscri\u00e7\u00f5es para mais uma roda de conversa para servidores. A a\u00e7\u00e3o Acessibilidade no Ensino Superior- Ferramentas e servi\u00e7os da UFPEL, faz parte do Projeto Capacita na Web e pretende apresentar os servi\u00e7os realizados na institui\u00e7\u00e3o, que buscam promover a acessibilidade de alunos e servidores [&hellip;]<\/p>\n","protected":false},"author":21,"featured_media":0,"comment_status":"closed","ping_status":"closed","sticky":false,"template":"","format":"standard","meta":{"footnotes":""},"categories":[1],"tags":[],"class_list":["post-15661","post","type-post","status-publish","format-standard","hentry","category-noticias"],"jetpack_featured_media_url":"","_links":{"self":[{"href":"https:\/\/wp.ufpel.edu.br\/progep\/wp-json\/wp\/v2\/posts\/15661","targetHints":{"allow":["GET"]}}],"collection":[{"href":"https:\/\/wp.ufpel.edu.br\/progep\/wp-json\/wp\/v2\/posts"}],"about":[{"href":"https:\/\/wp.ufpel.edu.br\/progep\/wp-json\/wp\/v2\/types\/post"}],"author":[{"embeddable":true,"href":"https:\/\/wp.ufpel.edu.br\/progep\/wp-json\/wp\/v2\/users\/21"}],"replies":[{"embeddable":true,"href":"https:\/\/wp.ufpel.edu.br\/progep\/wp-json\/wp\/v2\/comments?post=15661"}],"version-history":[{"count":6,"href":"https:\/\/wp.ufpel.edu.br\/progep\/wp-json\/wp\/v2\/posts\/15661\/revisions"}],"predecessor-version":[{"id":15670,"href":"https:\/\/wp.ufpel.edu.br\/progep\/wp-json\/wp\/v2\/posts\/15661\/revisions\/15670"}],"wp:attachment":[{"href":"https:\/\/wp.ufpel.edu.br\/progep\/wp-json\/wp\/v2\/media?parent=15661"}],"wp:term":[{"taxonomy":"category","embeddable":true,"href":"https:\/\/wp.ufpel.edu.br\/progep\/wp-json\/wp\/v2\/categories?post=15661"},{"taxonomy":"post_tag","embeddable":true,"href":"https:\/\/wp.ufpel.edu.br\/progep\/wp-json\/wp\/v2\/tags?post=15661"}],"curies":[{"name":"wp","href":"https:\/\/api.w.org\/{rel}","templated":true}]}}