{"id":15573,"date":"2020-07-01T15:15:57","date_gmt":"2020-07-01T18:15:57","guid":{"rendered":"https:\/\/wp.ufpel.edu.br\/progep\/?p=15573"},"modified":"2022-09-26T21:13:56","modified_gmt":"2022-09-27T00:13:56","slug":"capacita-na-web-os-beneficios-da-companhia-de-um-pet-alteracao-de-data-e-novas-inscricoes","status":"publish","type":"post","link":"https:\/\/wp.ufpel.edu.br\/progep\/2020\/07\/01\/capacita-na-web-os-beneficios-da-companhia-de-um-pet-alteracao-de-data-e-novas-inscricoes\/","title":{"rendered":"Capacita na Web  &#8220;Os benef\u00edcios da companhia de um pet&#8221; &#8211;  Altera\u00e7\u00e3o de data e reabertura de inscri\u00e7\u00f5es"},"content":{"rendered":"<p>A\u00a0 Coordena\u00e7\u00e3o de Desenvolvimento de Pessoal informa\u00a0 que a Roda de Conversa<strong> &#8220;Os benef\u00edcios da companhia de um pet&#8221;<\/strong>\u00a0 ser\u00e1 realizada em uma nova data, em \u00a0raz\u00e3o do temporal ocorrido durante a madrugada, causando transtornos e falta de luz em diversas \u00e1reas da cidade.<\/p>\n<p>A a\u00e7\u00e3o que seria realizada hoje, \u00e0s 15h, foi transferida para o dia <strong>15 de julho de 2020<\/strong> (quarta-feira), \u00e0s 15h.<\/p>\n<p>Al\u00e9m disso, comunicamos que ser\u00e3o oportunizadas inscri\u00e7\u00f5es para a nova data, para aqueles que ainda <strong>n\u00e3o<\/strong> tenham realizado sua inscri\u00e7\u00e3o.<\/p>\n<p>Todas as informa\u00e7\u00f5es sobre os eventos e o links para inscri\u00e7\u00f5es est\u00e3o dispon\u00edveis\u00a0<span style=\"color: #ff6600\"><strong><a style=\"color: #ff6600\" href=\"https:\/\/wp.ufpel.edu.br\/progep\/cdp\/nucleo-de-capacitacao\/acoes-de-capacitacao\/\">AQUI.<\/a><\/strong><\/span><\/p>\n","protected":false},"excerpt":{"rendered":"<p>A\u00a0 Coordena\u00e7\u00e3o de Desenvolvimento de Pessoal informa\u00a0 que a Roda de Conversa &#8220;Os benef\u00edcios da companhia de um pet&#8221;\u00a0 ser\u00e1 realizada em uma nova data, em \u00a0raz\u00e3o do temporal ocorrido durante a madrugada, causando transtornos e falta de luz em diversas \u00e1reas da cidade. A a\u00e7\u00e3o que seria realizada hoje, \u00e0s 15h, foi transferida para [&hellip;]<\/p>\n","protected":false},"author":21,"featured_media":0,"comment_status":"closed","ping_status":"closed","sticky":false,"template":"","format":"standard","meta":{"footnotes":""},"categories":[1],"tags":[],"class_list":["post-15573","post","type-post","status-publish","format-standard","hentry","category-noticias"],"jetpack_featured_media_url":"","_links":{"self":[{"href":"https:\/\/wp.ufpel.edu.br\/progep\/wp-json\/wp\/v2\/posts\/15573","targetHints":{"allow":["GET"]}}],"collection":[{"href":"https:\/\/wp.ufpel.edu.br\/progep\/wp-json\/wp\/v2\/posts"}],"about":[{"href":"https:\/\/wp.ufpel.edu.br\/progep\/wp-json\/wp\/v2\/types\/post"}],"author":[{"embeddable":true,"href":"https:\/\/wp.ufpel.edu.br\/progep\/wp-json\/wp\/v2\/users\/21"}],"replies":[{"embeddable":true,"href":"https:\/\/wp.ufpel.edu.br\/progep\/wp-json\/wp\/v2\/comments?post=15573"}],"version-history":[{"count":6,"href":"https:\/\/wp.ufpel.edu.br\/progep\/wp-json\/wp\/v2\/posts\/15573\/revisions"}],"predecessor-version":[{"id":15587,"href":"https:\/\/wp.ufpel.edu.br\/progep\/wp-json\/wp\/v2\/posts\/15573\/revisions\/15587"}],"wp:attachment":[{"href":"https:\/\/wp.ufpel.edu.br\/progep\/wp-json\/wp\/v2\/media?parent=15573"}],"wp:term":[{"taxonomy":"category","embeddable":true,"href":"https:\/\/wp.ufpel.edu.br\/progep\/wp-json\/wp\/v2\/categories?post=15573"},{"taxonomy":"post_tag","embeddable":true,"href":"https:\/\/wp.ufpel.edu.br\/progep\/wp-json\/wp\/v2\/tags?post=15573"}],"curies":[{"name":"wp","href":"https:\/\/api.w.org\/{rel}","templated":true}]}}