{"id":15559,"date":"2020-07-08T15:32:45","date_gmt":"2020-07-08T18:32:45","guid":{"rendered":"https:\/\/wp.ufpel.edu.br\/progep\/?p=15559"},"modified":"2020-07-08T15:58:52","modified_gmt":"2020-07-08T18:58:52","slug":"capacita-na-web-novas-rodas-de-conversa-servidor-participe","status":"publish","type":"post","link":"https:\/\/wp.ufpel.edu.br\/progep\/2020\/07\/08\/capacita-na-web-novas-rodas-de-conversa-servidor-participe\/","title":{"rendered":"Capacita na Web: novas rodas de conversa. Servidor, participe!"},"content":{"rendered":"<p>A Coordena\u00e7\u00e3o de Desenvolvimento de Pessoal est\u00e1 divulgando novos eventos do projeto <strong>Capacita na Web,\u00a0<\/strong>realizados na Plataforma Webconf da UFPEL. Vejam abaixo, a programa\u00e7\u00e3o das rodas de conversa:<\/p>\n<p>&nbsp;<\/p>\n<p><strong>17\/07\/2020<\/strong> (sexta-feira),<strong>\u00a0<\/strong>das 9h \u00e0s 12h<\/p>\n<p><strong><span style=\"color: #ff6600\">Roda de conversa sobre gastronomia: Comfort Food!<\/span><\/strong><\/p>\n<p>A a\u00e7\u00e3o tem como objetivo desmistificar a cozinha e suas t\u00e9cnicas, abordando preparos simples e dicas saud\u00e1vel para alimenta\u00e7\u00e3o do dia-a-dia.<\/p>\n<p>&nbsp;<\/p>\n<p><strong>21\/07\/2020<\/strong> (ter\u00e7a-feira),<strong>\u00a0<\/strong>das 09h \u00e0s 10h<\/p>\n<p><strong><span style=\"color: #ff6600\">Roda de conversa: Imuniza\u00e7\u00f5es em tempos de COVID 19<\/span><\/strong><\/p>\n<p>Esta a\u00e7\u00e3o ir\u00e1 abordar a import\u00e2ncia das vacinas, o calend\u00e1rio vacinal infantil b\u00e1sico e o calend\u00e1rio vacinal em adultos; a import\u00e2ncia da vacina da gripe; COVID-19, h\u00e1 esperan\u00e7a de vacinas.<\/p>\n<p>&nbsp;<\/p>\n<p>Todas as informa\u00e7\u00f5es sobre os eventos e o links para inscri\u00e7\u00f5es est\u00e3o dispon\u00edveis\u00a0<span style=\"color: #ff6600\"><strong><a style=\"color: #ff6600\" href=\"https:\/\/wp.ufpel.edu.br\/progep\/cdp\/nucleo-de-capacitacao\/acoes-de-capacitacao\/\">AQUI.<\/a><\/strong><\/span><\/p>\n","protected":false},"excerpt":{"rendered":"<p>A Coordena\u00e7\u00e3o de Desenvolvimento de Pessoal est\u00e1 divulgando novos eventos do projeto Capacita na Web,\u00a0realizados na Plataforma Webconf da UFPEL. Vejam abaixo, a programa\u00e7\u00e3o das rodas de conversa: &nbsp; 17\/07\/2020 (sexta-feira),\u00a0das 9h \u00e0s 12h Roda de conversa sobre gastronomia: Comfort Food! A a\u00e7\u00e3o tem como objetivo desmistificar a cozinha e suas t\u00e9cnicas, abordando preparos simples [&hellip;]<\/p>\n","protected":false},"author":21,"featured_media":0,"comment_status":"closed","ping_status":"closed","sticky":false,"template":"","format":"standard","meta":{"footnotes":""},"categories":[1],"tags":[],"class_list":["post-15559","post","type-post","status-publish","format-standard","hentry","category-noticias"],"jetpack_featured_media_url":"","_links":{"self":[{"href":"https:\/\/wp.ufpel.edu.br\/progep\/wp-json\/wp\/v2\/posts\/15559","targetHints":{"allow":["GET"]}}],"collection":[{"href":"https:\/\/wp.ufpel.edu.br\/progep\/wp-json\/wp\/v2\/posts"}],"about":[{"href":"https:\/\/wp.ufpel.edu.br\/progep\/wp-json\/wp\/v2\/types\/post"}],"author":[{"embeddable":true,"href":"https:\/\/wp.ufpel.edu.br\/progep\/wp-json\/wp\/v2\/users\/21"}],"replies":[{"embeddable":true,"href":"https:\/\/wp.ufpel.edu.br\/progep\/wp-json\/wp\/v2\/comments?post=15559"}],"version-history":[{"count":5,"href":"https:\/\/wp.ufpel.edu.br\/progep\/wp-json\/wp\/v2\/posts\/15559\/revisions"}],"predecessor-version":[{"id":15626,"href":"https:\/\/wp.ufpel.edu.br\/progep\/wp-json\/wp\/v2\/posts\/15559\/revisions\/15626"}],"wp:attachment":[{"href":"https:\/\/wp.ufpel.edu.br\/progep\/wp-json\/wp\/v2\/media?parent=15559"}],"wp:term":[{"taxonomy":"category","embeddable":true,"href":"https:\/\/wp.ufpel.edu.br\/progep\/wp-json\/wp\/v2\/categories?post=15559"},{"taxonomy":"post_tag","embeddable":true,"href":"https:\/\/wp.ufpel.edu.br\/progep\/wp-json\/wp\/v2\/tags?post=15559"}],"curies":[{"name":"wp","href":"https:\/\/api.w.org\/{rel}","templated":true}]}}