{"id":15452,"date":"2020-06-19T14:46:56","date_gmt":"2020-06-19T17:46:56","guid":{"rendered":"https:\/\/wp.ufpel.edu.br\/progep\/?p=15452"},"modified":"2022-09-26T21:13:48","modified_gmt":"2022-09-27T00:13:48","slug":"capacita-na-web-novas-rodas-de-conversa-participe","status":"publish","type":"post","link":"https:\/\/wp.ufpel.edu.br\/progep\/2020\/06\/19\/capacita-na-web-novas-rodas-de-conversa-participe\/","title":{"rendered":"Capacita na Web: novas rodas de conversa. Servidor, participe!"},"content":{"rendered":"<p class=\"Texto_Justificado_Recuo_Primeira_Linha\" style=\"text-align: justify\">A Coordena\u00e7\u00e3o de Desenvolvimento de Pessoal est\u00e1 divulgando novos eventos\u00a0que ser\u00e3o realizados no m\u00eas de Julho, atrav\u00e9s do projeto\u00a0<strong>Capacita na Web,\u00a0<\/strong>realizado na Plataforma Webconf da UFPEL.\u00a0Vejam abaixo, a programa\u00e7\u00e3o das rodas de conversa:<\/p>\n<p class=\"Texto_Justificado_Recuo_Primeira_Linha\" style=\"text-align: justify\"><strong>01\/07\/2020<\/strong> (quarta-feira), das 15h \u00e0s 16h:<br \/>\n<strong><span style=\"color: #ff6600\">Roda de Conversa: OS BENEF\u00cdCIOS DA COMPANHIA DE UM PET\u200b<\/span><\/strong>\u00a0<strong><br \/>\n<\/strong>Neste momento as pessoas precisam lidar com o isolamento social e, muitas vezes, experimentam n\u00edveis elevados de ansiedade, depress\u00e3o e estresse. Assim, neste encontro pretende-se abordar os benef\u00edcios da companhia dos animais de estima\u00e7\u00e3o e como eles s\u00e3o\u00a0capazes de responder afetuosamente \u00e0 aten\u00e7\u00e3o humana, provocar comportamentos pr\u00f3-sociais e sentimentos positivos, pois parecem possuir uma capacidade \u00fanica de servir como ponte emocional e de atuar como catalisadores sociais.\u00a0As formas e manifesta\u00e7\u00f5es de v\u00ednculos humanos com animais, principalmente com c\u00e3es, levaram \u00e0 sua ampla inclus\u00e3o em diferentes interven\u00e7\u00f5es educacionais e terap\u00eauticas.<\/p>\n<p class=\"Texto_Justificado_Recuo_Primeira_Linha\" style=\"text-align: justify\"><strong>02\/07\/2020<\/strong> (quinta-feira), das 15h \u00e0s 16h:<br \/>\n<strong><span style=\"color: #ff6600\">Roda de Conversa: CUIDANDO DA SA\u00daDE MENTAL: A ARTE DE REINVENTAR-SE EM TEMPOS DE PANDEMIA<\/span><br \/>\n<\/strong>As facilitadoras nos trazem reflex\u00f5es a respeito deste per\u00edodo em que suspendemos muitas das nossas atividades para nos isolarmos e evitar o Coronav\u00edrus, mas algumas coisas ainda podemos fazer e desfrutar&#8230; \u00c9 dif\u00edcil aceitar esta nova realidade que temos que enfrentar. O novo Coronav\u00edrus mudou completamente a nossa vida, modificando rotinas e trabalhos, prejudicando deste o maior at\u00e9 o menor, nesta engrenagem chamada mundo. Ningu\u00e9m est\u00e1 imune nestes momentos de crise. E tudo isso nos obriga a parar, a &#8220;desligar o motor do carro da nossa vida&#8221; e perceber nossa total fragilidade. Como seres humanos soci\u00e1veis, nossa ess\u00eancia n\u00e3o \u00e9 viver isolados e nem trancados. Isto \u00e9 o maior desafio para os dias \u00e0 nossa frente. N\u00e3o fomos feitos para ficar sozinhos, mas para viver em sociedade, para nos relacionar e criar v\u00ednculos. Por isso, o fato de saber que parte do ant\u00eddoto desta pandemia \u00e9 o afastar-se do outro, nos desestabiliza ainda mais.\u00a0 Por outro lado, este pode ser um per\u00edodo muito proveitoso para refletirmos, criarmos coisas diferentes, enfim reinventar e aprender a enfrentar o des\u00e2nimo, o estresse a ansiedade e viver uma nova rotina familiar.<\/p>\n<p class=\"Texto_Justificado_Recuo_Primeira_Linha\" style=\"text-align: justify\"><strong>08 de julho de 2020<\/strong> (quarta-feira), das 16h \u00e0s 17h:<br \/>\n<span style=\"color: #ff6600\"><strong>Roda de conversa: INTERNACIONALIZA\u00c7\u00c3O NO ENSINO SUPERIOR<\/strong><\/span><br \/>\nEsta a\u00e7\u00e3o de capacita\u00e7\u00e3o ir\u00e1 explorar aspectos gerais sobre a import\u00e2ncia da intenacionaliza\u00e7\u00e3o do ensino superior. Ser\u00e3o discutidos t\u00f3picos como: o que \u00e9 a internacionaliza\u00e7\u00e3o e qual seu objetivo; \u00a0quais os seus potenciais impactos na Universidade; a quem a internacionaliza\u00e7\u00e3o \u00e9 destinada; como est\u00e1 a internacionaliza\u00e7\u00e3o na UFPel; o planejamento estrat\u00e9gico para internacionaliza\u00e7\u00e3o da UFPel; o projeto institucional\u00a0de internacionaliza\u00e7\u00e3o; como fica a internacioaliza\u00e7\u00e3o\u00a0em tempos de pandemia; e qual o futuro da internacionaliza\u00e7\u00e3o.<\/p>\n<p>Todas as informa\u00e7\u00f5es sobre as capacita\u00e7\u00f5es e o link para inscri\u00e7\u00f5es est\u00e3o dispon\u00edveis <strong><span style=\"color: #ff6600\"><a style=\"color: #ff6600\" href=\"https:\/\/wp.ufpel.edu.br\/progep\/cdp\/nucleo-de-capacitacao\/acoes-de-capacitacao\/\">aqui<\/a>.<\/span><\/strong><\/p>\n","protected":false},"excerpt":{"rendered":"<p>A Coordena\u00e7\u00e3o de Desenvolvimento de Pessoal est\u00e1 divulgando novos eventos\u00a0que ser\u00e3o realizados no m\u00eas de Julho, atrav\u00e9s do projeto\u00a0Capacita na Web,\u00a0realizado na Plataforma Webconf da UFPEL.\u00a0Vejam abaixo, a programa\u00e7\u00e3o das rodas de conversa: 01\/07\/2020 (quarta-feira), das 15h \u00e0s 16h: Roda de Conversa: OS BENEF\u00cdCIOS DA COMPANHIA DE UM PET\u200b\u00a0 Neste momento as pessoas precisam lidar [&hellip;]<\/p>\n","protected":false},"author":21,"featured_media":0,"comment_status":"closed","ping_status":"closed","sticky":false,"template":"","format":"standard","meta":{"footnotes":""},"categories":[1],"tags":[],"class_list":["post-15452","post","type-post","status-publish","format-standard","hentry","category-noticias"],"jetpack_featured_media_url":"","_links":{"self":[{"href":"https:\/\/wp.ufpel.edu.br\/progep\/wp-json\/wp\/v2\/posts\/15452","targetHints":{"allow":["GET"]}}],"collection":[{"href":"https:\/\/wp.ufpel.edu.br\/progep\/wp-json\/wp\/v2\/posts"}],"about":[{"href":"https:\/\/wp.ufpel.edu.br\/progep\/wp-json\/wp\/v2\/types\/post"}],"author":[{"embeddable":true,"href":"https:\/\/wp.ufpel.edu.br\/progep\/wp-json\/wp\/v2\/users\/21"}],"replies":[{"embeddable":true,"href":"https:\/\/wp.ufpel.edu.br\/progep\/wp-json\/wp\/v2\/comments?post=15452"}],"version-history":[{"count":8,"href":"https:\/\/wp.ufpel.edu.br\/progep\/wp-json\/wp\/v2\/posts\/15452\/revisions"}],"predecessor-version":[{"id":15469,"href":"https:\/\/wp.ufpel.edu.br\/progep\/wp-json\/wp\/v2\/posts\/15452\/revisions\/15469"}],"wp:attachment":[{"href":"https:\/\/wp.ufpel.edu.br\/progep\/wp-json\/wp\/v2\/media?parent=15452"}],"wp:term":[{"taxonomy":"category","embeddable":true,"href":"https:\/\/wp.ufpel.edu.br\/progep\/wp-json\/wp\/v2\/categories?post=15452"},{"taxonomy":"post_tag","embeddable":true,"href":"https:\/\/wp.ufpel.edu.br\/progep\/wp-json\/wp\/v2\/tags?post=15452"}],"curies":[{"name":"wp","href":"https:\/\/api.w.org\/{rel}","templated":true}]}}