{"id":15426,"date":"2020-06-19T09:18:39","date_gmt":"2020-06-19T12:18:39","guid":{"rendered":"https:\/\/wp.ufpel.edu.br\/progep\/?p=15426"},"modified":"2022-09-26T21:13:44","modified_gmt":"2022-09-27T00:13:44","slug":"capacita-na-web-a-pandemia-pode-desengajar-as-pessoas-participe","status":"publish","type":"post","link":"https:\/\/wp.ufpel.edu.br\/progep\/2020\/06\/19\/capacita-na-web-a-pandemia-pode-desengajar-as-pessoas-participe\/","title":{"rendered":"Capacita na Web:  A PANDEMIA PODE (DES)ENGAJAR AS PESSOAS! &#8211; Participe!"},"content":{"rendered":"<p style=\"text-align: center\">A Coordena\u00e7\u00e3o de Desenvolvimento de Pessoal (CDP\/PROGEP) convida os servidores da UFPel para participarem da roda de conversa:<\/p>\n<p style=\"text-align: center\"><strong><span style=\"color: #0000ff\">A PANDEMIA PODE (DES)ENGAJAR AS PESSOAS<\/span><br \/>\n<\/strong><span style=\"font-size: 10pt\">com a Prof.\u00aa Andr\u00e9ia Silveira Athaydes (ULBRA \u2013 Universidade Luterana do Brasil)<\/span><\/p>\n<p>A a\u00e7\u00e3o que ser\u00e1 realizada no dia <strong>23 de junho de 2020<\/strong> (ter\u00e7a-feira), das 09h \u00e0s 10h,\u00a0 na plataforma Webconf da UFPel, e abordar\u00e1 elementos formadores da cultura organizacional (valores compartilhados, artefatos e pressupostos b\u00e1sicos) e a adapta\u00e7\u00e3o deles em momento de pandemia.<\/p>\n<p>As inscri\u00e7\u00f5es podem ser realizadas em: <span style=\"color: #0000ff\"><a style=\"color: #0000ff\" href=\"https:\/\/wp.ufpel.edu.br\/progep\/capacita-na-web-roda-de-conversa-a-pandemia-pode-desengajar-as-pessoas\/\">https:\/\/wp.ufpel.edu.br\/progep\/capacita-na-web-roda-de-conversa-a-pandemia-pode-desengajar-as-pessoas\/<\/a><\/span><\/p>\n<p>Na data prevista para realiza\u00e7\u00e3o, a a\u00e7\u00e3o poder\u00e1 ser acessada atrav\u00e9s do link: <span style=\"color: #3366ff\">https:\/\/webconf.ufpel.edu.br\/b\/jul-znd-avn<\/span><\/p>\n","protected":false},"excerpt":{"rendered":"<p>A Coordena\u00e7\u00e3o de Desenvolvimento de Pessoal (CDP\/PROGEP) convida os servidores da UFPel para participarem da roda de conversa: A PANDEMIA PODE (DES)ENGAJAR AS PESSOAS com a Prof.\u00aa Andr\u00e9ia Silveira Athaydes (ULBRA \u2013 Universidade Luterana do Brasil) A a\u00e7\u00e3o que ser\u00e1 realizada no dia 23 de junho de 2020 (ter\u00e7a-feira), das 09h \u00e0s 10h,\u00a0 na plataforma [&hellip;]<\/p>\n","protected":false},"author":21,"featured_media":0,"comment_status":"closed","ping_status":"closed","sticky":false,"template":"","format":"standard","meta":{"footnotes":""},"categories":[1],"tags":[],"class_list":["post-15426","post","type-post","status-publish","format-standard","hentry","category-noticias"],"jetpack_featured_media_url":"","_links":{"self":[{"href":"https:\/\/wp.ufpel.edu.br\/progep\/wp-json\/wp\/v2\/posts\/15426","targetHints":{"allow":["GET"]}}],"collection":[{"href":"https:\/\/wp.ufpel.edu.br\/progep\/wp-json\/wp\/v2\/posts"}],"about":[{"href":"https:\/\/wp.ufpel.edu.br\/progep\/wp-json\/wp\/v2\/types\/post"}],"author":[{"embeddable":true,"href":"https:\/\/wp.ufpel.edu.br\/progep\/wp-json\/wp\/v2\/users\/21"}],"replies":[{"embeddable":true,"href":"https:\/\/wp.ufpel.edu.br\/progep\/wp-json\/wp\/v2\/comments?post=15426"}],"version-history":[{"count":9,"href":"https:\/\/wp.ufpel.edu.br\/progep\/wp-json\/wp\/v2\/posts\/15426\/revisions"}],"predecessor-version":[{"id":15435,"href":"https:\/\/wp.ufpel.edu.br\/progep\/wp-json\/wp\/v2\/posts\/15426\/revisions\/15435"}],"wp:attachment":[{"href":"https:\/\/wp.ufpel.edu.br\/progep\/wp-json\/wp\/v2\/media?parent=15426"}],"wp:term":[{"taxonomy":"category","embeddable":true,"href":"https:\/\/wp.ufpel.edu.br\/progep\/wp-json\/wp\/v2\/categories?post=15426"},{"taxonomy":"post_tag","embeddable":true,"href":"https:\/\/wp.ufpel.edu.br\/progep\/wp-json\/wp\/v2\/tags?post=15426"}],"curies":[{"name":"wp","href":"https:\/\/api.w.org\/{rel}","templated":true}]}}