{"id":15331,"date":"2020-06-17T14:24:53","date_gmt":"2020-06-17T17:24:53","guid":{"rendered":"https:\/\/wp.ufpel.edu.br\/progep\/?p=15331"},"modified":"2020-06-17T14:25:47","modified_gmt":"2020-06-17T17:25:47","slug":"edital-de-apoio-a-capacitacao-de-servidores-em-acoes-na-modalidade-a-distancia-2","status":"publish","type":"post","link":"https:\/\/wp.ufpel.edu.br\/progep\/2020\/06\/17\/edital-de-apoio-a-capacitacao-de-servidores-em-acoes-na-modalidade-a-distancia-2\/","title":{"rendered":"Edital de apoio \u00e0 Capacita\u00e7\u00e3o de Servidores em A\u00e7\u00f5es na Modalidade a Dist\u00e2ncia"},"content":{"rendered":"<p style=\"text-align: justify\">A Coordena\u00e7\u00e3o de Desenvolvimento de Pessoal (CDP\/PROGEP) torna p\u00fablico o Edital de Apoio \u00e0 Capacita\u00e7\u00e3o na MODALIDADE A DIST\u00c2NCIA (<span style=\"color: #ff6600\"><a style=\"color: #ff6600\" href=\"http:\/\/Edital PROGEP 3 (0976295)\">0976295<\/a><\/span>), destinado aos servidores do quadro permanente da Universidade Federal de Pelotas, conforme\u00a0<a href=\"http:\/\/Memorando-Circular 10 (0977642)\"><span style=\"color: #ff6600\">Memorando-Circular 10 (0977642)<\/span>.<\/a><\/p>\n<p style=\"text-align: justify\">O objetivo \u00e9 oportunizar o desenvolvimento integral dos servidores por meio da capacita\u00e7\u00e3o mediante aux\u00edlio para participa\u00e7\u00e3o em a\u00e7\u00e3o de capacita\u00e7\u00e3o, via web, desde que a a\u00e7\u00e3o seja de educa\u00e7\u00e3o n\u00e3o formal; esteja prevista no Plano de Desenvolvimento de Pessoas 2020; alinhada ao desenvolvimento do servidor nas compet\u00eancias relativas a sua Unidade de lota\u00e7\u00e3o\/a sua carreira\/cargo efetivo ou ao cargo de dire\u00e7\u00e3o\/fun\u00e7\u00e3o gratificada; e ocorra entre julho e dezembro de 2020.<\/p>\n<p style=\"text-align: justify\">As informa\u00e7\u00f5es necess\u00e1rias para realiza\u00e7\u00e3o da inscri\u00e7\u00e3o constam no referido Edital de Apoio\u00a0e\u00a0qualquer esclarecimento deve ser solicitado \u00e0 CDP pelo e-mail cdp.capacita@ufpel.edu.br ou pelos telefones 3284-3979 e 3284-3980.<\/p>\n<p>&nbsp;<\/p>\n","protected":false},"excerpt":{"rendered":"<p>A Coordena\u00e7\u00e3o de Desenvolvimento de Pessoal (CDP\/PROGEP) torna p\u00fablico o Edital de Apoio \u00e0 Capacita\u00e7\u00e3o na MODALIDADE A DIST\u00c2NCIA (0976295), destinado aos servidores do quadro permanente da Universidade Federal de Pelotas, conforme\u00a0Memorando-Circular 10 (0977642). O objetivo \u00e9 oportunizar o desenvolvimento integral dos servidores por meio da capacita\u00e7\u00e3o mediante aux\u00edlio para participa\u00e7\u00e3o em a\u00e7\u00e3o de capacita\u00e7\u00e3o, [&hellip;]<\/p>\n","protected":false},"author":21,"featured_media":0,"comment_status":"closed","ping_status":"closed","sticky":false,"template":"","format":"standard","meta":{"footnotes":""},"categories":[1],"tags":[],"class_list":["post-15331","post","type-post","status-publish","format-standard","hentry","category-noticias"],"jetpack_featured_media_url":"","_links":{"self":[{"href":"https:\/\/wp.ufpel.edu.br\/progep\/wp-json\/wp\/v2\/posts\/15331","targetHints":{"allow":["GET"]}}],"collection":[{"href":"https:\/\/wp.ufpel.edu.br\/progep\/wp-json\/wp\/v2\/posts"}],"about":[{"href":"https:\/\/wp.ufpel.edu.br\/progep\/wp-json\/wp\/v2\/types\/post"}],"author":[{"embeddable":true,"href":"https:\/\/wp.ufpel.edu.br\/progep\/wp-json\/wp\/v2\/users\/21"}],"replies":[{"embeddable":true,"href":"https:\/\/wp.ufpel.edu.br\/progep\/wp-json\/wp\/v2\/comments?post=15331"}],"version-history":[{"count":3,"href":"https:\/\/wp.ufpel.edu.br\/progep\/wp-json\/wp\/v2\/posts\/15331\/revisions"}],"predecessor-version":[{"id":15334,"href":"https:\/\/wp.ufpel.edu.br\/progep\/wp-json\/wp\/v2\/posts\/15331\/revisions\/15334"}],"wp:attachment":[{"href":"https:\/\/wp.ufpel.edu.br\/progep\/wp-json\/wp\/v2\/media?parent=15331"}],"wp:term":[{"taxonomy":"category","embeddable":true,"href":"https:\/\/wp.ufpel.edu.br\/progep\/wp-json\/wp\/v2\/categories?post=15331"},{"taxonomy":"post_tag","embeddable":true,"href":"https:\/\/wp.ufpel.edu.br\/progep\/wp-json\/wp\/v2\/tags?post=15331"}],"curies":[{"name":"wp","href":"https:\/\/api.w.org\/{rel}","templated":true}]}}