{"id":15293,"date":"2020-06-16T09:19:13","date_gmt":"2020-06-16T12:19:13","guid":{"rendered":"https:\/\/wp.ufpel.edu.br\/progep\/?p=15293"},"modified":"2022-09-26T21:13:27","modified_gmt":"2022-09-27T00:13:27","slug":"doacao-de-sangue-da-doacao-a-transfusao-roda-de-conversa-amanha-na-webconf-da-ufpel","status":"publish","type":"post","link":"https:\/\/wp.ufpel.edu.br\/progep\/2020\/06\/16\/doacao-de-sangue-da-doacao-a-transfusao-roda-de-conversa-amanha-na-webconf-da-ufpel\/","title":{"rendered":"&#8220;Doa\u00e7\u00e3o de sangue: da Doa\u00e7\u00e3o a Transfus\u00e3o&#8221; &#8211; Roda de Conversa ocorrer\u00e1 amanh\u00e3 na Webconf da UFPel"},"content":{"rendered":"<p style=\"text-align: justify\">A Coordena\u00e7\u00e3o de Desenvolvimento de Pessoal (CDP) divulga que a roda de conversa <span style=\"color: #0000ff\"><strong>&#8220;Doa\u00e7\u00e3o de sangue: da Doa\u00e7\u00e3o a Transfus\u00e3o&#8221;<\/strong><\/span> ser\u00e1 realizada amanh\u00e3 dia <strong>17\/06 (quarta-feira)<\/strong>, das 09h \u00e0s 10h, na Plataforma Webconf da UFPel e ser\u00e1 conduzida pela docente da UFPel, Prof.\u00aa Cec\u00edlia Fernandes Lorea e Enfermeira do HEMOPEL, Isabel Cristina Borges Savedra<\/p>\n<p style=\"text-align: justify\">Na semana em que foi comemorado o <span style=\"color: #000000\"><strong>Dia Mundial do Doador de Sangue<\/strong><\/span> (14 de junho) esta \u00e9 uma a\u00e7\u00e3o para lembrarmos da import\u00e2ncia da solidariedade em tempos de pandemia. A roda de conversa faz parte do Projeto Capacita na Web e pretende abordar as principais d\u00favidas e anseios sobre doa\u00e7\u00e3o de sangue, os procedimento da doa\u00e7\u00e3o como um todo, at\u00e9 a infus\u00e3o no receptor. Al\u00e9m disso, a a\u00e7\u00e3o visa esclarecer os cuidados que s\u00e3o tomados com o doador e o receptor no momento da transfus\u00e3o e os crit\u00e9rios de aptid\u00e3o do doador e por quais motivos eles s\u00e3o determinados .<\/p>\n<p>A sala virtual estar\u00e1 dispon\u00edvel amanh\u00e3, a partir das 08h30min atrav\u00e9s do link: <span style=\"color: #0000ff\">https:\/\/webconf.ufpel.edu.br\/b\/jul-6gf-u2p<\/span><\/p>\n<p>Ser\u00e3o emitidos certificados aos participantes (<span style=\"font-size: 12pt\"><strong>servidores docentes e TAE&#8217;s ativos<\/strong><\/span>) atrav\u00e9s do sistema Cobalto.<\/p>\n","protected":false},"excerpt":{"rendered":"<p>A Coordena\u00e7\u00e3o de Desenvolvimento de Pessoal (CDP) divulga que a roda de conversa &#8220;Doa\u00e7\u00e3o de sangue: da Doa\u00e7\u00e3o a Transfus\u00e3o&#8221; ser\u00e1 realizada amanh\u00e3 dia 17\/06 (quarta-feira), das 09h \u00e0s 10h, na Plataforma Webconf da UFPel e ser\u00e1 conduzida pela docente da UFPel, Prof.\u00aa Cec\u00edlia Fernandes Lorea e Enfermeira do HEMOPEL, Isabel Cristina Borges Savedra Na [&hellip;]<\/p>\n","protected":false},"author":21,"featured_media":0,"comment_status":"closed","ping_status":"closed","sticky":false,"template":"","format":"standard","meta":{"footnotes":""},"categories":[1],"tags":[],"class_list":["post-15293","post","type-post","status-publish","format-standard","hentry","category-noticias"],"jetpack_featured_media_url":"","_links":{"self":[{"href":"https:\/\/wp.ufpel.edu.br\/progep\/wp-json\/wp\/v2\/posts\/15293","targetHints":{"allow":["GET"]}}],"collection":[{"href":"https:\/\/wp.ufpel.edu.br\/progep\/wp-json\/wp\/v2\/posts"}],"about":[{"href":"https:\/\/wp.ufpel.edu.br\/progep\/wp-json\/wp\/v2\/types\/post"}],"author":[{"embeddable":true,"href":"https:\/\/wp.ufpel.edu.br\/progep\/wp-json\/wp\/v2\/users\/21"}],"replies":[{"embeddable":true,"href":"https:\/\/wp.ufpel.edu.br\/progep\/wp-json\/wp\/v2\/comments?post=15293"}],"version-history":[{"count":20,"href":"https:\/\/wp.ufpel.edu.br\/progep\/wp-json\/wp\/v2\/posts\/15293\/revisions"}],"predecessor-version":[{"id":15316,"href":"https:\/\/wp.ufpel.edu.br\/progep\/wp-json\/wp\/v2\/posts\/15293\/revisions\/15316"}],"wp:attachment":[{"href":"https:\/\/wp.ufpel.edu.br\/progep\/wp-json\/wp\/v2\/media?parent=15293"}],"wp:term":[{"taxonomy":"category","embeddable":true,"href":"https:\/\/wp.ufpel.edu.br\/progep\/wp-json\/wp\/v2\/categories?post=15293"},{"taxonomy":"post_tag","embeddable":true,"href":"https:\/\/wp.ufpel.edu.br\/progep\/wp-json\/wp\/v2\/tags?post=15293"}],"curies":[{"name":"wp","href":"https:\/\/api.w.org\/{rel}","templated":true}]}}