{"id":15290,"date":"2020-06-15T17:40:58","date_gmt":"2020-06-15T20:40:58","guid":{"rendered":"https:\/\/wp.ufpel.edu.br\/progep\/?p=15290"},"modified":"2022-09-26T21:13:23","modified_gmt":"2022-09-27T00:13:23","slug":"curso-de-formacao-continuada-para-educacao-de-surdos-no-ensino-superior-nova-capacitacao","status":"publish","type":"post","link":"https:\/\/wp.ufpel.edu.br\/progep\/2020\/06\/15\/curso-de-formacao-continuada-para-educacao-de-surdos-no-ensino-superior-nova-capacitacao\/","title":{"rendered":"Curso de Forma\u00e7\u00e3o Continuada para Educa\u00e7\u00e3o de Surdos no Ensino Superior &#8211; Nova capacita\u00e7\u00e3o!"},"content":{"rendered":"<p style=\"text-align: justify\">A Coordena\u00e7\u00e3o de Desenvolvimento de Pessoal (CDP\/PROGEP) comunica que abriu inscri\u00e7\u00f5es para o <span style=\"color: #ff6600\"><strong>CURSO DE FORMA\u00c7\u00c3O CONTINUADA PARA EDUCA\u00c7\u00c3O DE SURDOS NO ENSINO SUPERIOR<\/strong><\/span>, que ser\u00e1 realizado na modalidade <em>on-line (<\/em>com tutoria), no ambiente virtual de aprendizagem\u00a0 da UFPel (AVA-Moodle).<\/p>\n<p style=\"text-align: justify\">A capacita\u00e7\u00e3o ser\u00e1 realizada de 29 de junho a 06 de setembro de 2020 e tem\u00a0como objetivo propiciar a forma\u00e7\u00e3o de servidores para o ensino de alunos surdos em uma perspectiva bil\u00edngue no Ensino Superior, qualificando a pr\u00e1tica docente em diversas \u00e1reas.<\/p>\n<p style=\"text-align: justify\">Todas as informa\u00e7\u00f5es sobre a a\u00e7\u00e3o de capacita\u00e7\u00e3o e o link para inscri\u00e7\u00f5es est\u00e3o dispon\u00edveis <strong><span style=\"color: #ff6600\"><a style=\"color: #ff6600\" href=\"https:\/\/wp.ufpel.edu.br\/progep\/curso-de-formacao-continuada-para-educacao-de-surdos-no-ensino-superior\/\">AQUI!<\/a><\/span><\/strong><\/p>\n","protected":false},"excerpt":{"rendered":"<p>A Coordena\u00e7\u00e3o de Desenvolvimento de Pessoal (CDP\/PROGEP) comunica que abriu inscri\u00e7\u00f5es para o CURSO DE FORMA\u00c7\u00c3O CONTINUADA PARA EDUCA\u00c7\u00c3O DE SURDOS NO ENSINO SUPERIOR, que ser\u00e1 realizado na modalidade on-line (com tutoria), no ambiente virtual de aprendizagem\u00a0 da UFPel (AVA-Moodle). A capacita\u00e7\u00e3o ser\u00e1 realizada de 29 de junho a 06 de setembro de 2020 e [&hellip;]<\/p>\n","protected":false},"author":21,"featured_media":0,"comment_status":"closed","ping_status":"closed","sticky":false,"template":"","format":"standard","meta":{"footnotes":""},"categories":[1],"tags":[],"class_list":["post-15290","post","type-post","status-publish","format-standard","hentry","category-noticias"],"jetpack_featured_media_url":"","_links":{"self":[{"href":"https:\/\/wp.ufpel.edu.br\/progep\/wp-json\/wp\/v2\/posts\/15290","targetHints":{"allow":["GET"]}}],"collection":[{"href":"https:\/\/wp.ufpel.edu.br\/progep\/wp-json\/wp\/v2\/posts"}],"about":[{"href":"https:\/\/wp.ufpel.edu.br\/progep\/wp-json\/wp\/v2\/types\/post"}],"author":[{"embeddable":true,"href":"https:\/\/wp.ufpel.edu.br\/progep\/wp-json\/wp\/v2\/users\/21"}],"replies":[{"embeddable":true,"href":"https:\/\/wp.ufpel.edu.br\/progep\/wp-json\/wp\/v2\/comments?post=15290"}],"version-history":[{"count":1,"href":"https:\/\/wp.ufpel.edu.br\/progep\/wp-json\/wp\/v2\/posts\/15290\/revisions"}],"predecessor-version":[{"id":15292,"href":"https:\/\/wp.ufpel.edu.br\/progep\/wp-json\/wp\/v2\/posts\/15290\/revisions\/15292"}],"wp:attachment":[{"href":"https:\/\/wp.ufpel.edu.br\/progep\/wp-json\/wp\/v2\/media?parent=15290"}],"wp:term":[{"taxonomy":"category","embeddable":true,"href":"https:\/\/wp.ufpel.edu.br\/progep\/wp-json\/wp\/v2\/categories?post=15290"},{"taxonomy":"post_tag","embeddable":true,"href":"https:\/\/wp.ufpel.edu.br\/progep\/wp-json\/wp\/v2\/tags?post=15290"}],"curies":[{"name":"wp","href":"https:\/\/api.w.org\/{rel}","templated":true}]}}