{"id":15176,"date":"2020-06-08T14:48:51","date_gmt":"2020-06-08T17:48:51","guid":{"rendered":"https:\/\/wp.ufpel.edu.br\/progep\/?p=15176"},"modified":"2022-09-26T21:13:17","modified_gmt":"2022-09-27T00:13:17","slug":"rodas-de-conversa-do-capacita-na-web-servidor-inscreva-se","status":"publish","type":"post","link":"https:\/\/wp.ufpel.edu.br\/progep\/2020\/06\/08\/rodas-de-conversa-do-capacita-na-web-servidor-inscreva-se\/","title":{"rendered":"Rodas de Conversa do Capacita na Web Servidor, inscreva-se!"},"content":{"rendered":"<p style=\"text-align: justify\">A Coordena\u00e7\u00e3o de Desenvolvimento de Pessoal est\u00e1 promovendo novos eventos, atrav\u00e9s do projeto <strong>Capacita na Web, <\/strong>realizado na Plataforma Webconf da UFPEL.\u00a0Veja a programa\u00e7\u00e3o das rodas de conversa:<b><i><br \/>\n<\/i><\/b><\/p>\n<p><b><i>17 \/06 &#8211; quarta-feira<\/i><\/b><\/p>\n<p><i>\u00a0 <\/i><i>\u00a0<\/i><i>09h<\/i> \u00a0<span style=\"color: #ff6600\"><b><i>DOA\u00c7\u00c3O DE SANGUE: da Doa\u00e7\u00e3o a <\/i><\/b><b><i>Transfus\u00e3o<\/i><\/b><\/span><\/p>\n<p style=\"text-align: justify\">A\u00e7\u00e3o pretende abordar as principais d\u00favidas e anseios sobre doa\u00e7\u00e3o de sangue, os procedimento da doa\u00e7\u00e3o como um todo, at\u00e9 a infus\u00e3o no receptor. Al\u00e9m disso, a a\u00e7\u00e3o visa esclarecer os cuidados que s\u00e3o tomados com o doador e o receptor no momento da transfus\u00e3o e os crit\u00e9rios de aptid\u00e3o do doador e por quais motivos eles s\u00e3o determinados .<\/p>\n<p><b><i>18 \/06 &#8211; quinta-feira<\/i><\/b><\/p>\n<p><i>\u00a0 <\/i><i>\u00a0<\/i><i>09h<\/i> \u00a0<span style=\"color: #ff6600\"><b><i>MEIO <\/i><\/b><b><i>AMBIENTE, SOCIEDADE E PANDEMIA<\/i><\/b><\/span><\/p>\n<p>Como a pandemia interfere na sociedade, quais as consequ\u00eancias e os impactos causados ao meio ambiente e pontos positivos e negativos, ser\u00e3o os temas abordados\u00a0 nesta roda de conversa.<\/p>\n<p><b><i>\u00a0<\/i><\/b><b><i>23\/06 &#8211; ter\u00e7a-feira<\/i><\/b><\/p>\n<p><i>\u00a0 <\/i><i>\u00a009h\u00a0 <\/i><span style=\"color: #ff6600\"><b><i>A <\/i><\/b><b><i>PANDEMIA PODE (DES)ENGAJAR AS PESSOAS!<\/i><\/b><\/span><\/p>\n<p style=\"text-align: justify\">O encontro tem por objetivo o compartilhamento de ideias a respeito dos elementos formadores da cultura organizacional (valores compartilhados, artefatos e pressupostos b\u00e1sicos) e a adapta\u00e7\u00e3o deles em momento \u00a0 de pandemia.<\/p>\n<p><b><i>\u00a0<\/i><\/b><b><i>24\/06 &#8211; quarta-feira<\/i><\/b><\/p>\n<p><i>\u00a0 <\/i><i>14h\u00a0 <span style=\"color: #ff6600\"><b>A MEDITA\u00c7\u00c3O COMO FERRAMENTA PARA CULTIVAR O EQUIL\u00cdBRIO EMOCIONAL <\/b><\/span><\/i><i><span style=\"color: #ff6600\"><b>EM TEMPOS DIF\u00cdCEIS<\/b><\/span><\/i><\/p>\n<p>A pr\u00e1tica de medita\u00e7\u00e3o nos possibilita o equil\u00edbrio e a chance de enxergar possibilidades diferentes, encontrando no sil\u00eancio e quietude um lugar de ref\u00fagio. Nessa roda de conversa teremos a possibilidade de interagir sobre nossos anseios, experimentar pr\u00e1ticas de respira\u00e7\u00e3o consciente e de relaxamento do corpo, desenvolvendo habilidades internas para lidar com as adversidades da vida cotidiana.<\/p>\n<p><b><i>25\/06 &#8211; quinta-feira<\/i><\/b><\/p>\n<p><i>\u00a0 <\/i><i>14h 30min\u00a0 <\/i><span style=\"color: #ff6600\"><b><i>HOME OFFICE SEGURO: DICAS DE PROTE\u00c7\u00c3O PARA SEU AMBIENTE PROFISSIONAL E PESSOAL<\/i><\/b><\/span><\/p>\n<p>O encontro tem como objetivo disseminar a\u00e7\u00f5es pr\u00e1ticas e preventivas que minimizam efetivamente os riscos \u00e0 seguran\u00e7a da informa\u00e7\u00e3o nos ambientes familiares e empresariais. Ser\u00e3o discutidos aspectos sobre: backups; cuidados com phishing; compras e transa\u00e7\u00f5es banc\u00e1rias seguras; import\u00e2ncia de a\u00e7\u00f5es como atualiza\u00e7\u00e3o dos dispositivos computacionais e utiliza\u00e7\u00e3o de antiv\u00edrus; estrat\u00e9gias para cria\u00e7\u00e3o de senhas f\u00e1ceis de serem memorizadas e dif\u00edceis de serem comprometidas; entre outros. Os participantes ser\u00e3o estimulados a aplicarem as t\u00e9cnicas abordadas em aula nos seus contextos familiares e profissionais.<\/p>\n<p style=\"text-align: justify\">Todas as informa\u00e7\u00f5es sobre os eventos e o links para inscri\u00e7\u00f5es est\u00e3o dispon\u00edveis\u00a0<strong><span style=\"color: #ff6600\"><a style=\"color: #ff6600\" href=\"https:\/\/wp.ufpel.edu.br\/progep\/cdp\/nucleo-de-capacitacao\/acoes-de-capacitacao\/\">AQUI.<\/a><\/span><\/strong><\/p>\n","protected":false},"excerpt":{"rendered":"<p>A Coordena\u00e7\u00e3o de Desenvolvimento de Pessoal est\u00e1 promovendo novos eventos, atrav\u00e9s do projeto Capacita na Web, realizado na Plataforma Webconf da UFPEL.\u00a0Veja a programa\u00e7\u00e3o das rodas de conversa: 17 \/06 &#8211; quarta-feira \u00a0 \u00a009h \u00a0DOA\u00c7\u00c3O DE SANGUE: da Doa\u00e7\u00e3o a Transfus\u00e3o A\u00e7\u00e3o pretende abordar as principais d\u00favidas e anseios sobre doa\u00e7\u00e3o de sangue, os procedimento [&hellip;]<\/p>\n","protected":false},"author":21,"featured_media":0,"comment_status":"closed","ping_status":"closed","sticky":false,"template":"","format":"standard","meta":{"footnotes":""},"categories":[1],"tags":[],"class_list":["post-15176","post","type-post","status-publish","format-standard","hentry","category-noticias"],"jetpack_featured_media_url":"","_links":{"self":[{"href":"https:\/\/wp.ufpel.edu.br\/progep\/wp-json\/wp\/v2\/posts\/15176","targetHints":{"allow":["GET"]}}],"collection":[{"href":"https:\/\/wp.ufpel.edu.br\/progep\/wp-json\/wp\/v2\/posts"}],"about":[{"href":"https:\/\/wp.ufpel.edu.br\/progep\/wp-json\/wp\/v2\/types\/post"}],"author":[{"embeddable":true,"href":"https:\/\/wp.ufpel.edu.br\/progep\/wp-json\/wp\/v2\/users\/21"}],"replies":[{"embeddable":true,"href":"https:\/\/wp.ufpel.edu.br\/progep\/wp-json\/wp\/v2\/comments?post=15176"}],"version-history":[{"count":31,"href":"https:\/\/wp.ufpel.edu.br\/progep\/wp-json\/wp\/v2\/posts\/15176\/revisions"}],"predecessor-version":[{"id":15317,"href":"https:\/\/wp.ufpel.edu.br\/progep\/wp-json\/wp\/v2\/posts\/15176\/revisions\/15317"}],"wp:attachment":[{"href":"https:\/\/wp.ufpel.edu.br\/progep\/wp-json\/wp\/v2\/media?parent=15176"}],"wp:term":[{"taxonomy":"category","embeddable":true,"href":"https:\/\/wp.ufpel.edu.br\/progep\/wp-json\/wp\/v2\/categories?post=15176"},{"taxonomy":"post_tag","embeddable":true,"href":"https:\/\/wp.ufpel.edu.br\/progep\/wp-json\/wp\/v2\/tags?post=15176"}],"curies":[{"name":"wp","href":"https:\/\/api.w.org\/{rel}","templated":true}]}}