{"id":15158,"date":"2020-06-03T16:36:37","date_gmt":"2020-06-03T19:36:37","guid":{"rendered":"https:\/\/wp.ufpel.edu.br\/progep\/?p=15158"},"modified":"2020-06-03T16:46:20","modified_gmt":"2020-06-03T19:46:20","slug":"curso-libreoffice-calc-basico","status":"publish","type":"post","link":"https:\/\/wp.ufpel.edu.br\/progep\/2020\/06\/03\/curso-libreoffice-calc-basico\/","title":{"rendered":"Curso LibreOffice Calc &#8211; B\u00e1sico"},"content":{"rendered":"<p style=\"text-align: justify\">A Coordena\u00e7\u00e3o de Desenvolvimento de Pessoal (CDP\/PROGEP) comunica que abriu inscri\u00e7\u00f5es para o curso <strong>LibreOffice Calc &#8211; B\u00e1sico<\/strong>, que ser\u00e1 realizado na modalidade <em>on line (<\/em>com tutoria), no ambiente virtual de aprendizagem (AVA-Moodle).<\/p>\n<p style=\"text-align: justify\">O curso ser\u00e1 realizado de 15 de junho a 15 de julho de 2020, tendo como\u00a0objetivo capacitar os servidores para trabalharem com esse programa de planilhas a partir da instala\u00e7\u00e3o e configura\u00e7\u00e3o, recursos, inser\u00e7\u00e3o de dados,\u00a0formata\u00e7\u00e3o b\u00e1sica, classifica\u00e7\u00e3o de dados, introdu\u00e7\u00e3o ao uso de fun\u00e7\u00f5es e gera\u00e7\u00e3o de gr\u00e1ficos.<\/p>\n<p>Todas as informa\u00e7\u00f5es sobre a capacita\u00e7\u00e3o e o link para inscri\u00e7\u00f5es est\u00e3o dispon\u00edveis<strong>\u00a0<span style=\"color: #ff6600\"><a style=\"color: #ff6600\" href=\"https:\/\/wp.ufpel.edu.br\/progep\/cdp\/nucleo-de-capacitacao\/acoes-de-capacitacao\/\">aqui<\/a>.<\/span><\/strong><\/p>\n","protected":false},"excerpt":{"rendered":"<p>A Coordena\u00e7\u00e3o de Desenvolvimento de Pessoal (CDP\/PROGEP) comunica que abriu inscri\u00e7\u00f5es para o curso LibreOffice Calc &#8211; B\u00e1sico, que ser\u00e1 realizado na modalidade on line (com tutoria), no ambiente virtual de aprendizagem (AVA-Moodle). O curso ser\u00e1 realizado de 15 de junho a 15 de julho de 2020, tendo como\u00a0objetivo capacitar os servidores para trabalharem com [&hellip;]<\/p>\n","protected":false},"author":21,"featured_media":0,"comment_status":"closed","ping_status":"closed","sticky":false,"template":"","format":"standard","meta":{"footnotes":""},"categories":[1],"tags":[],"class_list":["post-15158","post","type-post","status-publish","format-standard","hentry","category-noticias"],"jetpack_featured_media_url":"","_links":{"self":[{"href":"https:\/\/wp.ufpel.edu.br\/progep\/wp-json\/wp\/v2\/posts\/15158","targetHints":{"allow":["GET"]}}],"collection":[{"href":"https:\/\/wp.ufpel.edu.br\/progep\/wp-json\/wp\/v2\/posts"}],"about":[{"href":"https:\/\/wp.ufpel.edu.br\/progep\/wp-json\/wp\/v2\/types\/post"}],"author":[{"embeddable":true,"href":"https:\/\/wp.ufpel.edu.br\/progep\/wp-json\/wp\/v2\/users\/21"}],"replies":[{"embeddable":true,"href":"https:\/\/wp.ufpel.edu.br\/progep\/wp-json\/wp\/v2\/comments?post=15158"}],"version-history":[{"count":3,"href":"https:\/\/wp.ufpel.edu.br\/progep\/wp-json\/wp\/v2\/posts\/15158\/revisions"}],"predecessor-version":[{"id":15162,"href":"https:\/\/wp.ufpel.edu.br\/progep\/wp-json\/wp\/v2\/posts\/15158\/revisions\/15162"}],"wp:attachment":[{"href":"https:\/\/wp.ufpel.edu.br\/progep\/wp-json\/wp\/v2\/media?parent=15158"}],"wp:term":[{"taxonomy":"category","embeddable":true,"href":"https:\/\/wp.ufpel.edu.br\/progep\/wp-json\/wp\/v2\/categories?post=15158"},{"taxonomy":"post_tag","embeddable":true,"href":"https:\/\/wp.ufpel.edu.br\/progep\/wp-json\/wp\/v2\/tags?post=15158"}],"curies":[{"name":"wp","href":"https:\/\/api.w.org\/{rel}","templated":true}]}}