{"id":15064,"date":"2020-05-12T16:04:30","date_gmt":"2020-05-12T19:04:30","guid":{"rendered":"https:\/\/wp.ufpel.edu.br\/progep\/?p=15064"},"modified":"2020-05-12T16:05:48","modified_gmt":"2020-05-12T19:05:48","slug":"levantamento-de-necessidades-de-capacitacao-prorrogado","status":"publish","type":"post","link":"https:\/\/wp.ufpel.edu.br\/progep\/2020\/05\/12\/levantamento-de-necessidades-de-capacitacao-prorrogado\/","title":{"rendered":"Levantamento de Necessidades de Capacita\u00e7\u00e3o \u2013  PRAZO PRORROGADO"},"content":{"rendered":"<p style=\"text-align: justify\">A Coordena\u00e7\u00e3o de Desenvolvimento de Pessoal\/PROGEP, atrav\u00e9s do Memorando-Circular 9 (0946171), informa que o prazo para o envio do Levantamento de Necessidades de Capacita\u00e7\u00e3o (LNC) das Unidades Administrativas e Acad\u00eamicas para o ano de 2021 foi prorrogado para <strong>30 de junho<\/strong>.<\/p>\n<p style=\"text-align: justify\">Tal prorroga\u00e7\u00e3o ocorreu devido a altera\u00e7\u00e3o na data limite para envio do Plano de Desenvolvimento de Pessoas (PDP) ao Sistema de Pessoal Civil da Administra\u00e7\u00e3o Federal (SIPEC), em raz\u00e3o do estado de emerg\u00eancia internacional decorrente da pandemia da Covid-19.<\/p>\n<p style=\"text-align: justify\">Importante ressaltar que todo e qualquer pedido de participa\u00e7\u00e3o do servidor em eventos que ocorrer\u00e3o em 2021 (licen\u00e7a para capacita\u00e7\u00e3o, afastamento para p\u00f3s-gradua\u00e7\u00e3o, a\u00e7\u00f5es de desenvolvimento em servi\u00e7o, congressos, cursos de capacita\u00e7\u00e3o de curta dura\u00e7\u00e3o,&#8230;) dever\u00e3o estar relacionados com, pelo menos, uma das <strong>\u00e1reas de desenvolvimento<\/strong> apontadas no LNC, ou seja, o servidor somente poder\u00e1 se capacitar\/qualificar em 2021 se a \u00e1rea da a\u00e7\u00e3o de desenvolvimento estiver prevista do Levantamento de Necessidades.<\/p>\n<p style=\"text-align: justify\">A CDP se coloca \u00e0 disposi\u00e7\u00e3o por meio do e-mail cdp.capacita@ufpel.edu.br, ou telefones 3284-3979 ou 3284-3980 para os esclarecimentos que se fizerem necess\u00e1rios.<\/p>\n","protected":false},"excerpt":{"rendered":"<p>A Coordena\u00e7\u00e3o de Desenvolvimento de Pessoal\/PROGEP, atrav\u00e9s do Memorando-Circular 9 (0946171), informa que o prazo para o envio do Levantamento de Necessidades de Capacita\u00e7\u00e3o (LNC) das Unidades Administrativas e Acad\u00eamicas para o ano de 2021 foi prorrogado para 30 de junho. Tal prorroga\u00e7\u00e3o ocorreu devido a altera\u00e7\u00e3o na data limite para envio do Plano de [&hellip;]<\/p>\n","protected":false},"author":21,"featured_media":0,"comment_status":"closed","ping_status":"closed","sticky":false,"template":"","format":"standard","meta":{"footnotes":""},"categories":[1],"tags":[],"class_list":["post-15064","post","type-post","status-publish","format-standard","hentry","category-noticias"],"jetpack_featured_media_url":"","_links":{"self":[{"href":"https:\/\/wp.ufpel.edu.br\/progep\/wp-json\/wp\/v2\/posts\/15064","targetHints":{"allow":["GET"]}}],"collection":[{"href":"https:\/\/wp.ufpel.edu.br\/progep\/wp-json\/wp\/v2\/posts"}],"about":[{"href":"https:\/\/wp.ufpel.edu.br\/progep\/wp-json\/wp\/v2\/types\/post"}],"author":[{"embeddable":true,"href":"https:\/\/wp.ufpel.edu.br\/progep\/wp-json\/wp\/v2\/users\/21"}],"replies":[{"embeddable":true,"href":"https:\/\/wp.ufpel.edu.br\/progep\/wp-json\/wp\/v2\/comments?post=15064"}],"version-history":[{"count":3,"href":"https:\/\/wp.ufpel.edu.br\/progep\/wp-json\/wp\/v2\/posts\/15064\/revisions"}],"predecessor-version":[{"id":15068,"href":"https:\/\/wp.ufpel.edu.br\/progep\/wp-json\/wp\/v2\/posts\/15064\/revisions\/15068"}],"wp:attachment":[{"href":"https:\/\/wp.ufpel.edu.br\/progep\/wp-json\/wp\/v2\/media?parent=15064"}],"wp:term":[{"taxonomy":"category","embeddable":true,"href":"https:\/\/wp.ufpel.edu.br\/progep\/wp-json\/wp\/v2\/categories?post=15064"},{"taxonomy":"post_tag","embeddable":true,"href":"https:\/\/wp.ufpel.edu.br\/progep\/wp-json\/wp\/v2\/tags?post=15064"}],"curies":[{"name":"wp","href":"https:\/\/api.w.org\/{rel}","templated":true}]}}