{"id":14888,"date":"2020-04-28T17:33:08","date_gmt":"2020-04-28T20:33:08","guid":{"rendered":"https:\/\/wp.ufpel.edu.br\/progep\/?p=14888"},"modified":"2022-09-26T21:13:00","modified_gmt":"2022-09-27T00:13:00","slug":"projeto-capacita-na-web-roda-de-conversa-qual-espaco-o-trabalho-ocupa-em-sua-vida","status":"publish","type":"post","link":"https:\/\/wp.ufpel.edu.br\/progep\/2020\/04\/28\/projeto-capacita-na-web-roda-de-conversa-qual-espaco-o-trabalho-ocupa-em-sua-vida\/","title":{"rendered":"Novas a\u00e7\u00f5es de capacita\u00e7\u00e3o &#8211; Inscri\u00e7\u00f5es Abertas!"},"content":{"rendered":"<p class=\"Texto_Justificado_Recuo_Primeira_Linha\">A Coordena\u00e7\u00e3o de Desenvolvimento de Pessoal (CDP\/PROGEP) informa\u00a0que est\u00e3o abertas as inscri\u00e7\u00f5es para tr\u00eas novas a\u00e7\u00f5es\u00a0de capacita\u00e7\u00e3o, destinadas aos servidores da Universidade, s\u00e3o elas:<\/p>\n<p class=\"Texto_Justificado_Recuo_Primeira_Linha\"><strong>Capacita na Web &#8211; Roda de Conversa: \u201cQual espa\u00e7o o trabalho ocupa em sua vida?\u201d <\/strong>que\u00a0ser\u00e1 realizada no dia\u00a0<strong>08 de maio de 2020 (sexta-feira)<\/strong>, das\u00a0<strong>10h \u00e0s 11h<\/strong>, na\u00a0<strong>plataforma Webconf UFPel<\/strong>. A a\u00e7\u00e3o tem por objetivo abordar os seguintes temas: A presen\u00e7a f\u00edsica e psicossocial do trabalho se constituindo no organizador da vida humana.\u00a0Qual dimens\u00e3o ele est\u00e1 ocupando em minha vida?\u00a0Ate que ponto minha autoestima e autoimagem depende do meu exerc\u00edcio funcional? Qual o distanciamento entre o \u201cquem sou\u201d e o \u201cque fa\u00e7o\u201d? Existe vida al\u00e9m do trabalho?<\/p>\n<p class=\"Texto_Justificado_Recuo_Primeira_Linha\"><strong>Curso Comunicando-se em Libras\u00a0<\/strong>&#8211;\u00a0\u00a0destinado aos servidores em geral, o\u00a0curso ser\u00e1 realizado no per\u00edodo de\u00a0<strong>12 de maio a 23 de junho de 2020<\/strong>, na modalidade\u00a0<em>on line<\/em>, no ambiente virtual de aprendizagem (AVA-Moodle).<\/p>\n<p class=\"Texto_Justificado_Recuo_Primeira_Linha\"><strong>Capacita na Web &#8211; Roda de Conversa: boas pr\u00e1ticas e uso de recursos avan\u00e7ados no Sistema Eletr\u00f4nico de Informa\u00e7\u00f5es (SEI) em tempos de isolamento: <\/strong>a a\u00e7\u00e3o visa aprimorar o uso de recursos no SEI; apresentar boas pr\u00e1ticas de uso do SEI e retirar d\u00favidas no uso do sistema, realizada na\u00a0<strong>plataforma Webconf UFPel.<\/strong><\/p>\n<p class=\"Texto_Justificado_Recuo_Primeira_Linha\"><strong>Turma C\u00a0<\/strong>&#8211; ser\u00e1 realizada no dia\u00a0<strong>14 de maio de 2020<\/strong>, das 09h\u00a0\u00e0s 11h.<\/p>\n<p>Todas as informa\u00e7\u00f5es sobre os eventos e o links para inscri\u00e7\u00f5es est\u00e3o dispon\u00edveis <span style=\"color: #ff6600\"><a style=\"color: #ff6600\" href=\"https:\/\/wp.ufpel.edu.br\/progep\/cdp\/nucleo-de-capacitacao\/acoes-de-capacitacao\/\"><strong>AQUI.<\/strong><\/a><\/span><\/p>\n","protected":false},"excerpt":{"rendered":"<p>A Coordena\u00e7\u00e3o de Desenvolvimento de Pessoal (CDP\/PROGEP) informa\u00a0que est\u00e3o abertas as inscri\u00e7\u00f5es para tr\u00eas novas a\u00e7\u00f5es\u00a0de capacita\u00e7\u00e3o, destinadas aos servidores da Universidade, s\u00e3o elas: Capacita na Web &#8211; Roda de Conversa: \u201cQual espa\u00e7o o trabalho ocupa em sua vida?\u201d que\u00a0ser\u00e1 realizada no dia\u00a008 de maio de 2020 (sexta-feira), das\u00a010h \u00e0s 11h, na\u00a0plataforma Webconf UFPel. A [&hellip;]<\/p>\n","protected":false},"author":21,"featured_media":0,"comment_status":"closed","ping_status":"closed","sticky":false,"template":"","format":"standard","meta":{"footnotes":""},"categories":[1],"tags":[],"class_list":["post-14888","post","type-post","status-publish","format-standard","hentry","category-noticias"],"jetpack_featured_media_url":"","_links":{"self":[{"href":"https:\/\/wp.ufpel.edu.br\/progep\/wp-json\/wp\/v2\/posts\/14888","targetHints":{"allow":["GET"]}}],"collection":[{"href":"https:\/\/wp.ufpel.edu.br\/progep\/wp-json\/wp\/v2\/posts"}],"about":[{"href":"https:\/\/wp.ufpel.edu.br\/progep\/wp-json\/wp\/v2\/types\/post"}],"author":[{"embeddable":true,"href":"https:\/\/wp.ufpel.edu.br\/progep\/wp-json\/wp\/v2\/users\/21"}],"replies":[{"embeddable":true,"href":"https:\/\/wp.ufpel.edu.br\/progep\/wp-json\/wp\/v2\/comments?post=14888"}],"version-history":[{"count":9,"href":"https:\/\/wp.ufpel.edu.br\/progep\/wp-json\/wp\/v2\/posts\/14888\/revisions"}],"predecessor-version":[{"id":14915,"href":"https:\/\/wp.ufpel.edu.br\/progep\/wp-json\/wp\/v2\/posts\/14888\/revisions\/14915"}],"wp:attachment":[{"href":"https:\/\/wp.ufpel.edu.br\/progep\/wp-json\/wp\/v2\/media?parent=14888"}],"wp:term":[{"taxonomy":"category","embeddable":true,"href":"https:\/\/wp.ufpel.edu.br\/progep\/wp-json\/wp\/v2\/categories?post=14888"},{"taxonomy":"post_tag","embeddable":true,"href":"https:\/\/wp.ufpel.edu.br\/progep\/wp-json\/wp\/v2\/tags?post=14888"}],"curies":[{"name":"wp","href":"https:\/\/api.w.org\/{rel}","templated":true}]}}