{"id":14810,"date":"2020-04-24T17:38:16","date_gmt":"2020-04-24T20:38:16","guid":{"rendered":"https:\/\/wp.ufpel.edu.br\/progep\/?p=14810"},"modified":"2020-04-26T21:11:41","modified_gmt":"2020-04-27T00:11:41","slug":"orientacoes-para-usar-as-salas-do-capacita-na-web-webconf-ufpel","status":"publish","type":"post","link":"https:\/\/wp.ufpel.edu.br\/progep\/2020\/04\/24\/orientacoes-para-usar-as-salas-do-capacita-na-web-webconf-ufpel\/","title":{"rendered":"ORIENTA\u00c7\u00d5ES PARA USAR AS SALAS DO CAPACITA NA WEB (Webconf UFPel)"},"content":{"rendered":"<p>A Coordena\u00e7\u00e3o de Desenvolvimento de Pessoal orienta aos servidores que participar\u00e3o das Rodas de Conversa os seguintes procedimentos para melhor uso das salas:<\/p>\n<p><strong>1. Acesse o link que ser\u00e1 enviado por e-mail<\/strong>*<\/p>\n<p>Neste endere\u00e7o, voc\u00ea poder\u00e1 acessar a sala que estar\u00e1 dispon\u00edvel 30 minutos antes do in\u00edcio do evento.<\/p>\n<p><strong>2.Acesse a sala de reuni\u00e3o<\/strong><\/p>\n<p>Ap\u00f3s clicar no link, enviado por e-mail, ser\u00e1 direcionado \u00e0 sala do evento, ent\u00e3o dever\u00e1 identificar-se no campo espec\u00edfico e clicar em \u201c<strong>PARTICIPAR<\/strong>\u201d.<\/p>\n<p><img class=\" wp-image-14815 alignleft\" src=\"https:\/\/wp.ufpel.edu.br\/progep\/files\/2020\/04\/FOTO-1.png\" alt=\"\" width=\"45\" height=\"31\" data-attachment-id=\"14815\" data-permalink=\"https:\/\/wp.ufpel.edu.br\/progep\/2020\/04\/24\/orientacoes-para-usar-as-salas-do-capacita-na-web-webconf-ufpel\/foto-7\/\" data-orig-file=\"https:\/\/wp.ufpel.edu.br\/progep\/files\/2020\/04\/FOTO-1.png\" data-orig-size=\"86,60\" data-comments-opened=\"0\" data-image-meta=\"{&quot;aperture&quot;:&quot;0&quot;,&quot;credit&quot;:&quot;&quot;,&quot;camera&quot;:&quot;&quot;,&quot;caption&quot;:&quot;&quot;,&quot;created_timestamp&quot;:&quot;0&quot;,&quot;copyright&quot;:&quot;&quot;,&quot;focal_length&quot;:&quot;0&quot;,&quot;iso&quot;:&quot;0&quot;,&quot;shutter_speed&quot;:&quot;0&quot;,&quot;title&quot;:&quot;&quot;,&quot;orientation&quot;:&quot;0&quot;}\" data-image-title=\"FOTO\" data-image-description=\"\" data-medium-file=\"https:\/\/wp.ufpel.edu.br\/progep\/files\/2020\/04\/FOTO-1.png\" data-large-file=\"https:\/\/wp.ufpel.edu.br\/progep\/files\/2020\/04\/FOTO-1.png\" \/>Ao ingressar na sala dever\u00e1 selecionar a op\u00e7\u00e3o \u201c<strong>SOMENTE OUVIR<\/strong>\u201d, pois os microfones devem ficar desligados para evitar ru\u00eddos que podem interferir na apresenta\u00e7\u00e3o do facilitador do evento.<\/p>\n<p><img class=\" wp-image-14816 alignleft\" src=\"https:\/\/wp.ufpel.edu.br\/progep\/files\/2020\/04\/Capturar-CAMERA.png\" alt=\"\" width=\"41\" height=\"39\" data-attachment-id=\"14816\" data-permalink=\"https:\/\/wp.ufpel.edu.br\/progep\/2020\/04\/24\/orientacoes-para-usar-as-salas-do-capacita-na-web-webconf-ufpel\/capturar-camera\/\" data-orig-file=\"https:\/\/wp.ufpel.edu.br\/progep\/files\/2020\/04\/Capturar-CAMERA.png\" data-orig-size=\"47,46\" data-comments-opened=\"0\" data-image-meta=\"{&quot;aperture&quot;:&quot;0&quot;,&quot;credit&quot;:&quot;&quot;,&quot;camera&quot;:&quot;&quot;,&quot;caption&quot;:&quot;&quot;,&quot;created_timestamp&quot;:&quot;0&quot;,&quot;copyright&quot;:&quot;&quot;,&quot;focal_length&quot;:&quot;0&quot;,&quot;iso&quot;:&quot;0&quot;,&quot;shutter_speed&quot;:&quot;0&quot;,&quot;title&quot;:&quot;&quot;,&quot;orientation&quot;:&quot;0&quot;}\" data-image-title=\"Capturar CAMERA\" data-image-description=\"\" data-medium-file=\"https:\/\/wp.ufpel.edu.br\/progep\/files\/2020\/04\/Capturar-CAMERA.png\" data-large-file=\"https:\/\/wp.ufpel.edu.br\/progep\/files\/2020\/04\/Capturar-CAMERA.png\" \/><br \/>\nAs c\u00e2meras <strong>N\u00c3O<\/strong> devem ser ativadas, somente os apresentadores e moderadores usam esse recurso.<\/p>\n<p>Questionamentos e coment\u00e1rios devem ser enviados por escrito no <strong>Bate-papo<\/strong> e ser\u00e3o respondidos ao final da fala dos apresentadores .<\/p>\n<p><img class=\"wp-image-14818 alignleft\" src=\"https:\/\/wp.ufpel.edu.br\/progep\/files\/2020\/04\/BATE-PAPO.png\" alt=\"\" width=\"178\" height=\"34\" data-attachment-id=\"14818\" data-permalink=\"https:\/\/wp.ufpel.edu.br\/progep\/2020\/04\/24\/orientacoes-para-usar-as-salas-do-capacita-na-web-webconf-ufpel\/bate-papo\/\" data-orig-file=\"https:\/\/wp.ufpel.edu.br\/progep\/files\/2020\/04\/BATE-PAPO.png\" data-orig-size=\"298,57\" data-comments-opened=\"0\" data-image-meta=\"{&quot;aperture&quot;:&quot;0&quot;,&quot;credit&quot;:&quot;&quot;,&quot;camera&quot;:&quot;&quot;,&quot;caption&quot;:&quot;&quot;,&quot;created_timestamp&quot;:&quot;0&quot;,&quot;copyright&quot;:&quot;&quot;,&quot;focal_length&quot;:&quot;0&quot;,&quot;iso&quot;:&quot;0&quot;,&quot;shutter_speed&quot;:&quot;0&quot;,&quot;title&quot;:&quot;&quot;,&quot;orientation&quot;:&quot;0&quot;}\" data-image-title=\"BATE PAPO\" data-image-description=\"\" data-medium-file=\"https:\/\/wp.ufpel.edu.br\/progep\/files\/2020\/04\/BATE-PAPO.png\" data-large-file=\"https:\/\/wp.ufpel.edu.br\/progep\/files\/2020\/04\/BATE-PAPO.png\" \/><\/p>\n<p>&nbsp;<\/p>\n<p>&nbsp;<\/p>\n<p><strong>3.Certifica\u00e7\u00e3o<\/strong><\/p>\n<p>Durante o evento ser\u00e1 disponibilizado o link para o formul\u00e1rio, que dever\u00e1 ser preenchido para emiss\u00e3o do certificado.<\/p>\n<p>Boa reuni\u00e3o!<\/p>\n<p>&nbsp;<\/p>\n<p>*Estas informa\u00e7\u00f5es ser\u00e3o enviadas por e-mail, ap\u00f3s a homologa\u00e7\u00e3o das inscri\u00e7\u00f5es, com instru\u00e7\u00f5es de acesso \u00e0 sala de Webconf da UFPel.<\/p>\n","protected":false},"excerpt":{"rendered":"<p>A Coordena\u00e7\u00e3o de Desenvolvimento de Pessoal orienta aos servidores que participar\u00e3o das Rodas de Conversa os seguintes procedimentos para melhor uso das salas: 1. Acesse o link que ser\u00e1 enviado por e-mail* Neste endere\u00e7o, voc\u00ea poder\u00e1 acessar a sala que estar\u00e1 dispon\u00edvel 30 minutos antes do in\u00edcio do evento. 2.Acesse a sala de reuni\u00e3o Ap\u00f3s [&hellip;]<\/p>\n","protected":false},"author":21,"featured_media":0,"comment_status":"closed","ping_status":"closed","sticky":false,"template":"","format":"standard","meta":{"footnotes":""},"categories":[1],"tags":[],"class_list":["post-14810","post","type-post","status-publish","format-standard","hentry","category-noticias"],"jetpack_featured_media_url":"","_links":{"self":[{"href":"https:\/\/wp.ufpel.edu.br\/progep\/wp-json\/wp\/v2\/posts\/14810","targetHints":{"allow":["GET"]}}],"collection":[{"href":"https:\/\/wp.ufpel.edu.br\/progep\/wp-json\/wp\/v2\/posts"}],"about":[{"href":"https:\/\/wp.ufpel.edu.br\/progep\/wp-json\/wp\/v2\/types\/post"}],"author":[{"embeddable":true,"href":"https:\/\/wp.ufpel.edu.br\/progep\/wp-json\/wp\/v2\/users\/21"}],"replies":[{"embeddable":true,"href":"https:\/\/wp.ufpel.edu.br\/progep\/wp-json\/wp\/v2\/comments?post=14810"}],"version-history":[{"count":38,"href":"https:\/\/wp.ufpel.edu.br\/progep\/wp-json\/wp\/v2\/posts\/14810\/revisions"}],"predecessor-version":[{"id":14861,"href":"https:\/\/wp.ufpel.edu.br\/progep\/wp-json\/wp\/v2\/posts\/14810\/revisions\/14861"}],"wp:attachment":[{"href":"https:\/\/wp.ufpel.edu.br\/progep\/wp-json\/wp\/v2\/media?parent=14810"}],"wp:term":[{"taxonomy":"category","embeddable":true,"href":"https:\/\/wp.ufpel.edu.br\/progep\/wp-json\/wp\/v2\/categories?post=14810"},{"taxonomy":"post_tag","embeddable":true,"href":"https:\/\/wp.ufpel.edu.br\/progep\/wp-json\/wp\/v2\/tags?post=14810"}],"curies":[{"name":"wp","href":"https:\/\/api.w.org\/{rel}","templated":true}]}}