{"id":14788,"date":"2020-04-23T14:11:14","date_gmt":"2020-04-23T17:11:14","guid":{"rendered":"https:\/\/wp.ufpel.edu.br\/progep\/?p=14788"},"modified":"2020-04-23T14:56:18","modified_gmt":"2020-04-23T17:56:18","slug":"capacita-na-web-roda-de-conversa-boas-praticas-e-uso-de-recursos-avancados-no-sistema-eletronico-de-informacoes-sei-em-tempos-de-isolamento","status":"publish","type":"post","link":"https:\/\/wp.ufpel.edu.br\/progep\/2020\/04\/23\/capacita-na-web-roda-de-conversa-boas-praticas-e-uso-de-recursos-avancados-no-sistema-eletronico-de-informacoes-sei-em-tempos-de-isolamento\/","title":{"rendered":"Capacita na Web &#8211; Roda de Conversa: boas pr\u00e1ticas e uso de recursos avan\u00e7ados no Sistema Eletr\u00f4nico de Informa\u00e7\u00f5es (SEI) em tempos de isolamento"},"content":{"rendered":"<p><span style=\"color: #000000\">Continuando a programa\u00e7\u00e3o do Projeto Capacita na Web, que est\u00e1 promovendo eventos na <em>modalidade on line, a<\/em> Coordena\u00e7\u00e3o de Desenvolvimento de Pessoal da PROGEP comunica que est\u00e3o abertas as inscri\u00e7\u00f5es para dois <strong>novos eventos<\/strong>, que ser\u00e3o realizados na <strong>plataforma Webconf UFPel:<\/strong><\/span><\/p>\n<p class=\"Texto_Justificado_Recuo_Primeira_Linha\"><strong><span style=\"color: #0000ff\">Roda de Conversa: boas pr\u00e1ticas e uso de recursos avan\u00e7ados no Sistema Eletr\u00f4nico de Informa\u00e7\u00f5es (SEI) em tempos de isolamento:<\/span> <\/strong><span style=\"color: #000000\">a a\u00e7\u00e3o visa aprimorar o uso de recursos no SEI; apresentar boas pr\u00e1ticas de uso do SEI e retirar d\u00favidas no uso do sistema.<\/span><\/p>\n<p class=\"Texto_Justificado_Recuo_Primeira_Linha\"><span style=\"color: #000000\">Os eventos ocorrer\u00e3o conforme cronograma abaixo:<\/span><\/p>\n<p class=\"Texto_Justificado_Recuo_Primeira_Linha\"><span style=\"color: #000000\"><strong><span style=\"color: #ff6600\">Turma A<\/span><\/strong> &#8211; Data<strong>: 05\/05\/2020<\/strong>, das 09h\u00a0\u00e0s 11h<\/span><\/p>\n<p class=\"Texto_Justificado_Recuo_Primeira_Linha\"><span style=\"color: #000000\"><strong><span style=\"color: #ff6600\">Turma B<\/span><\/strong> &#8211; Data: <strong>12\/05\/2020<\/strong>, das 14h30min \u00e0s 16h30min<\/span><\/p>\n<p><span style=\"color: #000000\">Todas as informa\u00e7\u00f5es sobre os eventos e o link para inscri\u00e7\u00f5es est\u00e3o dispon\u00edveis<\/span> <span style=\"color: #ff6600\"><strong><a style=\"color: #ff6600\" href=\"https:\/\/wp.ufpel.edu.br\/progep\/?page_id=14780&amp;preview=true\">AQUI!<\/a><\/strong><\/span><\/p>\n<p>&nbsp;<\/p>\n","protected":false},"excerpt":{"rendered":"<p>Continuando a programa\u00e7\u00e3o do Projeto Capacita na Web, que est\u00e1 promovendo eventos na modalidade on line, a Coordena\u00e7\u00e3o de Desenvolvimento de Pessoal da PROGEP comunica que est\u00e3o abertas as inscri\u00e7\u00f5es para dois novos eventos, que ser\u00e3o realizados na plataforma Webconf UFPel: Roda de Conversa: boas pr\u00e1ticas e uso de recursos avan\u00e7ados no Sistema Eletr\u00f4nico de [&hellip;]<\/p>\n","protected":false},"author":21,"featured_media":0,"comment_status":"closed","ping_status":"closed","sticky":false,"template":"","format":"standard","meta":{"footnotes":""},"categories":[1],"tags":[],"class_list":["post-14788","post","type-post","status-publish","format-standard","hentry","category-noticias"],"jetpack_featured_media_url":"","_links":{"self":[{"href":"https:\/\/wp.ufpel.edu.br\/progep\/wp-json\/wp\/v2\/posts\/14788","targetHints":{"allow":["GET"]}}],"collection":[{"href":"https:\/\/wp.ufpel.edu.br\/progep\/wp-json\/wp\/v2\/posts"}],"about":[{"href":"https:\/\/wp.ufpel.edu.br\/progep\/wp-json\/wp\/v2\/types\/post"}],"author":[{"embeddable":true,"href":"https:\/\/wp.ufpel.edu.br\/progep\/wp-json\/wp\/v2\/users\/21"}],"replies":[{"embeddable":true,"href":"https:\/\/wp.ufpel.edu.br\/progep\/wp-json\/wp\/v2\/comments?post=14788"}],"version-history":[{"count":12,"href":"https:\/\/wp.ufpel.edu.br\/progep\/wp-json\/wp\/v2\/posts\/14788\/revisions"}],"predecessor-version":[{"id":14808,"href":"https:\/\/wp.ufpel.edu.br\/progep\/wp-json\/wp\/v2\/posts\/14788\/revisions\/14808"}],"wp:attachment":[{"href":"https:\/\/wp.ufpel.edu.br\/progep\/wp-json\/wp\/v2\/media?parent=14788"}],"wp:term":[{"taxonomy":"category","embeddable":true,"href":"https:\/\/wp.ufpel.edu.br\/progep\/wp-json\/wp\/v2\/categories?post=14788"},{"taxonomy":"post_tag","embeddable":true,"href":"https:\/\/wp.ufpel.edu.br\/progep\/wp-json\/wp\/v2\/tags?post=14788"}],"curies":[{"name":"wp","href":"https:\/\/api.w.org\/{rel}","templated":true}]}}