{"id":14778,"date":"2020-04-22T15:39:52","date_gmt":"2020-04-22T18:39:52","guid":{"rendered":"https:\/\/wp.ufpel.edu.br\/progep\/?p=14778"},"modified":"2022-09-26T21:12:55","modified_gmt":"2022-09-27T00:12:55","slug":"projeto-capacita-na-web-rodas-de-conversa","status":"publish","type":"post","link":"https:\/\/wp.ufpel.edu.br\/progep\/2020\/04\/22\/projeto-capacita-na-web-rodas-de-conversa\/","title":{"rendered":"Projeto Capacita na Web &#8211; Rodas de Conversa"},"content":{"rendered":"<p class=\"Texto_Justificado_Recuo_Primeira_Linha\" style=\"text-align: justify\">A Coordena\u00e7\u00e3o de Desenvolvimento de Pessoal da PROGEP est\u00e1 desenvolvendo o Projeto Capacita na Web, cujo objetivo \u00e9\u00a0proporcionar um espa\u00e7o de integra\u00e7\u00e3o e compartilhamento de conhecimento entre os servidores da institui\u00e7\u00e3o, promovendo eventos na\u00a0<em>modalidade on line<\/em>.\u00a0Desta forma, comunica que est\u00e3o abertas as inscri\u00e7\u00f5es para dois eventos, que ser\u00e3o realizados na\u00a0<strong>plataforma Webconf UFPel:<\/strong><\/p>\n<p class=\"Texto_Justificado_Recuo_Primeira_Linha\" style=\"text-align: justify\">&#8211;\u00a0<strong>Roda de Conversa \u201cHome Office em tempos de pandemia &#8211; Expectativa x Realidade\u201d\u00a0<\/strong>ser\u00e1 realizada no\u00a0dia <strong>28 de abril de 2020, das 09h \u00e0s 10h.\u00a0<\/strong>Ser\u00e1 abordado o tema trabalho remoto: conceitos, tend\u00eancias\/diferen\u00e7as, vantagens\/desvantagens, estrutura de trabalho (f\u00edsica,\u00a0<em>web, smartphone<\/em>), qualidade de vida, engajamento, comprometimento organizacional, educa\u00e7\u00e3o corporativa, gest\u00e3o de pessoas a dist\u00e2ncia e sustentabilidade. Al\u00e9m disso, ser\u00e3o feitas reflex\u00f5es acerca das mudan\u00e7as de local de trabalho e de intera\u00e7\u00e3o com os colegas. Discuss\u00e3o sobre: a) a confus\u00e3o de papeis m\u00e3e-professora com as atividades remotas da escola; b) o tempo da escola consome o tempo do home office.<\/p>\n<p class=\"Texto_Justificado_Recuo_Primeira_Linha\" style=\"text-align: justify\">&#8211;\u00a0<strong>Roda de Conversa<\/strong>\u00a0<strong>&#8220;A minha, a sua, a nossa sa\u00fade mental em tempos de pandemia e isolamento social&#8221;\u00a0<\/strong>ocorrer\u00e1 no dia<strong>\u00a030 de abril de 2020<\/strong>,<strong>\u00a0<\/strong>das\u00a0<strong>15h30min \u00e0s 16h30min.\u00a0<\/strong>A atividade de capacita\u00e7\u00e3o visa possibilitar um di\u00e1logo entre os pares sobre como a experi\u00eancia do isolamento social em raz\u00e3o da pandemia da COVID-19 vem afetando nossa sa\u00fade mental. Pretendemos abordar as seguintes tem\u00e1ticas: Quais s\u00e3o nossas estrat\u00e9gias de enfrentamento do trabalho remoto? Como estamos lidando com os filhos em tempo integral e suas demandas relativas \u00e0s tarefas escolares? Como vai nossa conjugalidade? Cuidados com a sa\u00fade (f\u00edsica, mental, espiritual). Solid\u00e3o ou\u00a0Solitude no isolamento?<\/p>\n<p>Todas as informa\u00e7\u00f5es sobre os eventos e o link para inscri\u00e7\u00f5es est\u00e3o dispon\u00edveis <strong><span style=\"color: #ff6600\"><a style=\"color: #ff6600\" href=\"https:\/\/wp.ufpel.edu.br\/progep\/cdp\/nucleo-de-capacitacao\/acoes-de-capacitacao\/\">AQUI!<\/a><\/span><\/strong><\/p>\n","protected":false},"excerpt":{"rendered":"<p>A Coordena\u00e7\u00e3o de Desenvolvimento de Pessoal da PROGEP est\u00e1 desenvolvendo o Projeto Capacita na Web, cujo objetivo \u00e9\u00a0proporcionar um espa\u00e7o de integra\u00e7\u00e3o e compartilhamento de conhecimento entre os servidores da institui\u00e7\u00e3o, promovendo eventos na\u00a0modalidade on line.\u00a0Desta forma, comunica que est\u00e3o abertas as inscri\u00e7\u00f5es para dois eventos, que ser\u00e3o realizados na\u00a0plataforma Webconf UFPel: &#8211;\u00a0Roda de Conversa [&hellip;]<\/p>\n","protected":false},"author":21,"featured_media":0,"comment_status":"closed","ping_status":"closed","sticky":false,"template":"","format":"standard","meta":{"footnotes":""},"categories":[1],"tags":[],"class_list":["post-14778","post","type-post","status-publish","format-standard","hentry","category-noticias"],"jetpack_featured_media_url":"","_links":{"self":[{"href":"https:\/\/wp.ufpel.edu.br\/progep\/wp-json\/wp\/v2\/posts\/14778","targetHints":{"allow":["GET"]}}],"collection":[{"href":"https:\/\/wp.ufpel.edu.br\/progep\/wp-json\/wp\/v2\/posts"}],"about":[{"href":"https:\/\/wp.ufpel.edu.br\/progep\/wp-json\/wp\/v2\/types\/post"}],"author":[{"embeddable":true,"href":"https:\/\/wp.ufpel.edu.br\/progep\/wp-json\/wp\/v2\/users\/21"}],"replies":[{"embeddable":true,"href":"https:\/\/wp.ufpel.edu.br\/progep\/wp-json\/wp\/v2\/comments?post=14778"}],"version-history":[{"count":1,"href":"https:\/\/wp.ufpel.edu.br\/progep\/wp-json\/wp\/v2\/posts\/14778\/revisions"}],"predecessor-version":[{"id":14779,"href":"https:\/\/wp.ufpel.edu.br\/progep\/wp-json\/wp\/v2\/posts\/14778\/revisions\/14779"}],"wp:attachment":[{"href":"https:\/\/wp.ufpel.edu.br\/progep\/wp-json\/wp\/v2\/media?parent=14778"}],"wp:term":[{"taxonomy":"category","embeddable":true,"href":"https:\/\/wp.ufpel.edu.br\/progep\/wp-json\/wp\/v2\/categories?post=14778"},{"taxonomy":"post_tag","embeddable":true,"href":"https:\/\/wp.ufpel.edu.br\/progep\/wp-json\/wp\/v2\/tags?post=14778"}],"curies":[{"name":"wp","href":"https:\/\/api.w.org\/{rel}","templated":true}]}}