{"id":14727,"date":"2020-04-22T09:21:04","date_gmt":"2020-04-22T12:21:04","guid":{"rendered":"https:\/\/wp.ufpel.edu.br\/progep\/?p=14727"},"modified":"2020-04-22T09:31:43","modified_gmt":"2020-04-22T12:31:43","slug":"progep-realiza-o-levantamento-de-necessidades-de-capacitacao-lnc","status":"publish","type":"post","link":"https:\/\/wp.ufpel.edu.br\/progep\/2020\/04\/22\/progep-realiza-o-levantamento-de-necessidades-de-capacitacao-lnc\/","title":{"rendered":"PROGEP realiza o Levantamento de Necessidades de Capacita\u00e7\u00e3o &#8211; LNC"},"content":{"rendered":"<p style=\"text-align: justify\"><span style=\"font-family: georgia, palatino, serif;font-size: 12pt;color: #000000\">A Coordena\u00e7\u00e3o de Desenvolvimento de Pessoal\/PROGEP, atrav\u00e9s do <span style=\"color: #ff6600\"><a style=\"color: #ff6600\" href=\"https:\/\/wp.ufpel.edu.br\/progep\/files\/2020\/04\/SEI_UFPel-0928944-Memorando-Circular.pdf\">Memorando-Circular n\u00ba 7\/2020\/NUCAP<\/a><\/span>, est\u00e1 dando in\u00edcio ao processo de Levantamento de Necessidades de Capacita\u00e7\u00e3o (LNC) das Unidades Administrativas e Acad\u00eamicas para o ano de 2021 .<\/span><\/p>\n<p class=\"Texto_Justificado_Recuo_Primeira_Linha\" style=\"text-align: justify\"><span style=\"color: #000000\">O objetivo do LNC \u00e9 subsidiar o PLANO DE DESENVOLVIMENTO DE PESSOAS (PDP), para o ano de 2021, que ser\u00e1 encaminhado ao \u00f3rg\u00e3o central do Sistema de Pessoal Civil da Administra\u00e7\u00e3o Federal (SIPEC), em que pese o momento de distanciamento social vivenciado em raz\u00e3o da COVID 19.<\/span><\/p>\n<p style=\"text-align: justify\"><span style=\"font-family: georgia, palatino, serif;font-size: 12pt;color: #000000\">Assim, para a elabora\u00e7\u00e3o do Plano, solicitamos que\u00a0cada Unidade\/Pr\u00f3-Reitoria\/Coordena\u00e7\u00e3o adote provid\u00eancias de forma a identificar e registrar as necessidades de capacita\u00e7\u00e3o dos servidores da Unidade, mesmo que de forma remota (webconfer\u00eancia, whatsapp, e-mails).<br \/>\n<\/span><\/p>\n<p style=\"text-align: justify\"><span style=\"color: #000000\">Al\u00e9m disso, conforme <\/span><span style=\"color: #ff6600\"><a style=\"color: #ff6600\" href=\"https:\/\/wp.ufpel.edu.br\/progep\/files\/2020\/04\/SEI_UFPel-0929617-Memorando-Circular.pdf\">Memorando-Circular n\u00ba 5\/2020\/CDP<\/a><\/span><span style=\"color: #000000\">,\u00a0 informamos que o formul\u00e1rio poder\u00e1 ser preenchido por Departamentos\/Coordena\u00e7\u00f5es e, ap\u00f3s, ser submetido \u00e0 aprecia\u00e7\u00e3o da autoridade m\u00e1xima da Unidade. Estando de acordo com as informa\u00e7\u00f5es constantes no formul\u00e1rio o gestor da Unidade dever\u00e1 assinar o formul\u00e1rio e envi\u00e1-lo \u00e0 Se\u00e7\u00e3o de A\u00e7\u00f5es em Educa\u00e7\u00e3o (SAE).<\/span><\/p>\n<p style=\"text-align: justify\"><span style=\"font-family: georgia, palatino, serif;font-size: 12pt;color: #000000\">Esclarecemos que, a partir de 2021, para que o servidor possa participar de a\u00e7\u00f5es internas e externas de capacita\u00e7\u00e3o, bem como se afastar (licen\u00e7a para capacita\u00e7\u00e3o, afastamento para p\u00f3s-gradua\u00e7\u00e3o stricto sensu e p\u00f3s-doutorado) ser\u00e1 necess\u00e1rio constar no PDP da Institui\u00e7\u00e3o, conforme previsto no Decreto n\u00ba 9.991\/2019.<\/span><\/p>\n<p style=\"text-align: justify\"><span style=\"font-family: georgia, palatino, serif;font-size: 12pt;color: #000000\">Ressaltamos que o levantamento de necessidades dever\u00e1 ser enviado at\u00e9 o <strong>dia 12\/05\/2020, <\/strong>conforme orienta\u00e7\u00f5es contidas no Memorando-Circular n\u00ba 7\/2020\/NUCAP, Memorando-Circular n\u00ba 5\/2020\/CDP e anexos disponibilizados no processo.<\/span><\/p>\n","protected":false},"excerpt":{"rendered":"<p>A Coordena\u00e7\u00e3o de Desenvolvimento de Pessoal\/PROGEP, atrav\u00e9s do Memorando-Circular n\u00ba 7\/2020\/NUCAP, est\u00e1 dando in\u00edcio ao processo de Levantamento de Necessidades de Capacita\u00e7\u00e3o (LNC) das Unidades Administrativas e Acad\u00eamicas para o ano de 2021 . O objetivo do LNC \u00e9 subsidiar o PLANO DE DESENVOLVIMENTO DE PESSOAS (PDP), para o ano de 2021, que ser\u00e1 encaminhado [&hellip;]<\/p>\n","protected":false},"author":21,"featured_media":0,"comment_status":"closed","ping_status":"closed","sticky":false,"template":"","format":"standard","meta":{"footnotes":""},"categories":[1],"tags":[],"class_list":["post-14727","post","type-post","status-publish","format-standard","hentry","category-noticias"],"jetpack_featured_media_url":"","_links":{"self":[{"href":"https:\/\/wp.ufpel.edu.br\/progep\/wp-json\/wp\/v2\/posts\/14727","targetHints":{"allow":["GET"]}}],"collection":[{"href":"https:\/\/wp.ufpel.edu.br\/progep\/wp-json\/wp\/v2\/posts"}],"about":[{"href":"https:\/\/wp.ufpel.edu.br\/progep\/wp-json\/wp\/v2\/types\/post"}],"author":[{"embeddable":true,"href":"https:\/\/wp.ufpel.edu.br\/progep\/wp-json\/wp\/v2\/users\/21"}],"replies":[{"embeddable":true,"href":"https:\/\/wp.ufpel.edu.br\/progep\/wp-json\/wp\/v2\/comments?post=14727"}],"version-history":[{"count":12,"href":"https:\/\/wp.ufpel.edu.br\/progep\/wp-json\/wp\/v2\/posts\/14727\/revisions"}],"predecessor-version":[{"id":14756,"href":"https:\/\/wp.ufpel.edu.br\/progep\/wp-json\/wp\/v2\/posts\/14727\/revisions\/14756"}],"wp:attachment":[{"href":"https:\/\/wp.ufpel.edu.br\/progep\/wp-json\/wp\/v2\/media?parent=14727"}],"wp:term":[{"taxonomy":"category","embeddable":true,"href":"https:\/\/wp.ufpel.edu.br\/progep\/wp-json\/wp\/v2\/categories?post=14727"},{"taxonomy":"post_tag","embeddable":true,"href":"https:\/\/wp.ufpel.edu.br\/progep\/wp-json\/wp\/v2\/tags?post=14727"}],"curies":[{"name":"wp","href":"https:\/\/api.w.org\/{rel}","templated":true}]}}