{"id":14721,"date":"2020-04-15T15:43:19","date_gmt":"2020-04-15T18:43:19","guid":{"rendered":"https:\/\/wp.ufpel.edu.br\/progep\/?p=14721"},"modified":"2020-04-15T15:43:19","modified_gmt":"2020-04-15T18:43:19","slug":"csqv-informa-sobre-vacinacao-contra-a-gripe","status":"publish","type":"post","link":"https:\/\/wp.ufpel.edu.br\/progep\/2020\/04\/15\/csqv-informa-sobre-vacinacao-contra-a-gripe\/","title":{"rendered":"CSQV informa sobre vacina\u00e7\u00e3o contra a gripe"},"content":{"rendered":"<p><span style=\"font-weight: 400\">A Coordena\u00e7\u00e3o de Sa\u00fade e Qualidade de Vida informa que deu in\u00edcio \u00e0 vacina\u00e7\u00e3o contra a gripe na Universidade, conforme campanha nacional, aos profissionais de sa\u00fade e idosos.\u00a0<\/span><\/p>\n<p><b><i>LOCAIS J\u00c1 ATENDIDOS:<\/i><\/b><\/p>\n<p><span style=\"font-weight: 400\">Hospital Escola<\/span><\/p>\n<p><span style=\"font-weight: 400\">Faculdade de Medicina<\/span><\/p>\n<p><span style=\"font-weight: 400\">Faculdade de Enfermagem<\/span><\/p>\n<p><span style=\"font-weight: 400\">Faculdade de Nutri\u00e7\u00e3o<\/span><\/p>\n<p><span style=\"font-weight: 400\">Faculdade de Odontologia<\/span><\/p>\n<p><span style=\"font-weight: 400\">Neste momento aguardamos o fornecimento de mais doses pela Secretaria Municipal de Sa\u00fade para continuidade do atendimento.\u00a0<\/span><\/p>\n<p><span style=\"font-weight: 400\">Por oportuno, informamos que a divulga\u00e7\u00e3o est\u00e1 ocorrendo em contato com cada unidade para tomarmos os cuidados de sa\u00fade necess\u00e1rios e n\u00e3o gerarmos aglomera\u00e7\u00e3o.<\/span><\/p>\n","protected":false},"excerpt":{"rendered":"<p>A Coordena\u00e7\u00e3o de Sa\u00fade e Qualidade de Vida informa que deu in\u00edcio \u00e0 vacina\u00e7\u00e3o contra a gripe na Universidade, conforme campanha nacional, aos profissionais de sa\u00fade e idosos.\u00a0 LOCAIS J\u00c1 ATENDIDOS: Hospital Escola Faculdade de Medicina Faculdade de Enfermagem Faculdade de Nutri\u00e7\u00e3o Faculdade de Odontologia Neste momento aguardamos o fornecimento de mais doses pela Secretaria [&hellip;]<\/p>\n","protected":false},"author":246,"featured_media":0,"comment_status":"closed","ping_status":"closed","sticky":false,"template":"","format":"standard","meta":{"footnotes":""},"categories":[1],"tags":[],"class_list":["post-14721","post","type-post","status-publish","format-standard","hentry","category-noticias"],"jetpack_featured_media_url":"","_links":{"self":[{"href":"https:\/\/wp.ufpel.edu.br\/progep\/wp-json\/wp\/v2\/posts\/14721","targetHints":{"allow":["GET"]}}],"collection":[{"href":"https:\/\/wp.ufpel.edu.br\/progep\/wp-json\/wp\/v2\/posts"}],"about":[{"href":"https:\/\/wp.ufpel.edu.br\/progep\/wp-json\/wp\/v2\/types\/post"}],"author":[{"embeddable":true,"href":"https:\/\/wp.ufpel.edu.br\/progep\/wp-json\/wp\/v2\/users\/246"}],"replies":[{"embeddable":true,"href":"https:\/\/wp.ufpel.edu.br\/progep\/wp-json\/wp\/v2\/comments?post=14721"}],"version-history":[{"count":1,"href":"https:\/\/wp.ufpel.edu.br\/progep\/wp-json\/wp\/v2\/posts\/14721\/revisions"}],"predecessor-version":[{"id":14723,"href":"https:\/\/wp.ufpel.edu.br\/progep\/wp-json\/wp\/v2\/posts\/14721\/revisions\/14723"}],"wp:attachment":[{"href":"https:\/\/wp.ufpel.edu.br\/progep\/wp-json\/wp\/v2\/media?parent=14721"}],"wp:term":[{"taxonomy":"category","embeddable":true,"href":"https:\/\/wp.ufpel.edu.br\/progep\/wp-json\/wp\/v2\/categories?post=14721"},{"taxonomy":"post_tag","embeddable":true,"href":"https:\/\/wp.ufpel.edu.br\/progep\/wp-json\/wp\/v2\/tags?post=14721"}],"curies":[{"name":"wp","href":"https:\/\/api.w.org\/{rel}","templated":true}]}}