{"id":14707,"date":"2020-04-14T14:06:26","date_gmt":"2020-04-14T17:06:26","guid":{"rendered":"https:\/\/wp.ufpel.edu.br\/progep\/?p=14707"},"modified":"2020-04-14T14:25:39","modified_gmt":"2020-04-14T17:25:39","slug":"novas-acoes-de-capacitacao-a-distancia-servidor-inscreva-se","status":"publish","type":"post","link":"https:\/\/wp.ufpel.edu.br\/progep\/2020\/04\/14\/novas-acoes-de-capacitacao-a-distancia-servidor-inscreva-se\/","title":{"rendered":"Novas a\u00e7\u00f5es de capacita\u00e7\u00e3o a dist\u00e2ncia \u2013 Servidor, inscreva-se!"},"content":{"rendered":"<p style=\"text-align: justify\">A Coordena\u00e7\u00e3o de Desenvolvimento de Pessoal (CDP\/PROGEP) comunica que abriu inscri\u00e7\u00f5es para duas novas atividades de capacita\u00e7\u00e3o, destinadas aos servidores da Universidade. As capacita\u00e7\u00f5es ser\u00e3o na modalidade <em>on line (<\/em>sem tutoria), no ambiente virtual de aprendizagem (AVA-Moodle), s\u00e3o elas:<br \/>\n<strong><br \/>\nCurso WordPress Institucional<\/strong>: a a\u00e7\u00e3o ser\u00e1 realizada de 29\/04 a 29\/06\/2020. O objetivo \u00e9 capacitar os servidores para trabalharem com WordPress e com os plug-ins, widgets e temas disponibilizados na plataforma WordPress Institucional da UFPel, tanto para aprendizagem inicial do sistema, quanto para aprimoramento e atualiza\u00e7\u00e3o.<\/p>\n<p style=\"text-align: justify\"><strong>Programa Permanente de Inicia\u00e7\u00e3o ao Servi\u00e7o P\u00fablico:<\/strong>\u00a0a a\u00e7\u00e3o ser\u00e1 realizada no per\u00edodo de 29\/04 a 29\/07\/2020 e est\u00e1 estruturada em 3 m\u00f3dulos: Estado e Administra\u00e7\u00e3o P\u00fablica, Universidade Federal de Pelotas e\u00a0 Legisla\u00e7\u00e3o e Carreira do Servidor P\u00fablico Federal. O Programa at\u00e9 2019 era ofertado apenas aos servidores ingressantes, no entanto, a turma 01 de 2020 ser\u00e1 aberta para todos os servidores interessados, tendo em vista o momento at\u00edpico vivido.<\/p>\n<p style=\"text-align: justify\">Todas as informa\u00e7\u00f5es sobre as capacita\u00e7\u00f5es e o link para inscri\u00e7\u00f5es est\u00e3o dispon\u00edveis<span style=\"color: #ff6600\"><strong> <a style=\"color: #ff6600\" href=\"https:\/\/wp.ufpel.edu.br\/progep\/cdp\/nucleo-de-capacitacao\/acoes-de-capacitacao\/\">aqui<\/a>.<\/strong><\/span><\/p>\n","protected":false},"excerpt":{"rendered":"<p>A Coordena\u00e7\u00e3o de Desenvolvimento de Pessoal (CDP\/PROGEP) comunica que abriu inscri\u00e7\u00f5es para duas novas atividades de capacita\u00e7\u00e3o, destinadas aos servidores da Universidade. As capacita\u00e7\u00f5es ser\u00e3o na modalidade on line (sem tutoria), no ambiente virtual de aprendizagem (AVA-Moodle), s\u00e3o elas: Curso WordPress Institucional: a a\u00e7\u00e3o ser\u00e1 realizada de 29\/04 a 29\/06\/2020. O objetivo \u00e9 capacitar os [&hellip;]<\/p>\n","protected":false},"author":21,"featured_media":0,"comment_status":"closed","ping_status":"closed","sticky":false,"template":"","format":"standard","meta":{"footnotes":""},"categories":[1],"tags":[],"class_list":["post-14707","post","type-post","status-publish","format-standard","hentry","category-noticias"],"jetpack_featured_media_url":"","_links":{"self":[{"href":"https:\/\/wp.ufpel.edu.br\/progep\/wp-json\/wp\/v2\/posts\/14707","targetHints":{"allow":["GET"]}}],"collection":[{"href":"https:\/\/wp.ufpel.edu.br\/progep\/wp-json\/wp\/v2\/posts"}],"about":[{"href":"https:\/\/wp.ufpel.edu.br\/progep\/wp-json\/wp\/v2\/types\/post"}],"author":[{"embeddable":true,"href":"https:\/\/wp.ufpel.edu.br\/progep\/wp-json\/wp\/v2\/users\/21"}],"replies":[{"embeddable":true,"href":"https:\/\/wp.ufpel.edu.br\/progep\/wp-json\/wp\/v2\/comments?post=14707"}],"version-history":[{"count":12,"href":"https:\/\/wp.ufpel.edu.br\/progep\/wp-json\/wp\/v2\/posts\/14707\/revisions"}],"predecessor-version":[{"id":14719,"href":"https:\/\/wp.ufpel.edu.br\/progep\/wp-json\/wp\/v2\/posts\/14707\/revisions\/14719"}],"wp:attachment":[{"href":"https:\/\/wp.ufpel.edu.br\/progep\/wp-json\/wp\/v2\/media?parent=14707"}],"wp:term":[{"taxonomy":"category","embeddable":true,"href":"https:\/\/wp.ufpel.edu.br\/progep\/wp-json\/wp\/v2\/categories?post=14707"},{"taxonomy":"post_tag","embeddable":true,"href":"https:\/\/wp.ufpel.edu.br\/progep\/wp-json\/wp\/v2\/tags?post=14707"}],"curies":[{"name":"wp","href":"https:\/\/api.w.org\/{rel}","templated":true}]}}