{"id":14610,"date":"2020-03-24T15:02:49","date_gmt":"2020-03-24T18:02:49","guid":{"rendered":"https:\/\/wp.ufpel.edu.br\/progep\/?p=14610"},"modified":"2020-04-22T10:18:57","modified_gmt":"2020-04-22T13:18:57","slug":"edital-de-apoio-a-capacitacao-de-servidores-em-acoes-na-modalidade-a-distancia","status":"publish","type":"post","link":"https:\/\/wp.ufpel.edu.br\/progep\/2020\/03\/24\/edital-de-apoio-a-capacitacao-de-servidores-em-acoes-na-modalidade-a-distancia\/","title":{"rendered":"Edital de apoio \u00e0 Capacita\u00e7\u00e3o de Servidores em A\u00e7\u00f5es na Modalidade a Dist\u00e2ncia"},"content":{"rendered":"<p style=\"text-align: justify\">A Coordena\u00e7\u00e3o de Desenvolvimento de Pessoal (CDP\/PROGEP) torna p\u00fablico o Edital de Apoio \u00e0 Capacita\u00e7\u00e3o na MODALIDADE A DIST\u00c2NCIA, destinado aos servidores do quadro permanente da Universidade Federal de Pelotas, conforme <span style=\"color: #ff6600\"><a style=\"color: #ff6600\" href=\"http:\/\/Memorando-Circular n\u00ba 6\/2020\/NUCAP\/CDP\">Memorando-Circular n\u00ba 6\/2020\/NUCAP\/CDP<span style=\"color: #000000\">.<\/span><\/a><\/span><\/p>\n<p style=\"text-align: justify\">O objetivo \u00e9 oportunizar o desenvolvimento integral dos servidores por meio da capacita\u00e7\u00e3o mediante aux\u00edlio para participa\u00e7\u00e3o em a\u00e7\u00e3o de capacita\u00e7\u00e3o, via web, desde que esteja prevista no Plano de Desenvolvimento de Pessoas 2020; alinhada ao desenvolvimento do servidor nas compet\u00eancias relativas a sua Unidade de lota\u00e7\u00e3o; a sua carreira\/cargo efetivo; ou ao cargo de dire\u00e7\u00e3o\/fun\u00e7\u00e3o gratificada; e ocorra entre os meses de abril e junho de 2020.<\/p>\n<p style=\"text-align: justify\">As informa\u00e7\u00f5es necess\u00e1rias para realiza\u00e7\u00e3o da inscri\u00e7\u00e3o constam no referido Edital de Apoio\u00a0e\u00a0qualquer esclarecimento deve ser solicitado \u00e0 CDP pelo e-mail cdp.capacita@ufpel.edu.br ou pelos telefones 3284-3979 e 3284-3980.<\/p>\n<p>&nbsp;<\/p>\n<p>&nbsp;<\/p>\n","protected":false},"excerpt":{"rendered":"<p>A Coordena\u00e7\u00e3o de Desenvolvimento de Pessoal (CDP\/PROGEP) torna p\u00fablico o Edital de Apoio \u00e0 Capacita\u00e7\u00e3o na MODALIDADE A DIST\u00c2NCIA, destinado aos servidores do quadro permanente da Universidade Federal de Pelotas, conforme Memorando-Circular n\u00ba 6\/2020\/NUCAP\/CDP. O objetivo \u00e9 oportunizar o desenvolvimento integral dos servidores por meio da capacita\u00e7\u00e3o mediante aux\u00edlio para participa\u00e7\u00e3o em a\u00e7\u00e3o de capacita\u00e7\u00e3o, [&hellip;]<\/p>\n","protected":false},"author":21,"featured_media":0,"comment_status":"closed","ping_status":"closed","sticky":false,"template":"","format":"standard","meta":{"footnotes":""},"categories":[1],"tags":[],"class_list":["post-14610","post","type-post","status-publish","format-standard","hentry","category-noticias"],"jetpack_featured_media_url":"","_links":{"self":[{"href":"https:\/\/wp.ufpel.edu.br\/progep\/wp-json\/wp\/v2\/posts\/14610","targetHints":{"allow":["GET"]}}],"collection":[{"href":"https:\/\/wp.ufpel.edu.br\/progep\/wp-json\/wp\/v2\/posts"}],"about":[{"href":"https:\/\/wp.ufpel.edu.br\/progep\/wp-json\/wp\/v2\/types\/post"}],"author":[{"embeddable":true,"href":"https:\/\/wp.ufpel.edu.br\/progep\/wp-json\/wp\/v2\/users\/21"}],"replies":[{"embeddable":true,"href":"https:\/\/wp.ufpel.edu.br\/progep\/wp-json\/wp\/v2\/comments?post=14610"}],"version-history":[{"count":4,"href":"https:\/\/wp.ufpel.edu.br\/progep\/wp-json\/wp\/v2\/posts\/14610\/revisions"}],"predecessor-version":[{"id":14758,"href":"https:\/\/wp.ufpel.edu.br\/progep\/wp-json\/wp\/v2\/posts\/14610\/revisions\/14758"}],"wp:attachment":[{"href":"https:\/\/wp.ufpel.edu.br\/progep\/wp-json\/wp\/v2\/media?parent=14610"}],"wp:term":[{"taxonomy":"category","embeddable":true,"href":"https:\/\/wp.ufpel.edu.br\/progep\/wp-json\/wp\/v2\/categories?post=14610"},{"taxonomy":"post_tag","embeddable":true,"href":"https:\/\/wp.ufpel.edu.br\/progep\/wp-json\/wp\/v2\/tags?post=14610"}],"curies":[{"name":"wp","href":"https:\/\/api.w.org\/{rel}","templated":true}]}}