{"id":14599,"date":"2020-03-17T15:03:27","date_gmt":"2020-03-17T18:03:27","guid":{"rendered":"https:\/\/wp.ufpel.edu.br\/progep\/?p=14599"},"modified":"2020-03-17T15:03:27","modified_gmt":"2020-03-17T18:03:27","slug":"csqv-informa-sobre-horario-de-funcionamento-e-contatos","status":"publish","type":"post","link":"https:\/\/wp.ufpel.edu.br\/progep\/2020\/03\/17\/csqv-informa-sobre-horario-de-funcionamento-e-contatos\/","title":{"rendered":"CSQV informa sobre hor\u00e1rio de funcionamento e contatos"},"content":{"rendered":"<p>A Coordena\u00e7\u00e3o de Sa\u00fade e Qualidade de Vida informa o hor\u00e1rio de funcionamento e contatos considerando o disposto na Portaria n\u00ba 584\/2020, de 13 de mar\u00e7o de 2020.<\/p>\n<p>Hor\u00e1rio de Funcionamento:<\/p>\n<p>8 \u00e0s 12 horas e 14 \u00e0s 18 horas<\/p>\n<p>Telefones para contato:<\/p>\n<p>3284 3981<\/p>\n<p>3284 3985<\/p>\n<p>Endere\u00e7os eletr\u00f4nicos:<\/p>\n<p>csqv@ufpel.edu.br<\/p>\n<p>pericia.medica@ufpel.edu.br<\/p>\n","protected":false},"excerpt":{"rendered":"<p>A Coordena\u00e7\u00e3o de Sa\u00fade e Qualidade de Vida informa o hor\u00e1rio de funcionamento e contatos considerando o disposto na Portaria n\u00ba 584\/2020, de 13 de mar\u00e7o de 2020. Hor\u00e1rio de Funcionamento: 8 \u00e0s 12 horas e 14 \u00e0s 18 horas Telefones para contato: 3284 3981 3284 3985 Endere\u00e7os eletr\u00f4nicos: csqv@ufpel.edu.br pericia.medica@ufpel.edu.br<\/p>\n","protected":false},"author":246,"featured_media":0,"comment_status":"closed","ping_status":"closed","sticky":false,"template":"","format":"standard","meta":{"footnotes":""},"categories":[1],"tags":[],"class_list":["post-14599","post","type-post","status-publish","format-standard","hentry","category-noticias"],"jetpack_featured_media_url":"","_links":{"self":[{"href":"https:\/\/wp.ufpel.edu.br\/progep\/wp-json\/wp\/v2\/posts\/14599","targetHints":{"allow":["GET"]}}],"collection":[{"href":"https:\/\/wp.ufpel.edu.br\/progep\/wp-json\/wp\/v2\/posts"}],"about":[{"href":"https:\/\/wp.ufpel.edu.br\/progep\/wp-json\/wp\/v2\/types\/post"}],"author":[{"embeddable":true,"href":"https:\/\/wp.ufpel.edu.br\/progep\/wp-json\/wp\/v2\/users\/246"}],"replies":[{"embeddable":true,"href":"https:\/\/wp.ufpel.edu.br\/progep\/wp-json\/wp\/v2\/comments?post=14599"}],"version-history":[{"count":3,"href":"https:\/\/wp.ufpel.edu.br\/progep\/wp-json\/wp\/v2\/posts\/14599\/revisions"}],"predecessor-version":[{"id":14603,"href":"https:\/\/wp.ufpel.edu.br\/progep\/wp-json\/wp\/v2\/posts\/14599\/revisions\/14603"}],"wp:attachment":[{"href":"https:\/\/wp.ufpel.edu.br\/progep\/wp-json\/wp\/v2\/media?parent=14599"}],"wp:term":[{"taxonomy":"category","embeddable":true,"href":"https:\/\/wp.ufpel.edu.br\/progep\/wp-json\/wp\/v2\/categories?post=14599"},{"taxonomy":"post_tag","embeddable":true,"href":"https:\/\/wp.ufpel.edu.br\/progep\/wp-json\/wp\/v2\/tags?post=14599"}],"curies":[{"name":"wp","href":"https:\/\/api.w.org\/{rel}","templated":true}]}}