{"id":14592,"date":"2020-03-06T11:02:02","date_gmt":"2020-03-06T14:02:02","guid":{"rendered":"https:\/\/wp.ufpel.edu.br\/progep\/?p=14592"},"modified":"2022-09-26T21:12:29","modified_gmt":"2022-09-27T00:12:29","slug":"atestado-de-vinculo-funcional-no-cobalto","status":"publish","type":"post","link":"https:\/\/wp.ufpel.edu.br\/progep\/2020\/03\/06\/atestado-de-vinculo-funcional-no-cobalto\/","title":{"rendered":"Atestado de V\u00ednculo Funcional no Cobalto"},"content":{"rendered":"<p>A partir do m\u00eas de mar\u00e7o de 2020, os servidores ativos da UFPel ligados ao Regime Jur\u00eddico \u00danico (RJU) poder\u00e3o emitir atestado de v\u00ednculo funcional (inclusive aquele necess\u00e1rio para obter a Certid\u00e3o de Tempo de Servi\u00e7o junto ao INSS) pelo Cobalto.<\/p>\n<p>A emiss\u00e3o do Atestado pode ser efetuada atrav\u00e9s do Menu PROGEP&gt;&gt;Servidor&gt;&gt;Consultador dados&gt;&gt;Imprimir.<\/p>\n<p>As d\u00favidas podem ser tiradas com o N\u00facleo de Movimenta\u00e7\u00e3o de Pessoal, pelo telefone 3284-3974 ou pelo e-mail &#8220;cadastro@ufpel.edu.br&#8221;.<\/p>\n","protected":false},"excerpt":{"rendered":"<p>A partir do m\u00eas de mar\u00e7o de 2020, os servidores ativos da UFPel ligados ao Regime Jur\u00eddico \u00danico (RJU) poder\u00e3o emitir atestado de v\u00ednculo funcional (inclusive aquele necess\u00e1rio para obter a Certid\u00e3o de Tempo de Servi\u00e7o junto ao INSS) pelo Cobalto. A emiss\u00e3o do Atestado pode ser efetuada atrav\u00e9s do Menu PROGEP&gt;&gt;Servidor&gt;&gt;Consultador dados&gt;&gt;Imprimir. As d\u00favidas [&hellip;]<\/p>\n","protected":false},"author":52,"featured_media":0,"comment_status":"closed","ping_status":"closed","sticky":false,"template":"","format":"standard","meta":{"footnotes":""},"categories":[1],"tags":[],"class_list":["post-14592","post","type-post","status-publish","format-standard","hentry","category-noticias"],"jetpack_featured_media_url":"","_links":{"self":[{"href":"https:\/\/wp.ufpel.edu.br\/progep\/wp-json\/wp\/v2\/posts\/14592","targetHints":{"allow":["GET"]}}],"collection":[{"href":"https:\/\/wp.ufpel.edu.br\/progep\/wp-json\/wp\/v2\/posts"}],"about":[{"href":"https:\/\/wp.ufpel.edu.br\/progep\/wp-json\/wp\/v2\/types\/post"}],"author":[{"embeddable":true,"href":"https:\/\/wp.ufpel.edu.br\/progep\/wp-json\/wp\/v2\/users\/52"}],"replies":[{"embeddable":true,"href":"https:\/\/wp.ufpel.edu.br\/progep\/wp-json\/wp\/v2\/comments?post=14592"}],"version-history":[{"count":1,"href":"https:\/\/wp.ufpel.edu.br\/progep\/wp-json\/wp\/v2\/posts\/14592\/revisions"}],"predecessor-version":[{"id":14594,"href":"https:\/\/wp.ufpel.edu.br\/progep\/wp-json\/wp\/v2\/posts\/14592\/revisions\/14594"}],"wp:attachment":[{"href":"https:\/\/wp.ufpel.edu.br\/progep\/wp-json\/wp\/v2\/media?parent=14592"}],"wp:term":[{"taxonomy":"category","embeddable":true,"href":"https:\/\/wp.ufpel.edu.br\/progep\/wp-json\/wp\/v2\/categories?post=14592"},{"taxonomy":"post_tag","embeddable":true,"href":"https:\/\/wp.ufpel.edu.br\/progep\/wp-json\/wp\/v2\/tags?post=14592"}],"curies":[{"name":"wp","href":"https:\/\/api.w.org\/{rel}","templated":true}]}}