{"id":14588,"date":"2020-03-05T10:52:29","date_gmt":"2020-03-05T13:52:29","guid":{"rendered":"https:\/\/wp.ufpel.edu.br\/progep\/?p=14588"},"modified":"2022-09-26T21:12:51","modified_gmt":"2022-09-27T00:12:51","slug":"campanha-de-vacinacao-contra-a-gripe-na-ufpel","status":"publish","type":"post","link":"https:\/\/wp.ufpel.edu.br\/progep\/2020\/03\/05\/campanha-de-vacinacao-contra-a-gripe-na-ufpel\/","title":{"rendered":"Campanha de vacina\u00e7\u00e3o contra a gripe na UFPel"},"content":{"rendered":"<p><img class=\" wp-image-14590 alignleft\" src=\"https:\/\/wp.ufpel.edu.br\/progep\/files\/2020\/03\/Campanha-de-vacinacao-contra-gripe-sera-em-marco-de-2020-1-400x225.jpg\" alt=\"\" width=\"322\" height=\"181\" srcset=\"https:\/\/wp.ufpel.edu.br\/progep\/files\/2020\/03\/Campanha-de-vacinacao-contra-gripe-sera-em-marco-de-2020-1-400x225.jpg 400w, https:\/\/wp.ufpel.edu.br\/progep\/files\/2020\/03\/Campanha-de-vacinacao-contra-gripe-sera-em-marco-de-2020-1-1024x577.jpg 1024w, https:\/\/wp.ufpel.edu.br\/progep\/files\/2020\/03\/Campanha-de-vacinacao-contra-gripe-sera-em-marco-de-2020-1-768x433.jpg 768w, https:\/\/wp.ufpel.edu.br\/progep\/files\/2020\/03\/Campanha-de-vacinacao-contra-gripe-sera-em-marco-de-2020-1.jpg 1100w\" sizes=\"(max-width: 322px) 100vw, 322px\" \/><\/p>\n<p>A Coordena\u00e7\u00e3o de Sa\u00fade e Qualidade de Vida informa a comunidade da UFPel sobre a campanha de vacina\u00e7\u00e3o contra a gripe (influenza) no ano de 2020.Conforme divulgado pelo Minist\u00e9rio da Sa\u00fade, este ano a campanha contra a gripe ser\u00e1 antecipada. Nacionalmente, ter\u00e1 in\u00edcio no dia 23 de mar\u00e7o.<\/p>\n<p>O Minist\u00e9rio da Sa\u00fade vai antecipar a Campanha Nacional de Vacina\u00e7\u00e3o contra a Influenza como estrat\u00e9gia de diminuir a quantidade de pessoas com gripe nesse inverno.<\/p>\n<p>O P\u00fablico alvo aqui na UFPel inicialmente ser\u00e1 : gestantes , pessoas acima de 55 anos e idosos, pessoas com doen\u00e7as cr\u00f4nicas e docentes .<\/p>\n<p>A CSQV em breve estar\u00e1 divulgando as orienta\u00e7\u00f5es mais espec\u00edficas e o calend\u00e1rio para aplica\u00e7\u00e3o das vacinas , bem como os locais e hor\u00e1rios de atendimento da equipe de enfermagem.<\/p>\n<p>Informa\u00e7\u00f5es mais detalhadas podem ser acessadas no link do <a href=\"https:\/\/www.saude.gov.br\/noticias\/agencia-saude\/46449-campanha-de-vacinacao-contra-a-gripe-sera-antecipada\">Minist\u00e9rio da Sa\u00fade .<\/a><\/p>\n<p>Fiquem atentos , em breve novas informa\u00e7\u00f5es!<\/p>\n","protected":false},"excerpt":{"rendered":"<p>A Coordena\u00e7\u00e3o de Sa\u00fade e Qualidade de Vida informa a comunidade da UFPel sobre a campanha de vacina\u00e7\u00e3o contra a gripe (influenza) no ano de 2020.Conforme divulgado pelo Minist\u00e9rio da Sa\u00fade, este ano a campanha contra a gripe ser\u00e1 antecipada. Nacionalmente, ter\u00e1 in\u00edcio no dia 23 de mar\u00e7o. O Minist\u00e9rio da Sa\u00fade vai antecipar a [&hellip;]<\/p>\n","protected":false},"author":246,"featured_media":0,"comment_status":"closed","ping_status":"closed","sticky":false,"template":"","format":"standard","meta":{"footnotes":""},"categories":[1],"tags":[],"class_list":["post-14588","post","type-post","status-publish","format-standard","hentry","category-noticias"],"jetpack_featured_media_url":"","_links":{"self":[{"href":"https:\/\/wp.ufpel.edu.br\/progep\/wp-json\/wp\/v2\/posts\/14588","targetHints":{"allow":["GET"]}}],"collection":[{"href":"https:\/\/wp.ufpel.edu.br\/progep\/wp-json\/wp\/v2\/posts"}],"about":[{"href":"https:\/\/wp.ufpel.edu.br\/progep\/wp-json\/wp\/v2\/types\/post"}],"author":[{"embeddable":true,"href":"https:\/\/wp.ufpel.edu.br\/progep\/wp-json\/wp\/v2\/users\/246"}],"replies":[{"embeddable":true,"href":"https:\/\/wp.ufpel.edu.br\/progep\/wp-json\/wp\/v2\/comments?post=14588"}],"version-history":[{"count":1,"href":"https:\/\/wp.ufpel.edu.br\/progep\/wp-json\/wp\/v2\/posts\/14588\/revisions"}],"predecessor-version":[{"id":14591,"href":"https:\/\/wp.ufpel.edu.br\/progep\/wp-json\/wp\/v2\/posts\/14588\/revisions\/14591"}],"wp:attachment":[{"href":"https:\/\/wp.ufpel.edu.br\/progep\/wp-json\/wp\/v2\/media?parent=14588"}],"wp:term":[{"taxonomy":"category","embeddable":true,"href":"https:\/\/wp.ufpel.edu.br\/progep\/wp-json\/wp\/v2\/categories?post=14588"},{"taxonomy":"post_tag","embeddable":true,"href":"https:\/\/wp.ufpel.edu.br\/progep\/wp-json\/wp\/v2\/tags?post=14588"}],"curies":[{"name":"wp","href":"https:\/\/api.w.org\/{rel}","templated":true}]}}