{"id":14543,"date":"2020-02-11T11:58:29","date_gmt":"2020-02-11T14:58:29","guid":{"rendered":"https:\/\/wp.ufpel.edu.br\/progep\/?p=14543"},"modified":"2022-09-26T21:12:38","modified_gmt":"2022-09-27T00:12:38","slug":"informe-sobre-licenca-para-tratamento-de-saude-e-ferias","status":"publish","type":"post","link":"https:\/\/wp.ufpel.edu.br\/progep\/2020\/02\/11\/informe-sobre-licenca-para-tratamento-de-saude-e-ferias\/","title":{"rendered":"Informe sobre Licen\u00e7a para tratamento de sa\u00fade e f\u00e9rias"},"content":{"rendered":"<p>A\u00a0 CSQV Informa sobre licen\u00e7as para tratamento de sa\u00fade e f\u00e9rias dos servidores e servidoras da UFPEL.<\/p>\n<p>Encaminhamos para conhecimento o\u00a0<a href=\"https:\/\/wp.ufpel.edu.br\/progep\/files\/2020\/02\/Manual-de-Pericia-Oficial-em-Saude-Memo-Circular-4.2020-CSQV.pdf\">Manual de Per\u00edcia Oficial em Sa\u00fade <\/a>, onde constam os<br \/>\nregramentos de condutas obrigat\u00f3rias da Se\u00e7\u00e3o de Per\u00edcia M\u00e9dica, e solicitamos especial aten\u00e7\u00e3o ao que se refere ao<br \/>\ngozo de f\u00e9rias e licen\u00e7a para tratamento de sa\u00fade:<br \/>\n&#8211; A chefia imediata do servidor licenciado para tratamento de sa\u00fade n\u00e3o permitir\u00e1 que ele reassuma o<br \/>\nexerc\u00edcio de seu cargo, fun\u00e7\u00e3o ou emprego, nem autorizar\u00e1 a homologa\u00e7\u00e3o ou gozo de f\u00e9rias ou licen\u00e7a-pr\u00eamio, antes<br \/>\nde ficar confirmada, por meio de avalia\u00e7\u00e3o pericial, a cessa\u00e7\u00e3o da incapacidade para o trabalho, conforme informa\u00e7\u00e3o<br \/>\ncontida no Laudo Pericial;<br \/>\n&#8211; O servidor que necessitar de tratamento de sa\u00fade durante o per\u00edodo de f\u00e9rias, n\u00e3o ter\u00e1 suas f\u00e9rias<br \/>\ninterrompidas. Ap\u00f3s o t\u00e9rmino de suas f\u00e9rias, dever\u00e1 comparecer \u00e0 unidade de aten\u00e7\u00e3o \u00e0 sa\u00fade do servidor para<br \/>\navalia\u00e7\u00e3o da capacidade laborativa (art. 80 da Lei n\u00b0 8.112, de 1990);<br \/>\n&#8211; O servidor que entrar de licen\u00e7a por motivo de sa\u00fade at\u00e9 o dia anterior ao in\u00edcio de suas f\u00e9rias ter\u00e1<br \/>\nsuas f\u00e9rias suspensas enquanto durar o afastamento, e remarcadas.<\/p>\n<p>Mais informa\u00e7\u00f5es atrav\u00e9s do telefone 23843985 (Per\u00edcia M\u00e9dica)<\/p>\n<p>Email : pericia.medica@ufpel.edu.br<\/p>\n<p>&nbsp;<\/p>\n","protected":false},"excerpt":{"rendered":"<p>A\u00a0 CSQV Informa sobre licen\u00e7as para tratamento de sa\u00fade e f\u00e9rias dos servidores e servidoras da UFPEL. Encaminhamos para conhecimento o\u00a0Manual de Per\u00edcia Oficial em Sa\u00fade , onde constam os regramentos de condutas obrigat\u00f3rias da Se\u00e7\u00e3o de Per\u00edcia M\u00e9dica, e solicitamos especial aten\u00e7\u00e3o ao que se refere ao gozo de f\u00e9rias e licen\u00e7a para tratamento [&hellip;]<\/p>\n","protected":false},"author":246,"featured_media":0,"comment_status":"closed","ping_status":"closed","sticky":false,"template":"","format":"standard","meta":{"footnotes":""},"categories":[1],"tags":[],"class_list":["post-14543","post","type-post","status-publish","format-standard","hentry","category-noticias"],"jetpack_featured_media_url":"","_links":{"self":[{"href":"https:\/\/wp.ufpel.edu.br\/progep\/wp-json\/wp\/v2\/posts\/14543","targetHints":{"allow":["GET"]}}],"collection":[{"href":"https:\/\/wp.ufpel.edu.br\/progep\/wp-json\/wp\/v2\/posts"}],"about":[{"href":"https:\/\/wp.ufpel.edu.br\/progep\/wp-json\/wp\/v2\/types\/post"}],"author":[{"embeddable":true,"href":"https:\/\/wp.ufpel.edu.br\/progep\/wp-json\/wp\/v2\/users\/246"}],"replies":[{"embeddable":true,"href":"https:\/\/wp.ufpel.edu.br\/progep\/wp-json\/wp\/v2\/comments?post=14543"}],"version-history":[{"count":1,"href":"https:\/\/wp.ufpel.edu.br\/progep\/wp-json\/wp\/v2\/posts\/14543\/revisions"}],"predecessor-version":[{"id":14547,"href":"https:\/\/wp.ufpel.edu.br\/progep\/wp-json\/wp\/v2\/posts\/14543\/revisions\/14547"}],"wp:attachment":[{"href":"https:\/\/wp.ufpel.edu.br\/progep\/wp-json\/wp\/v2\/media?parent=14543"}],"wp:term":[{"taxonomy":"category","embeddable":true,"href":"https:\/\/wp.ufpel.edu.br\/progep\/wp-json\/wp\/v2\/categories?post=14543"},{"taxonomy":"post_tag","embeddable":true,"href":"https:\/\/wp.ufpel.edu.br\/progep\/wp-json\/wp\/v2\/tags?post=14543"}],"curies":[{"name":"wp","href":"https:\/\/api.w.org\/{rel}","templated":true}]}}