{"id":14493,"date":"2020-02-04T09:56:58","date_gmt":"2020-02-04T12:56:58","guid":{"rendered":"https:\/\/wp.ufpel.edu.br\/progep\/?p=14493"},"modified":"2022-09-26T21:12:41","modified_gmt":"2022-09-27T00:12:41","slug":"nota-tecnica-sobre-cirurgias-plasticas","status":"publish","type":"post","link":"https:\/\/wp.ufpel.edu.br\/progep\/2020\/02\/04\/nota-tecnica-sobre-cirurgias-plasticas\/","title":{"rendered":"Nota t\u00e9cnica sobre cirurgias pl\u00e1sticas"},"content":{"rendered":"<p>A CSQV informa sobre procedimento de cirurgia pl\u00e1stica eletiva .<\/p>\n<p>Visando atender ao exposto na\u00a0Nota T\u00e9cnica\u00a0N\u00ba 82\/2014\/CGNOR\/DENOP\/SEGEP\/MP, orientamos aos servidores\/as que, antecipadamente ao procedimento de cirurgia pl\u00e1stica eletiva, busque avalia\u00e7\u00e3o m\u00e9dica na Se\u00e7\u00e3o de Per\u00edcia da Universidade.<br \/>\nContatos:<br \/>\nRua Gomes Carneiro, 1 Sala 210 -PROGEP<br \/>\n32843985<\/p>\n<p><a href=\"mailto:pericia.medica@ufpel.edu.br\" target=\"_blank\" rel=\"nofollow noopener noreferrer\">pericia.medica@ufpel.edu.br<\/a><\/p>\n<blockquote class=\"wp-embedded-content\" data-secret=\"T5DeYhcmYR\"><p><a href=\"https:\/\/wp.ufpel.edu.br\/progep\/csqv\/nucleo-de-seguranca-e-medicina-do-trabalho\/nota-tecnica-sobre-cirurgias-plasticas\/\">NOTA T\u00c9CNICA SOBRE CIRURGIAS PL\u00c1STICAS<\/a><\/p><\/blockquote>\n<p><iframe class=\"wp-embedded-content\" sandbox=\"allow-scripts\" security=\"restricted\" style=\"position: absolute; clip: rect(1px, 1px, 1px, 1px);\" title=\"&#8220;NOTA T\u00c9CNICA SOBRE CIRURGIAS PL\u00c1STICAS&#8221; &#8212; Pr\u00f3-Reitoria de Gest\u00e3o de Pessoas - PROGEP\" src=\"https:\/\/wp.ufpel.edu.br\/progep\/csqv\/nucleo-de-seguranca-e-medicina-do-trabalho\/nota-tecnica-sobre-cirurgias-plasticas\/embed\/#?secret=C9icx6Fgfu#?secret=T5DeYhcmYR\" data-secret=\"T5DeYhcmYR\" width=\"500\" height=\"282\" frameborder=\"0\" marginwidth=\"0\" marginheight=\"0\" scrolling=\"no\"><\/iframe><\/p>\n","protected":false},"excerpt":{"rendered":"<p>A CSQV informa sobre procedimento de cirurgia pl\u00e1stica eletiva . Visando atender ao exposto na\u00a0Nota T\u00e9cnica\u00a0N\u00ba 82\/2014\/CGNOR\/DENOP\/SEGEP\/MP, orientamos aos servidores\/as que, antecipadamente ao procedimento de cirurgia pl\u00e1stica eletiva, busque avalia\u00e7\u00e3o m\u00e9dica na Se\u00e7\u00e3o de Per\u00edcia da Universidade. Contatos: Rua Gomes Carneiro, 1 Sala 210 -PROGEP 32843985 pericia.medica@ufpel.edu.br NOTA T\u00c9CNICA SOBRE CIRURGIAS PL\u00c1STICAS<\/p>\n","protected":false},"author":246,"featured_media":0,"comment_status":"closed","ping_status":"closed","sticky":false,"template":"","format":"standard","meta":{"footnotes":""},"categories":[1],"tags":[],"class_list":["post-14493","post","type-post","status-publish","format-standard","hentry","category-noticias"],"jetpack_featured_media_url":"","_links":{"self":[{"href":"https:\/\/wp.ufpel.edu.br\/progep\/wp-json\/wp\/v2\/posts\/14493","targetHints":{"allow":["GET"]}}],"collection":[{"href":"https:\/\/wp.ufpel.edu.br\/progep\/wp-json\/wp\/v2\/posts"}],"about":[{"href":"https:\/\/wp.ufpel.edu.br\/progep\/wp-json\/wp\/v2\/types\/post"}],"author":[{"embeddable":true,"href":"https:\/\/wp.ufpel.edu.br\/progep\/wp-json\/wp\/v2\/users\/246"}],"replies":[{"embeddable":true,"href":"https:\/\/wp.ufpel.edu.br\/progep\/wp-json\/wp\/v2\/comments?post=14493"}],"version-history":[{"count":1,"href":"https:\/\/wp.ufpel.edu.br\/progep\/wp-json\/wp\/v2\/posts\/14493\/revisions"}],"predecessor-version":[{"id":14496,"href":"https:\/\/wp.ufpel.edu.br\/progep\/wp-json\/wp\/v2\/posts\/14493\/revisions\/14496"}],"wp:attachment":[{"href":"https:\/\/wp.ufpel.edu.br\/progep\/wp-json\/wp\/v2\/media?parent=14493"}],"wp:term":[{"taxonomy":"category","embeddable":true,"href":"https:\/\/wp.ufpel.edu.br\/progep\/wp-json\/wp\/v2\/categories?post=14493"},{"taxonomy":"post_tag","embeddable":true,"href":"https:\/\/wp.ufpel.edu.br\/progep\/wp-json\/wp\/v2\/tags?post=14493"}],"curies":[{"name":"wp","href":"https:\/\/api.w.org\/{rel}","templated":true}]}}