{"id":14487,"date":"2020-01-31T10:32:48","date_gmt":"2020-01-31T13:32:48","guid":{"rendered":"https:\/\/wp.ufpel.edu.br\/progep\/?p=14487"},"modified":"2022-09-26T21:12:35","modified_gmt":"2022-09-27T00:12:35","slug":"csqv-informa-sobre-o-novo-coronavirus","status":"publish","type":"post","link":"https:\/\/wp.ufpel.edu.br\/progep\/2020\/01\/31\/csqv-informa-sobre-o-novo-coronavirus\/","title":{"rendered":"CSQV informa sobre o novo Coronav\u00edrus"},"content":{"rendered":"<p>A Coordena\u00e7\u00e3o de Sa\u00fade e Qualidade de Vida informa a comunidade da UFPel sobre um novo v\u00edrus que tem causado doen\u00e7a respirat\u00f3ria pelo agente coronav\u00edrus, com casos recentemente registrados na China, na prov\u00edncia de Wuhan.\u00a0 Os coronav\u00edrus s\u00e3o uma grande fam\u00edlia viral, conhecidos desde meados de 1960, que causam infec\u00e7\u00f5es respirat\u00f3rias em seres humanos e em animais.<\/p>\n<p>Geralmente, infec\u00e7\u00f5es por coronav\u00edrus causam doen\u00e7as respirat\u00f3rias leves a moderadas, semelhantes a um resfriado comum. Alguns coronav\u00edrus podem causar doen\u00e7as graves com impacto importante em termos de sa\u00fade p\u00fablica, como a S\u00edndrome Respirat\u00f3ria Aguda Grave (SARS), identificada em 2002 e a S\u00edndrome Respirat\u00f3ria do Oriente M\u00e9dio (MERS), identificada em 2012.<\/p>\n<p>A transmiss\u00e3o dos coronav\u00edrus costuma ocorrer pelo ar ou por contato pessoal com secre\u00e7\u00f5es contaminadas, como:<\/p>\n<ul>\n<li>got\u00edculas de saliva;<\/li>\n<li>espirro;<\/li>\n<li>tosse;<\/li>\n<li>catarro;<\/li>\n<li>contato pessoal pr\u00f3ximo, como toque ou aperto de m\u00e3o;<\/li>\n<li>contato com objetos ou superf\u00edcies contaminadas, seguido de contato com a boca, nariz ou olhos.<\/li>\n<\/ul>\n<p>Os coronav\u00edrus apresentam uma transmiss\u00e3o menos intensa que o v\u00edrus da gripe e, portanto, o risco de maior circula\u00e7\u00e3o mundial \u00e9 menor.<\/p>\n<p>O v\u00edrus pode ficar incubado por duas semanas, per\u00edodo em que os primeiros sintomas levam para aparecer desde a infec\u00e7\u00e3o.<\/p>\n<p>Os sinais e sintomas cl\u00ednicos do novo coronav\u00edrus s\u00e3o principalmente respirat\u00f3rios, semelhantes a um resfriado. Podem, tamb\u00e9m, causar infec\u00e7\u00e3o do trato respirat\u00f3rio inferior, como as pneumonias.<\/p>\n<p>Os principais sintomas s\u00e3o:<\/p>\n<div class=\"su-table\">\n<ul>\n<li><span style=\"color: #000000\">Febre.<\/span><\/li>\n<li><span style=\"color: #000000\">Tosse.<\/span><\/li>\n<li><span style=\"color: #000000\">Dificuldade para respirar<\/span><\/li>\n<\/ul>\n<p>Ainda n\u00e3o existe vacina para esse v\u00edrus, e os doentes s\u00e3o tratados individualmente, com analg\u00e9sicos e antit\u00e9rmicos. Os casos mais graves necessitam de interna\u00e7\u00e3o hospitalar e monitora\u00e7\u00e3o intensiva, j\u00e1 os mais leves podem ser acompanhados em domic\u00edlio pela rede de cuidados b\u00e1sicos de sa\u00fade de cada localidade.<\/p>\n<p><img class=\"aligncenter\" src=\"http:\/\/saude.gov.br\/images\/jpg\/2020\/janeiro\/23\/novo-coronavirus-interna.jpg\" width=\"475\" height=\"726\" \/><\/p>\n<p>O Minist\u00e9rio da Sa\u00fade orienta cuidados b\u00e1sicos para reduzir o risco geral de contrair ou transmitir infec\u00e7\u00f5es respirat\u00f3rias agudas, incluindo o novo coronav\u00edrus. Entre as medidas est\u00e3o:<\/p>\n<ul>\n<li>evitar contato pr\u00f3ximo com pessoas que sofrem de infec\u00e7\u00f5es respirat\u00f3rias agudas;<\/li>\n<li>realizar lavagem frequente das m\u00e3os, especialmente ap\u00f3s contato direto com pessoas doentes ou com o meio ambiente;<\/li>\n<li>utilizar len\u00e7o descart\u00e1vel para higiene nasal;<\/li>\n<li>cobrir nariz e boca quando espirrar ou tossir;<\/li>\n<li>evitar tocar mucosas de olhos, nariz e boca;<\/li>\n<li>higienizar as m\u00e3os ap\u00f3s tossir ou espirrar;<\/li>\n<li>n\u00e3o compartilhar objetos de uso pessoal, como talheres, pratos, copos ou garrafas;<\/li>\n<li>manter os ambientes bem ventilados;<\/li>\n<li>evitar contato pr\u00f3ximo a pessoas que apresentem sinais ou sintomas da doen\u00e7a;<\/li>\n<li>evitar contato pr\u00f3ximo com animais selvagens e animais doentes em fazendas ou cria\u00e7\u00f5es.<\/li>\n<\/ul>\n<p>Casos suspeitos devem ser notificados imediatamente, segundo esses 3 crit\u00e9rios:<\/p>\n<table style=\"height: 200px\">\n<tbody>\n<tr style=\"height: 24px\">\n<td style=\"height: 24px\"><span style=\"color: #ff0000\"><strong>SITUA\u00c7\u00c3O 01<\/strong><\/span><\/td>\n<td style=\"height: 24px\"><span style=\"color: #ff0000\"><strong>SITUA\u00c7\u00c3O 02<\/strong><\/span><\/td>\n<td style=\"height: 24px\"><span style=\"color: #ff0000\"><strong>SITUA\u00c7\u00c3O 03<\/strong><\/span><\/td>\n<\/tr>\n<tr style=\"height: 176px\">\n<td style=\"height: 176px\"><span style=\"color: #000080\">Febre\u00a0<strong>E<\/strong>\u00a0pelo menos um sinal ou sintoma respirat\u00f3rio (tosse, dificuldade para respirar)\u00a0<strong>E\u00a0<\/strong>hist\u00f3rico de viagem para \u00e1rea com transmiss\u00e3o local, de acordo com a OMS, nos \u00faltimos 14 dias anteriores ao aparecimento dos sinais ou sintomas;\u00a0<strong>OU<\/strong><\/span><\/td>\n<td style=\"height: 176px\"><span style=\"color: #000080\">Febre\u00a0<strong>E<\/strong>\u00a0pelo menos um sinal ou sintoma respirat\u00f3rio (tosse, dificuldade para respirar)\u00a0<strong>E\u00a0<\/strong>hist\u00f3rico de\u00a0<strong>contato pr\u00f3ximo de caso<em>\u00a0suspeito<\/em><\/strong>\u00a0para o coronav\u00edrus nos \u00faltimos 14 dias anteriores ao aparecimento dos sinais ou sintomas;\u00a0<strong>OU<\/strong><\/span><\/td>\n<td style=\"height: 176px\"><span style=\"color: #000080\">Febre\u00a0<strong>OU<\/strong>\u00a0pelo menos um sinal ou sintoma respirat\u00f3rio (tosse, dificuldade para respirar)\u00a0<strong>E\u00a0\u00a0<em>contato pr\u00f3ximo de caso confirmado<\/em>\u00a0de coronav\u00edrus\u00a0<\/strong>em laborat\u00f3rio, nos \u00faltimos 14 dias anteriores ao aparecimento dos sinais ou sintomas.<\/span><\/td>\n<\/tr>\n<\/tbody>\n<\/table>\n<p>No Brasil hoje , ainda n\u00e3o h\u00e1 casos confirmados, por\u00e9m existem 09 casos suspeitos sendo investigados conforme os protocolos da Organiza\u00e7\u00e3o Mundial da Sa\u00fade . No Rio Grande do Sul s\u00e3o dois casos suspeitos, sendo que um deles foi notificado em nossa cidade e est\u00e1 sendo avaliado.<\/p>\n<p>\u00c9 importante que as pessoas estejam atentas aos alertas dessa doen\u00e7a, se informem e adotem as medidas preventivas.<\/p>\n<p>O Minist\u00e9rio da Sa\u00fade est\u00e1 monitorando todas as notifica\u00e7\u00f5es e j\u00e1 estabeleceu a log\u00edstica necess\u00e1ria junto a suas ag\u00eancias caso ocorra a entrada do coronav\u00edrus no pa\u00eds.<\/p>\n<p>Mais informa\u00e7\u00f5es podem ser obtidas nos links abaixo:<\/p>\n<p>Minist\u00e9rio da Sa\u00fade<\/p>\n<p><a href=\"https:\/\/saude.gov.br\/saude-de-a-z\/novocoronavirus\">https:\/\/saude.gov.br\/saude-de-a-z\/novocoronavirus<\/a><\/p>\n<p><a href=\"http:\/\/www.saude.gov.br\/noticias\/agencia-saude\/46251-ministerio-da-saude-registra-9-casos-suspeitos-do-novo-coronavirus-no-brasil\">http:\/\/www.saude.gov.br\/noticias\/agencia-saude\/46251-ministerio-da-saude-registra-9-casos-suspeitos-do-novo-coronavirus-no-brasil<\/a><\/p>\n<\/div>\n","protected":false},"excerpt":{"rendered":"<p>A Coordena\u00e7\u00e3o de Sa\u00fade e Qualidade de Vida informa a comunidade da UFPel sobre um novo v\u00edrus que tem causado doen\u00e7a respirat\u00f3ria pelo agente coronav\u00edrus, com casos recentemente registrados na China, na prov\u00edncia de Wuhan.\u00a0 Os coronav\u00edrus s\u00e3o uma grande fam\u00edlia viral, conhecidos desde meados de 1960, que causam infec\u00e7\u00f5es respirat\u00f3rias em seres humanos e [&hellip;]<\/p>\n","protected":false},"author":246,"featured_media":0,"comment_status":"closed","ping_status":"closed","sticky":false,"template":"","format":"standard","meta":{"footnotes":""},"categories":[1],"tags":[],"class_list":["post-14487","post","type-post","status-publish","format-standard","hentry","category-noticias"],"jetpack_featured_media_url":"","_links":{"self":[{"href":"https:\/\/wp.ufpel.edu.br\/progep\/wp-json\/wp\/v2\/posts\/14487","targetHints":{"allow":["GET"]}}],"collection":[{"href":"https:\/\/wp.ufpel.edu.br\/progep\/wp-json\/wp\/v2\/posts"}],"about":[{"href":"https:\/\/wp.ufpel.edu.br\/progep\/wp-json\/wp\/v2\/types\/post"}],"author":[{"embeddable":true,"href":"https:\/\/wp.ufpel.edu.br\/progep\/wp-json\/wp\/v2\/users\/246"}],"replies":[{"embeddable":true,"href":"https:\/\/wp.ufpel.edu.br\/progep\/wp-json\/wp\/v2\/comments?post=14487"}],"version-history":[{"count":3,"href":"https:\/\/wp.ufpel.edu.br\/progep\/wp-json\/wp\/v2\/posts\/14487\/revisions"}],"predecessor-version":[{"id":14492,"href":"https:\/\/wp.ufpel.edu.br\/progep\/wp-json\/wp\/v2\/posts\/14487\/revisions\/14492"}],"wp:attachment":[{"href":"https:\/\/wp.ufpel.edu.br\/progep\/wp-json\/wp\/v2\/media?parent=14487"}],"wp:term":[{"taxonomy":"category","embeddable":true,"href":"https:\/\/wp.ufpel.edu.br\/progep\/wp-json\/wp\/v2\/categories?post=14487"},{"taxonomy":"post_tag","embeddable":true,"href":"https:\/\/wp.ufpel.edu.br\/progep\/wp-json\/wp\/v2\/tags?post=14487"}],"curies":[{"name":"wp","href":"https:\/\/api.w.org\/{rel}","templated":true}]}}