{"id":13060,"date":"2018-12-20T18:17:09","date_gmt":"2018-12-20T20:17:09","guid":{"rendered":"https:\/\/wp.ufpel.edu.br\/progep\/?p=13060"},"modified":"2018-12-20T18:17:09","modified_gmt":"2018-12-20T20:17:09","slug":"encerramento-do-evoluidade-2018","status":"publish","type":"post","link":"https:\/\/wp.ufpel.edu.br\/progep\/2018\/12\/20\/encerramento-do-evoluidade-2018\/","title":{"rendered":"Encerramento do &#8220;EVOLUIDADE&#8221; 2018"},"content":{"rendered":"<p>&nbsp;<\/p>\n<p style=\"text-align: justify\">Neste m\u00eas de dezembro ocorreu o encerramento do Programa de Educa\u00e7\u00e3o para a Aposentadoria dos\/as Servidores\/as da UFPel de 2018. A \u00faltima Oficina Ocupacional aconteceu no dia 05 e, no dia 12, o Encontro Tem\u00e1tico finalizando o conte\u00fado com o \u201cProjeto de Vida\u201d .<\/p>\n<p><img class=\"wp-image-13064 aligncenter\" src=\"https:\/\/wp.ufpel.edu.br\/progep\/files\/2018\/12\/IMG-20181018-WA0007-400x300.jpg\" alt=\"\" width=\"287\" height=\"215\" srcset=\"https:\/\/wp.ufpel.edu.br\/progep\/files\/2018\/12\/IMG-20181018-WA0007-400x300.jpg 400w, https:\/\/wp.ufpel.edu.br\/progep\/files\/2018\/12\/IMG-20181018-WA0007-768x576.jpg 768w, https:\/\/wp.ufpel.edu.br\/progep\/files\/2018\/12\/IMG-20181018-WA0007-1024x768.jpg 1024w, https:\/\/wp.ufpel.edu.br\/progep\/files\/2018\/12\/IMG-20181018-WA0007.jpg 1280w\" sizes=\"(max-width: 287px) 100vw, 287px\" \/><\/p>\n<p>&nbsp;<\/p>\n<p><img class=\"aligncenter  wp-image-13065\" src=\"https:\/\/wp.ufpel.edu.br\/progep\/files\/2018\/12\/39-IMG_20181205_163551164-400x300.jpg\" alt=\"\" width=\"287\" height=\"215\" srcset=\"https:\/\/wp.ufpel.edu.br\/progep\/files\/2018\/12\/39-IMG_20181205_163551164-400x300.jpg 400w, https:\/\/wp.ufpel.edu.br\/progep\/files\/2018\/12\/39-IMG_20181205_163551164-768x576.jpg 768w, https:\/\/wp.ufpel.edu.br\/progep\/files\/2018\/12\/39-IMG_20181205_163551164.jpg 835w\" sizes=\"(max-width: 287px) 100vw, 287px\" \/><\/p>\n<p>&nbsp;<\/p>\n<p>Ainda na programa\u00e7\u00e3o de encerramento, como Confraterniza\u00e7\u00e3o aberta a Familiares e Amigos, tem-se a proposi\u00e7\u00e3o de fazer um passeio tur\u00edstico em locais hist\u00f3ricos de nossa cidade de Pelotas. Este ocorreu neste dia 19 \u00faltimo, junto \u00e0 Charqueada S\u00e3o Jo\u00e3o, agregando-se um passeio de barco pelo Arroio Pelotas cobrindo a rota das Charqueadas.<\/p>\n<p>&nbsp;<\/p>\n<p><img class=\"wp-image-13067 aligncenter\" src=\"https:\/\/wp.ufpel.edu.br\/progep\/files\/2018\/12\/IMG-20181219-WA0008-400x300.jpg\" alt=\"\" width=\"287\" height=\"215\" srcset=\"https:\/\/wp.ufpel.edu.br\/progep\/files\/2018\/12\/IMG-20181219-WA0008-400x300.jpg 400w, https:\/\/wp.ufpel.edu.br\/progep\/files\/2018\/12\/IMG-20181219-WA0008-768x576.jpg 768w, https:\/\/wp.ufpel.edu.br\/progep\/files\/2018\/12\/IMG-20181219-WA0008-1024x768.jpg 1024w, https:\/\/wp.ufpel.edu.br\/progep\/files\/2018\/12\/IMG-20181219-WA0008.jpg 1152w\" sizes=\"(max-width: 287px) 100vw, 287px\" \/><\/p>\n<p>&nbsp;<\/p>\n<p><img class=\"wp-image-13066 aligncenter\" src=\"https:\/\/wp.ufpel.edu.br\/progep\/files\/2018\/12\/IMG-20181220-WA0010-400x300.jpg\" alt=\"\" width=\"287\" height=\"215\" srcset=\"https:\/\/wp.ufpel.edu.br\/progep\/files\/2018\/12\/IMG-20181220-WA0010-400x300.jpg 400w, https:\/\/wp.ufpel.edu.br\/progep\/files\/2018\/12\/IMG-20181220-WA0010-768x576.jpg 768w, https:\/\/wp.ufpel.edu.br\/progep\/files\/2018\/12\/IMG-20181220-WA0010-1024x768.jpg 1024w, https:\/\/wp.ufpel.edu.br\/progep\/files\/2018\/12\/IMG-20181220-WA0010.jpg 1032w\" sizes=\"(max-width: 287px) 100vw, 287px\" \/><\/p>\n<p style=\"text-align: justify\">O <em>&#8220;Evoluidade&#8221;<\/em> \u00e9 um Programa voltado aos\/as Servidores\/as da Universidade Federal de Pelotas (Docentes e T\u00e9cnico-Administrativos\/as), coordenado pela Psic\u00f3loga da Coordena\u00e7\u00e3o de Sa\u00fade e Qualidade de Vida da PROGEP, Maria Helena Silveira, que tem dentre os objetivos, promover um espa\u00e7o para reflex\u00e3o, apresentar e\/ou facilitar a busca de informa\u00e7\u00f5es (aspectos previdenci\u00e1rios, legais, ocupacionais, sociais, comportamentais, emocionais, envolvidos na aposentadoria); estimular a busca da realiza\u00e7\u00e3o de seus interesses e\/ou na descoberta de novos (sejam eles hobbies, atividades art\u00edsticas, esportivas, participa\u00e7\u00e3o em cursos, criatividade, artesanato, atividades de voluntariado, etc.); possibilitar o inter-relacionamento e a troca afetiva e de experi\u00eancias entre colegas que estejam vivenciando a mesma etapa na carreira funcional e, principalmente experienciar a aposentadoria enquanto p\u00f3s-carreira e continuidade de uma vida de qualidade, bem-estar, sa\u00fade, produtividade e liberdade de tempo e espa\u00e7o.<\/p>\n<p style=\"text-align: justify\">As estrat\u00e9gias metodol\u00f3gicas abrangem Encontros Tem\u00e1ticos e Oficinas Ocupacionais. Estas, tendo como Facilitadora a servidora T\u00e9cnico-Administrativa da Engenharia Industrial Madeireira Faili Tomsen.<\/p>\n","protected":false},"excerpt":{"rendered":"<p>&nbsp; Neste m\u00eas de dezembro ocorreu o encerramento do Programa de Educa\u00e7\u00e3o para a Aposentadoria dos\/as Servidores\/as da UFPel de 2018. A \u00faltima Oficina Ocupacional aconteceu no dia 05 e, no dia 12, o Encontro Tem\u00e1tico finalizando o conte\u00fado com o \u201cProjeto de Vida\u201d . &nbsp; &nbsp; Ainda na programa\u00e7\u00e3o de encerramento, como Confraterniza\u00e7\u00e3o aberta [&hellip;]<\/p>\n","protected":false},"author":246,"featured_media":0,"comment_status":"closed","ping_status":"closed","sticky":false,"template":"","format":"standard","meta":{"footnotes":""},"categories":[1],"tags":[],"class_list":["post-13060","post","type-post","status-publish","format-standard","hentry","category-noticias"],"yoast_head":"<!-- This site is optimized with the Yoast SEO plugin v28.1 - https:\/\/yoast.com\/product\/yoast-seo-wordpress\/ -->\n<title>Encerramento do &quot;EVOLUIDADE&quot; 2018 - Pr\u00f3-Reitoria de Gest\u00e3o com Pessoas - PROGEP<\/title>\n<meta name=\"robots\" content=\"index, follow, max-snippet:-1, max-image-preview:large, max-video-preview:-1\" \/>\n<link rel=\"canonical\" href=\"https:\/\/wp.ufpel.edu.br\/progep\/2018\/12\/20\/encerramento-do-evoluidade-2018\/\" \/>\n<meta property=\"og:locale\" content=\"pt_BR\" \/>\n<meta property=\"og:type\" content=\"article\" \/>\n<meta property=\"og:title\" content=\"Encerramento do &quot;EVOLUIDADE&quot; 2018 - Pr\u00f3-Reitoria de Gest\u00e3o com Pessoas - PROGEP\" \/>\n<meta property=\"og:description\" content=\"&nbsp; Neste m\u00eas de dezembro ocorreu o encerramento do Programa de Educa\u00e7\u00e3o para a Aposentadoria dos\/as Servidores\/as da UFPel de 2018. A \u00faltima Oficina Ocupacional aconteceu no dia 05 e, no dia 12, o Encontro Tem\u00e1tico finalizando o conte\u00fado com o \u201cProjeto de Vida\u201d . &nbsp; &nbsp; Ainda na programa\u00e7\u00e3o de encerramento, como Confraterniza\u00e7\u00e3o aberta [&hellip;]\" \/>\n<meta property=\"og:url\" content=\"https:\/\/wp.ufpel.edu.br\/progep\/2018\/12\/20\/encerramento-do-evoluidade-2018\/\" \/>\n<meta property=\"og:site_name\" content=\"Pr\u00f3-Reitoria de Gest\u00e3o com Pessoas - PROGEP\" \/>\n<meta property=\"article:published_time\" content=\"2018-12-20T20:17:09+00:00\" \/>\n<meta property=\"og:image\" content=\"https:\/\/wp.ufpel.edu.br\/progep\/files\/2018\/12\/IMG-20181018-WA0007-400x300.jpg\" \/>\n<meta name=\"author\" content=\"csqv\" \/>\n<meta name=\"twitter:card\" content=\"summary_large_image\" \/>\n<meta name=\"twitter:label1\" content=\"Escrito por\" \/>\n\t<meta name=\"twitter:data1\" content=\"csqv\" \/>\n\t<meta name=\"twitter:label2\" content=\"Est. tempo de leitura\" \/>\n\t<meta name=\"twitter:data2\" content=\"1 minuto\" \/>\n<script type=\"application\/ld+json\" class=\"yoast-schema-graph\">{\"@context\":\"https:\\\/\\\/schema.org\",\"@graph\":[{\"@type\":\"Article\",\"@id\":\"https:\\\/\\\/wp.ufpel.edu.br\\\/progep\\\/2018\\\/12\\\/20\\\/encerramento-do-evoluidade-2018\\\/#article\",\"isPartOf\":{\"@id\":\"https:\\\/\\\/wp.ufpel.edu.br\\\/progep\\\/2018\\\/12\\\/20\\\/encerramento-do-evoluidade-2018\\\/\"},\"author\":{\"name\":\"csqv\",\"@id\":\"https:\\\/\\\/wp.ufpel.edu.br\\\/progep\\\/#\\\/schema\\\/person\\\/a0c870c5f38c3dd40abe3cbac8509810\"},\"headline\":\"Encerramento do &#8220;EVOLUIDADE&#8221; 2018\",\"datePublished\":\"2018-12-20T20:17:09+00:00\",\"mainEntityOfPage\":{\"@id\":\"https:\\\/\\\/wp.ufpel.edu.br\\\/progep\\\/2018\\\/12\\\/20\\\/encerramento-do-evoluidade-2018\\\/\"},\"wordCount\":287,\"publisher\":{\"@id\":\"https:\\\/\\\/wp.ufpel.edu.br\\\/progep\\\/#organization\"},\"image\":{\"@id\":\"https:\\\/\\\/wp.ufpel.edu.br\\\/progep\\\/2018\\\/12\\\/20\\\/encerramento-do-evoluidade-2018\\\/#primaryimage\"},\"thumbnailUrl\":\"https:\\\/\\\/wp.ufpel.edu.br\\\/progep\\\/files\\\/2018\\\/12\\\/IMG-20181018-WA0007-400x300.jpg\",\"articleSection\":[\"Not\u00edcias\"],\"inLanguage\":\"pt-BR\"},{\"@type\":\"WebPage\",\"@id\":\"https:\\\/\\\/wp.ufpel.edu.br\\\/progep\\\/2018\\\/12\\\/20\\\/encerramento-do-evoluidade-2018\\\/\",\"url\":\"https:\\\/\\\/wp.ufpel.edu.br\\\/progep\\\/2018\\\/12\\\/20\\\/encerramento-do-evoluidade-2018\\\/\",\"name\":\"Encerramento do \\\"EVOLUIDADE\\\" 2018 - Pr\u00f3-Reitoria de Gest\u00e3o com Pessoas - PROGEP\",\"isPartOf\":{\"@id\":\"https:\\\/\\\/wp.ufpel.edu.br\\\/progep\\\/#website\"},\"primaryImageOfPage\":{\"@id\":\"https:\\\/\\\/wp.ufpel.edu.br\\\/progep\\\/2018\\\/12\\\/20\\\/encerramento-do-evoluidade-2018\\\/#primaryimage\"},\"image\":{\"@id\":\"https:\\\/\\\/wp.ufpel.edu.br\\\/progep\\\/2018\\\/12\\\/20\\\/encerramento-do-evoluidade-2018\\\/#primaryimage\"},\"thumbnailUrl\":\"https:\\\/\\\/wp.ufpel.edu.br\\\/progep\\\/files\\\/2018\\\/12\\\/IMG-20181018-WA0007-400x300.jpg\",\"datePublished\":\"2018-12-20T20:17:09+00:00\",\"breadcrumb\":{\"@id\":\"https:\\\/\\\/wp.ufpel.edu.br\\\/progep\\\/2018\\\/12\\\/20\\\/encerramento-do-evoluidade-2018\\\/#breadcrumb\"},\"inLanguage\":\"pt-BR\",\"potentialAction\":[{\"@type\":\"ReadAction\",\"target\":[\"https:\\\/\\\/wp.ufpel.edu.br\\\/progep\\\/2018\\\/12\\\/20\\\/encerramento-do-evoluidade-2018\\\/\"]}]},{\"@type\":\"ImageObject\",\"inLanguage\":\"pt-BR\",\"@id\":\"https:\\\/\\\/wp.ufpel.edu.br\\\/progep\\\/2018\\\/12\\\/20\\\/encerramento-do-evoluidade-2018\\\/#primaryimage\",\"url\":\"https:\\\/\\\/wp.ufpel.edu.br\\\/progep\\\/files\\\/2018\\\/12\\\/IMG-20181018-WA0007.jpg\",\"contentUrl\":\"https:\\\/\\\/wp.ufpel.edu.br\\\/progep\\\/files\\\/2018\\\/12\\\/IMG-20181018-WA0007.jpg\",\"width\":1280,\"height\":960},{\"@type\":\"BreadcrumbList\",\"@id\":\"https:\\\/\\\/wp.ufpel.edu.br\\\/progep\\\/2018\\\/12\\\/20\\\/encerramento-do-evoluidade-2018\\\/#breadcrumb\",\"itemListElement\":[{\"@type\":\"ListItem\",\"position\":1,\"name\":\"In\u00edcio\",\"item\":\"https:\\\/\\\/wp.ufpel.edu.br\\\/progep\\\/\"},{\"@type\":\"ListItem\",\"position\":2,\"name\":\"Encerramento do &#8220;EVOLUIDADE&#8221; 2018\"}]},{\"@type\":\"WebSite\",\"@id\":\"https:\\\/\\\/wp.ufpel.edu.br\\\/progep\\\/#website\",\"url\":\"https:\\\/\\\/wp.ufpel.edu.br\\\/progep\\\/\",\"name\":\"Pr\u00f3-Reitoria de Gest\u00e3o com Pessoas - PROGEP\",\"description\":\"Pr\u00f3-Reitoria de Gest\u00e3o com Pessoas\",\"publisher\":{\"@id\":\"https:\\\/\\\/wp.ufpel.edu.br\\\/progep\\\/#organization\"},\"potentialAction\":[{\"@type\":\"SearchAction\",\"target\":{\"@type\":\"EntryPoint\",\"urlTemplate\":\"https:\\\/\\\/wp.ufpel.edu.br\\\/progep\\\/?s={search_term_string}\"},\"query-input\":{\"@type\":\"PropertyValueSpecification\",\"valueRequired\":true,\"valueName\":\"search_term_string\"}}],\"inLanguage\":\"pt-BR\"},{\"@type\":\"Organization\",\"@id\":\"https:\\\/\\\/wp.ufpel.edu.br\\\/progep\\\/#organization\",\"name\":\"Pr\u00f3-Reitoria de Gest\u00e3o com Pessoas - PROGEP\",\"url\":\"https:\\\/\\\/wp.ufpel.edu.br\\\/progep\\\/\",\"logo\":{\"@type\":\"ImageObject\",\"inLanguage\":\"pt-BR\",\"@id\":\"https:\\\/\\\/wp.ufpel.edu.br\\\/progep\\\/#\\\/schema\\\/logo\\\/image\\\/\",\"url\":\"https:\\\/\\\/wp.ufpel.edu.br\\\/progep\\\/files\\\/2025\\\/03\\\/logo-progep_atualizacao-nome_AZUL.png\",\"contentUrl\":\"https:\\\/\\\/wp.ufpel.edu.br\\\/progep\\\/files\\\/2025\\\/03\\\/logo-progep_atualizacao-nome_AZUL.png\",\"width\":1080,\"height\":391,\"caption\":\"Pr\u00f3-Reitoria de Gest\u00e3o com Pessoas - PROGEP\"},\"image\":{\"@id\":\"https:\\\/\\\/wp.ufpel.edu.br\\\/progep\\\/#\\\/schema\\\/logo\\\/image\\\/\"}},{\"@type\":\"Person\",\"@id\":\"https:\\\/\\\/wp.ufpel.edu.br\\\/progep\\\/#\\\/schema\\\/person\\\/a0c870c5f38c3dd40abe3cbac8509810\",\"name\":\"csqv\",\"image\":{\"@type\":\"ImageObject\",\"inLanguage\":\"pt-BR\",\"@id\":\"https:\\\/\\\/secure.gravatar.com\\\/avatar\\\/fed5431a255225515d7936e6a8d039bdeedd7e8914f1041257a393fb49cc1cac?s=96&d=mm&r=g\",\"url\":\"https:\\\/\\\/secure.gravatar.com\\\/avatar\\\/fed5431a255225515d7936e6a8d039bdeedd7e8914f1041257a393fb49cc1cac?s=96&d=mm&r=g\",\"contentUrl\":\"https:\\\/\\\/secure.gravatar.com\\\/avatar\\\/fed5431a255225515d7936e6a8d039bdeedd7e8914f1041257a393fb49cc1cac?s=96&d=mm&r=g\",\"caption\":\"csqv\"},\"url\":\"https:\\\/\\\/wp.ufpel.edu.br\\\/progep\\\/author\\\/csqv\\\/\"}]}<\/script>\n<!-- \/ Yoast SEO plugin. -->","yoast_head_json":{"title":"Encerramento do \"EVOLUIDADE\" 2018 - Pr\u00f3-Reitoria de Gest\u00e3o com Pessoas - PROGEP","robots":{"index":"index","follow":"follow","max-snippet":"max-snippet:-1","max-image-preview":"max-image-preview:large","max-video-preview":"max-video-preview:-1"},"canonical":"https:\/\/wp.ufpel.edu.br\/progep\/2018\/12\/20\/encerramento-do-evoluidade-2018\/","og_locale":"pt_BR","og_type":"article","og_title":"Encerramento do \"EVOLUIDADE\" 2018 - Pr\u00f3-Reitoria de Gest\u00e3o com Pessoas - PROGEP","og_description":"&nbsp; Neste m\u00eas de dezembro ocorreu o encerramento do Programa de Educa\u00e7\u00e3o para a Aposentadoria dos\/as Servidores\/as da UFPel de 2018. A \u00faltima Oficina Ocupacional aconteceu no dia 05 e, no dia 12, o Encontro Tem\u00e1tico finalizando o conte\u00fado com o \u201cProjeto de Vida\u201d . &nbsp; &nbsp; Ainda na programa\u00e7\u00e3o de encerramento, como Confraterniza\u00e7\u00e3o aberta [&hellip;]","og_url":"https:\/\/wp.ufpel.edu.br\/progep\/2018\/12\/20\/encerramento-do-evoluidade-2018\/","og_site_name":"Pr\u00f3-Reitoria de Gest\u00e3o com Pessoas - PROGEP","article_published_time":"2018-12-20T20:17:09+00:00","og_image":[{"url":"https:\/\/wp.ufpel.edu.br\/progep\/files\/2018\/12\/IMG-20181018-WA0007-400x300.jpg","type":"","width":"","height":""}],"author":"csqv","twitter_card":"summary_large_image","twitter_misc":{"Escrito por":"csqv","Est. tempo de leitura":"1 minuto"},"schema":{"@context":"https:\/\/schema.org","@graph":[{"@type":"Article","@id":"https:\/\/wp.ufpel.edu.br\/progep\/2018\/12\/20\/encerramento-do-evoluidade-2018\/#article","isPartOf":{"@id":"https:\/\/wp.ufpel.edu.br\/progep\/2018\/12\/20\/encerramento-do-evoluidade-2018\/"},"author":{"name":"csqv","@id":"https:\/\/wp.ufpel.edu.br\/progep\/#\/schema\/person\/a0c870c5f38c3dd40abe3cbac8509810"},"headline":"Encerramento do &#8220;EVOLUIDADE&#8221; 2018","datePublished":"2018-12-20T20:17:09+00:00","mainEntityOfPage":{"@id":"https:\/\/wp.ufpel.edu.br\/progep\/2018\/12\/20\/encerramento-do-evoluidade-2018\/"},"wordCount":287,"publisher":{"@id":"https:\/\/wp.ufpel.edu.br\/progep\/#organization"},"image":{"@id":"https:\/\/wp.ufpel.edu.br\/progep\/2018\/12\/20\/encerramento-do-evoluidade-2018\/#primaryimage"},"thumbnailUrl":"https:\/\/wp.ufpel.edu.br\/progep\/files\/2018\/12\/IMG-20181018-WA0007-400x300.jpg","articleSection":["Not\u00edcias"],"inLanguage":"pt-BR"},{"@type":"WebPage","@id":"https:\/\/wp.ufpel.edu.br\/progep\/2018\/12\/20\/encerramento-do-evoluidade-2018\/","url":"https:\/\/wp.ufpel.edu.br\/progep\/2018\/12\/20\/encerramento-do-evoluidade-2018\/","name":"Encerramento do \"EVOLUIDADE\" 2018 - Pr\u00f3-Reitoria de Gest\u00e3o com Pessoas - PROGEP","isPartOf":{"@id":"https:\/\/wp.ufpel.edu.br\/progep\/#website"},"primaryImageOfPage":{"@id":"https:\/\/wp.ufpel.edu.br\/progep\/2018\/12\/20\/encerramento-do-evoluidade-2018\/#primaryimage"},"image":{"@id":"https:\/\/wp.ufpel.edu.br\/progep\/2018\/12\/20\/encerramento-do-evoluidade-2018\/#primaryimage"},"thumbnailUrl":"https:\/\/wp.ufpel.edu.br\/progep\/files\/2018\/12\/IMG-20181018-WA0007-400x300.jpg","datePublished":"2018-12-20T20:17:09+00:00","breadcrumb":{"@id":"https:\/\/wp.ufpel.edu.br\/progep\/2018\/12\/20\/encerramento-do-evoluidade-2018\/#breadcrumb"},"inLanguage":"pt-BR","potentialAction":[{"@type":"ReadAction","target":["https:\/\/wp.ufpel.edu.br\/progep\/2018\/12\/20\/encerramento-do-evoluidade-2018\/"]}]},{"@type":"ImageObject","inLanguage":"pt-BR","@id":"https:\/\/wp.ufpel.edu.br\/progep\/2018\/12\/20\/encerramento-do-evoluidade-2018\/#primaryimage","url":"https:\/\/wp.ufpel.edu.br\/progep\/files\/2018\/12\/IMG-20181018-WA0007.jpg","contentUrl":"https:\/\/wp.ufpel.edu.br\/progep\/files\/2018\/12\/IMG-20181018-WA0007.jpg","width":1280,"height":960},{"@type":"BreadcrumbList","@id":"https:\/\/wp.ufpel.edu.br\/progep\/2018\/12\/20\/encerramento-do-evoluidade-2018\/#breadcrumb","itemListElement":[{"@type":"ListItem","position":1,"name":"In\u00edcio","item":"https:\/\/wp.ufpel.edu.br\/progep\/"},{"@type":"ListItem","position":2,"name":"Encerramento do &#8220;EVOLUIDADE&#8221; 2018"}]},{"@type":"WebSite","@id":"https:\/\/wp.ufpel.edu.br\/progep\/#website","url":"https:\/\/wp.ufpel.edu.br\/progep\/","name":"Pr\u00f3-Reitoria de Gest\u00e3o com Pessoas - PROGEP","description":"Pr\u00f3-Reitoria de Gest\u00e3o com Pessoas","publisher":{"@id":"https:\/\/wp.ufpel.edu.br\/progep\/#organization"},"potentialAction":[{"@type":"SearchAction","target":{"@type":"EntryPoint","urlTemplate":"https:\/\/wp.ufpel.edu.br\/progep\/?s={search_term_string}"},"query-input":{"@type":"PropertyValueSpecification","valueRequired":true,"valueName":"search_term_string"}}],"inLanguage":"pt-BR"},{"@type":"Organization","@id":"https:\/\/wp.ufpel.edu.br\/progep\/#organization","name":"Pr\u00f3-Reitoria de Gest\u00e3o com Pessoas - PROGEP","url":"https:\/\/wp.ufpel.edu.br\/progep\/","logo":{"@type":"ImageObject","inLanguage":"pt-BR","@id":"https:\/\/wp.ufpel.edu.br\/progep\/#\/schema\/logo\/image\/","url":"https:\/\/wp.ufpel.edu.br\/progep\/files\/2025\/03\/logo-progep_atualizacao-nome_AZUL.png","contentUrl":"https:\/\/wp.ufpel.edu.br\/progep\/files\/2025\/03\/logo-progep_atualizacao-nome_AZUL.png","width":1080,"height":391,"caption":"Pr\u00f3-Reitoria de Gest\u00e3o com Pessoas - PROGEP"},"image":{"@id":"https:\/\/wp.ufpel.edu.br\/progep\/#\/schema\/logo\/image\/"}},{"@type":"Person","@id":"https:\/\/wp.ufpel.edu.br\/progep\/#\/schema\/person\/a0c870c5f38c3dd40abe3cbac8509810","name":"csqv","image":{"@type":"ImageObject","inLanguage":"pt-BR","@id":"https:\/\/secure.gravatar.com\/avatar\/fed5431a255225515d7936e6a8d039bdeedd7e8914f1041257a393fb49cc1cac?s=96&d=mm&r=g","url":"https:\/\/secure.gravatar.com\/avatar\/fed5431a255225515d7936e6a8d039bdeedd7e8914f1041257a393fb49cc1cac?s=96&d=mm&r=g","contentUrl":"https:\/\/secure.gravatar.com\/avatar\/fed5431a255225515d7936e6a8d039bdeedd7e8914f1041257a393fb49cc1cac?s=96&d=mm&r=g","caption":"csqv"},"url":"https:\/\/wp.ufpel.edu.br\/progep\/author\/csqv\/"}]}},"jetpack_featured_media_url":"","_links":{"self":[{"href":"https:\/\/wp.ufpel.edu.br\/progep\/wp-json\/wp\/v2\/posts\/13060","targetHints":{"allow":["GET"]}}],"collection":[{"href":"https:\/\/wp.ufpel.edu.br\/progep\/wp-json\/wp\/v2\/posts"}],"about":[{"href":"https:\/\/wp.ufpel.edu.br\/progep\/wp-json\/wp\/v2\/types\/post"}],"author":[{"embeddable":true,"href":"https:\/\/wp.ufpel.edu.br\/progep\/wp-json\/wp\/v2\/users\/246"}],"replies":[{"embeddable":true,"href":"https:\/\/wp.ufpel.edu.br\/progep\/wp-json\/wp\/v2\/comments?post=13060"}],"version-history":[{"count":5,"href":"https:\/\/wp.ufpel.edu.br\/progep\/wp-json\/wp\/v2\/posts\/13060\/revisions"}],"predecessor-version":[{"id":13072,"href":"https:\/\/wp.ufpel.edu.br\/progep\/wp-json\/wp\/v2\/posts\/13060\/revisions\/13072"}],"wp:attachment":[{"href":"https:\/\/wp.ufpel.edu.br\/progep\/wp-json\/wp\/v2\/media?parent=13060"}],"wp:term":[{"taxonomy":"category","embeddable":true,"href":"https:\/\/wp.ufpel.edu.br\/progep\/wp-json\/wp\/v2\/categories?post=13060"},{"taxonomy":"post_tag","embeddable":true,"href":"https:\/\/wp.ufpel.edu.br\/progep\/wp-json\/wp\/v2\/tags?post=13060"}],"curies":[{"name":"wp","href":"https:\/\/api.w.org\/{rel}","templated":true}]}}