{"id":13021,"date":"2018-11-29T17:41:23","date_gmt":"2018-11-29T19:41:23","guid":{"rendered":"https:\/\/wp.ufpel.edu.br\/progep\/?p=13021"},"modified":"2018-11-29T17:41:51","modified_gmt":"2018-11-29T19:41:51","slug":"mobilizacao-nacional-de-combate-ao-mosquito-aedes-aegypti","status":"publish","type":"post","link":"https:\/\/wp.ufpel.edu.br\/progep\/2018\/11\/29\/mobilizacao-nacional-de-combate-ao-mosquito-aedes-aegypti\/","title":{"rendered":"Mobiliza\u00e7\u00e3o nacional de combate ao mosquito Aedes aegypti"},"content":{"rendered":"<p>&nbsp;<\/p>\n<p><img class=\" wp-image-13024 aligncenter\" src=\"https:\/\/wp.ufpel.edu.br\/progep\/files\/2018\/11\/combate-aedes-portal-400x213.jpg\" alt=\"\" width=\"421\" height=\"224\" srcset=\"https:\/\/wp.ufpel.edu.br\/progep\/files\/2018\/11\/combate-aedes-portal-400x213.jpg 400w, https:\/\/wp.ufpel.edu.br\/progep\/files\/2018\/11\/combate-aedes-portal.jpg 750w\" sizes=\"(max-width: 421px) 100vw, 421px\" \/><\/p>\n<p>&nbsp;<\/p>\n<p style=\"text-align: justify\">A Coordena\u00e7\u00e3o de Sa\u00fade e Qualidade de Vida- CSQV\/PROGEP informa sobre a Campanha Nacional de Combate ao mosquito Aedes aegypti.<\/p>\n<p style=\"text-align: justify\">Na aproxima\u00e7\u00e3o do final de ano, com a chegada das chuvas e calor, s\u00e3o intensificadas a\u00e7\u00f5es de combate ao mosquito para evitar sua prolifera\u00e7\u00e3o e o risco de transmiss\u00e3o das doen\u00e7as. Em decorr\u00eancia disso, dentre outras atua\u00e7\u00f5es em estados e munic\u00edpios, est\u00e1 programada a partir da \u00faltima semana de novembro uma Mobiliza\u00e7\u00e3o Integrada para Combate ao Aedes e o Dia D de Combate ao Mosquito, 30, em todo pa\u00eds.<br \/>\nNesse per\u00edodo do ano s\u00e3o intensificados os convites para estados, munic\u00edpios e \u00f3rg\u00e3os federais realizarem atividades visando informar e instruir as comunidades sobre a import\u00e2ncia da preven\u00e7\u00e3o e combate ao mosquito transmissor de diversas doen\u00e7as como\u00a0Dengue, Zika e Chikungunya.<\/p>\n<p style=\"text-align: justify\">O Aedes aegypti \u00e9 um mosquito dom\u00e9stico. Ele vive dentro de casa e perto do homem. Com h\u00e1bitos diurnos, ele se alimenta de sangue humano, sobretudo ao amanhecer e ao entardecer. A reprodu\u00e7\u00e3o acontece em \u00e1gua limpa e parada, a partir da postura de ovos pelas f\u00eameas. Os ovos s\u00e3o colocados e distribu\u00eddos por diversos criadouros.<\/p>\n<p style=\"text-align: justify\"><img class=\"wp-image-13023 alignleft\" src=\"https:\/\/wp.ufpel.edu.br\/progep\/files\/2018\/11\/Aedes-aegypti-1280x640-400x200.jpg\" alt=\"\" width=\"256\" height=\"128\" srcset=\"https:\/\/wp.ufpel.edu.br\/progep\/files\/2018\/11\/Aedes-aegypti-1280x640-400x200.jpg 400w, https:\/\/wp.ufpel.edu.br\/progep\/files\/2018\/11\/Aedes-aegypti-1280x640-768x384.jpg 768w, https:\/\/wp.ufpel.edu.br\/progep\/files\/2018\/11\/Aedes-aegypti-1280x640-1024x512.jpg 1024w, https:\/\/wp.ufpel.edu.br\/progep\/files\/2018\/11\/Aedes-aegypti-1280x640.jpg 1280w\" sizes=\"(max-width: 256px) 100vw, 256px\" \/><\/p>\n<p>&nbsp;<\/p>\n<p style=\"text-align: justify\">Cada pessoa pode fiscalizar o ambiente em que vive, trabalha e faz atividades de lazer, esportes, etc.<\/p>\n<p>&nbsp;<\/p>\n<p>&nbsp;<\/p>\n<p style=\"text-align: justify\">Procure eliminar os criadouros atrav\u00e9s de a\u00e7\u00f5es simples como:<\/p>\n<ul class=\"list-unstyled\" style=\"text-align: justify\">\n<li><strong>Tampar os ton\u00e9is e caixas d\u2019\u00e1gua;<\/strong><\/li>\n<li><strong>\u00a0Manter as calhas sempre limpas;<\/strong><\/li>\n<li><strong>\u00a0Deixar garrafas sempre viradas com a boca para baixo;<\/strong><\/li>\n<li><strong>\u00a0Manter lixeiras bem tampadas;<\/strong><\/li>\n<li><strong>\u00a0Deixar ralos limpos e com aplica\u00e7\u00e3o de tela;<\/strong><\/li>\n<li><strong>\u00a0Limpar semanalmente ou preencher pratos de vasos de plantas com areia;<\/strong><\/li>\n<li><strong>\u00a0Limpar com escova ou bucha os potes de \u00e1gua para animais;<\/strong><\/li>\n<li><strong>\u00a0Retirar \u00e1gua acumulada na \u00e1rea de servi\u00e7o, atr\u00e1s da m\u00e1quina de lavar roupa.<\/strong><\/li>\n<li><strong>Cobrir e realizar manuten\u00e7\u00e3o peri\u00f3dica de \u00e1reas de piscinas e de hidromassagem;<\/strong><\/li>\n<li><strong>\u00a0Limpar ralos e canaletas externas;<\/strong><\/li>\n<li><strong>\u00a0Aten\u00e7\u00e3o com brom\u00e9lia, babosa e outras plantas que podem acumular \u00e1gua;<\/strong><\/li>\n<li><strong>\u00a0Deixe lonas usadas para cobrir objetos bem esticadas, para evitar forma\u00e7\u00e3o de po\u00e7as d\u2019\u00e1gua;<\/strong><\/li>\n<li><strong>\u00a0Verifique instala\u00e7\u00f5es de sal\u00e3o de festas, banheiros e copa.<\/strong><\/li>\n<\/ul>\n<p style=\"text-align: justify\">No ambiente de trabalho tamb\u00e9m \u00e9 importante ajudar no controle . Como desenvolvemos nossas atividades em pr\u00e9dios p\u00fablicos, tamb\u00e9m devemos ficar atentos a poss\u00edveis locais de desenvolvimento do Aedes e se houver alguma suspeita da presen\u00e7a do inseto ou larvas ,deve-se comunicar \u00e0s coordena\u00e7\u00f5es das unidades acad\u00eamicas e administrativas da UFPel.<\/p>\n<p>Fa\u00e7a a sua parte!!!<\/p>\n<p><a href=\"http:\/\/portalarquivos.saude.gov.br\/campanhas\/mosquito\/\">http:\/\/portalarquivos.saude.gov.br\/campanhas\/mosquito\/<\/a><\/p>\n<p><a href=\"http:\/\/portalms.saude.gov.br\/noticias\/agencia-saude\/44752-semana-nacional-de-combate-ao-aedes-mobiliza-todo-o-pais\">http:\/\/portalms.saude.gov.br\/noticias\/agencia-saude\/44752-semana-nacional-de-combate-ao-aedes-mobiliza-todo-o-pais<\/a><\/p>\n<p>&nbsp;<\/p>\n","protected":false},"excerpt":{"rendered":"<p>&nbsp; &nbsp; A Coordena\u00e7\u00e3o de Sa\u00fade e Qualidade de Vida- CSQV\/PROGEP informa sobre a Campanha Nacional de Combate ao mosquito Aedes aegypti. Na aproxima\u00e7\u00e3o do final de ano, com a chegada das chuvas e calor, s\u00e3o intensificadas a\u00e7\u00f5es de combate ao mosquito para evitar sua prolifera\u00e7\u00e3o e o risco de transmiss\u00e3o das doen\u00e7as. Em decorr\u00eancia [&hellip;]<\/p>\n","protected":false},"author":246,"featured_media":0,"comment_status":"closed","ping_status":"closed","sticky":false,"template":"","format":"standard","meta":{"footnotes":""},"categories":[1],"tags":[],"class_list":["post-13021","post","type-post","status-publish","format-standard","hentry","category-noticias"],"yoast_head":"<!-- This site is optimized with the Yoast SEO plugin v28.1 - https:\/\/yoast.com\/product\/yoast-seo-wordpress\/ -->\n<title>Mobiliza\u00e7\u00e3o nacional de combate ao mosquito Aedes aegypti - Pr\u00f3-Reitoria de Gest\u00e3o com Pessoas - PROGEP<\/title>\n<meta name=\"robots\" content=\"index, follow, max-snippet:-1, max-image-preview:large, max-video-preview:-1\" \/>\n<link rel=\"canonical\" href=\"https:\/\/wp.ufpel.edu.br\/progep\/2018\/11\/29\/mobilizacao-nacional-de-combate-ao-mosquito-aedes-aegypti\/\" \/>\n<meta property=\"og:locale\" content=\"pt_BR\" \/>\n<meta property=\"og:type\" content=\"article\" \/>\n<meta property=\"og:title\" content=\"Mobiliza\u00e7\u00e3o nacional de combate ao mosquito Aedes aegypti - Pr\u00f3-Reitoria de Gest\u00e3o com Pessoas - PROGEP\" \/>\n<meta property=\"og:description\" content=\"&nbsp; &nbsp; A Coordena\u00e7\u00e3o de Sa\u00fade e Qualidade de Vida- CSQV\/PROGEP informa sobre a Campanha Nacional de Combate ao mosquito Aedes aegypti. Na aproxima\u00e7\u00e3o do final de ano, com a chegada das chuvas e calor, s\u00e3o intensificadas a\u00e7\u00f5es de combate ao mosquito para evitar sua prolifera\u00e7\u00e3o e o risco de transmiss\u00e3o das doen\u00e7as. Em decorr\u00eancia [&hellip;]\" \/>\n<meta property=\"og:url\" content=\"https:\/\/wp.ufpel.edu.br\/progep\/2018\/11\/29\/mobilizacao-nacional-de-combate-ao-mosquito-aedes-aegypti\/\" \/>\n<meta property=\"og:site_name\" content=\"Pr\u00f3-Reitoria de Gest\u00e3o com Pessoas - PROGEP\" \/>\n<meta property=\"article:published_time\" content=\"2018-11-29T19:41:23+00:00\" \/>\n<meta property=\"article:modified_time\" content=\"2018-11-29T19:41:51+00:00\" \/>\n<meta property=\"og:image\" content=\"https:\/\/wp.ufpel.edu.br\/progep\/files\/2018\/11\/combate-aedes-portal-400x213.jpg\" \/>\n<meta name=\"author\" content=\"csqv\" \/>\n<meta name=\"twitter:card\" content=\"summary_large_image\" \/>\n<meta name=\"twitter:label1\" content=\"Escrito por\" \/>\n\t<meta name=\"twitter:data1\" content=\"csqv\" \/>\n\t<meta name=\"twitter:label2\" content=\"Est. tempo de leitura\" \/>\n\t<meta name=\"twitter:data2\" content=\"2 minutos\" \/>\n<script type=\"application\/ld+json\" class=\"yoast-schema-graph\">{\"@context\":\"https:\\\/\\\/schema.org\",\"@graph\":[{\"@type\":\"Article\",\"@id\":\"https:\\\/\\\/wp.ufpel.edu.br\\\/progep\\\/2018\\\/11\\\/29\\\/mobilizacao-nacional-de-combate-ao-mosquito-aedes-aegypti\\\/#article\",\"isPartOf\":{\"@id\":\"https:\\\/\\\/wp.ufpel.edu.br\\\/progep\\\/2018\\\/11\\\/29\\\/mobilizacao-nacional-de-combate-ao-mosquito-aedes-aegypti\\\/\"},\"author\":{\"name\":\"csqv\",\"@id\":\"https:\\\/\\\/wp.ufpel.edu.br\\\/progep\\\/#\\\/schema\\\/person\\\/a0c870c5f38c3dd40abe3cbac8509810\"},\"headline\":\"Mobiliza\u00e7\u00e3o nacional de combate ao mosquito Aedes aegypti\",\"datePublished\":\"2018-11-29T19:41:23+00:00\",\"dateModified\":\"2018-11-29T19:41:51+00:00\",\"mainEntityOfPage\":{\"@id\":\"https:\\\/\\\/wp.ufpel.edu.br\\\/progep\\\/2018\\\/11\\\/29\\\/mobilizacao-nacional-de-combate-ao-mosquito-aedes-aegypti\\\/\"},\"wordCount\":463,\"publisher\":{\"@id\":\"https:\\\/\\\/wp.ufpel.edu.br\\\/progep\\\/#organization\"},\"image\":{\"@id\":\"https:\\\/\\\/wp.ufpel.edu.br\\\/progep\\\/2018\\\/11\\\/29\\\/mobilizacao-nacional-de-combate-ao-mosquito-aedes-aegypti\\\/#primaryimage\"},\"thumbnailUrl\":\"https:\\\/\\\/wp.ufpel.edu.br\\\/progep\\\/files\\\/2018\\\/11\\\/combate-aedes-portal-400x213.jpg\",\"articleSection\":[\"Not\u00edcias\"],\"inLanguage\":\"pt-BR\"},{\"@type\":\"WebPage\",\"@id\":\"https:\\\/\\\/wp.ufpel.edu.br\\\/progep\\\/2018\\\/11\\\/29\\\/mobilizacao-nacional-de-combate-ao-mosquito-aedes-aegypti\\\/\",\"url\":\"https:\\\/\\\/wp.ufpel.edu.br\\\/progep\\\/2018\\\/11\\\/29\\\/mobilizacao-nacional-de-combate-ao-mosquito-aedes-aegypti\\\/\",\"name\":\"Mobiliza\u00e7\u00e3o nacional de combate ao mosquito Aedes aegypti - Pr\u00f3-Reitoria de Gest\u00e3o com Pessoas - PROGEP\",\"isPartOf\":{\"@id\":\"https:\\\/\\\/wp.ufpel.edu.br\\\/progep\\\/#website\"},\"primaryImageOfPage\":{\"@id\":\"https:\\\/\\\/wp.ufpel.edu.br\\\/progep\\\/2018\\\/11\\\/29\\\/mobilizacao-nacional-de-combate-ao-mosquito-aedes-aegypti\\\/#primaryimage\"},\"image\":{\"@id\":\"https:\\\/\\\/wp.ufpel.edu.br\\\/progep\\\/2018\\\/11\\\/29\\\/mobilizacao-nacional-de-combate-ao-mosquito-aedes-aegypti\\\/#primaryimage\"},\"thumbnailUrl\":\"https:\\\/\\\/wp.ufpel.edu.br\\\/progep\\\/files\\\/2018\\\/11\\\/combate-aedes-portal-400x213.jpg\",\"datePublished\":\"2018-11-29T19:41:23+00:00\",\"dateModified\":\"2018-11-29T19:41:51+00:00\",\"breadcrumb\":{\"@id\":\"https:\\\/\\\/wp.ufpel.edu.br\\\/progep\\\/2018\\\/11\\\/29\\\/mobilizacao-nacional-de-combate-ao-mosquito-aedes-aegypti\\\/#breadcrumb\"},\"inLanguage\":\"pt-BR\",\"potentialAction\":[{\"@type\":\"ReadAction\",\"target\":[\"https:\\\/\\\/wp.ufpel.edu.br\\\/progep\\\/2018\\\/11\\\/29\\\/mobilizacao-nacional-de-combate-ao-mosquito-aedes-aegypti\\\/\"]}]},{\"@type\":\"ImageObject\",\"inLanguage\":\"pt-BR\",\"@id\":\"https:\\\/\\\/wp.ufpel.edu.br\\\/progep\\\/2018\\\/11\\\/29\\\/mobilizacao-nacional-de-combate-ao-mosquito-aedes-aegypti\\\/#primaryimage\",\"url\":\"https:\\\/\\\/wp.ufpel.edu.br\\\/progep\\\/files\\\/2018\\\/11\\\/combate-aedes-portal.jpg\",\"contentUrl\":\"https:\\\/\\\/wp.ufpel.edu.br\\\/progep\\\/files\\\/2018\\\/11\\\/combate-aedes-portal.jpg\",\"width\":750,\"height\":400},{\"@type\":\"BreadcrumbList\",\"@id\":\"https:\\\/\\\/wp.ufpel.edu.br\\\/progep\\\/2018\\\/11\\\/29\\\/mobilizacao-nacional-de-combate-ao-mosquito-aedes-aegypti\\\/#breadcrumb\",\"itemListElement\":[{\"@type\":\"ListItem\",\"position\":1,\"name\":\"In\u00edcio\",\"item\":\"https:\\\/\\\/wp.ufpel.edu.br\\\/progep\\\/\"},{\"@type\":\"ListItem\",\"position\":2,\"name\":\"Mobiliza\u00e7\u00e3o nacional de combate ao mosquito Aedes aegypti\"}]},{\"@type\":\"WebSite\",\"@id\":\"https:\\\/\\\/wp.ufpel.edu.br\\\/progep\\\/#website\",\"url\":\"https:\\\/\\\/wp.ufpel.edu.br\\\/progep\\\/\",\"name\":\"Pr\u00f3-Reitoria de Gest\u00e3o com Pessoas - PROGEP\",\"description\":\"Pr\u00f3-Reitoria de Gest\u00e3o com Pessoas\",\"publisher\":{\"@id\":\"https:\\\/\\\/wp.ufpel.edu.br\\\/progep\\\/#organization\"},\"potentialAction\":[{\"@type\":\"SearchAction\",\"target\":{\"@type\":\"EntryPoint\",\"urlTemplate\":\"https:\\\/\\\/wp.ufpel.edu.br\\\/progep\\\/?s={search_term_string}\"},\"query-input\":{\"@type\":\"PropertyValueSpecification\",\"valueRequired\":true,\"valueName\":\"search_term_string\"}}],\"inLanguage\":\"pt-BR\"},{\"@type\":\"Organization\",\"@id\":\"https:\\\/\\\/wp.ufpel.edu.br\\\/progep\\\/#organization\",\"name\":\"Pr\u00f3-Reitoria de Gest\u00e3o com Pessoas - PROGEP\",\"url\":\"https:\\\/\\\/wp.ufpel.edu.br\\\/progep\\\/\",\"logo\":{\"@type\":\"ImageObject\",\"inLanguage\":\"pt-BR\",\"@id\":\"https:\\\/\\\/wp.ufpel.edu.br\\\/progep\\\/#\\\/schema\\\/logo\\\/image\\\/\",\"url\":\"https:\\\/\\\/wp.ufpel.edu.br\\\/progep\\\/files\\\/2025\\\/03\\\/logo-progep_atualizacao-nome_AZUL.png\",\"contentUrl\":\"https:\\\/\\\/wp.ufpel.edu.br\\\/progep\\\/files\\\/2025\\\/03\\\/logo-progep_atualizacao-nome_AZUL.png\",\"width\":1080,\"height\":391,\"caption\":\"Pr\u00f3-Reitoria de Gest\u00e3o com Pessoas - PROGEP\"},\"image\":{\"@id\":\"https:\\\/\\\/wp.ufpel.edu.br\\\/progep\\\/#\\\/schema\\\/logo\\\/image\\\/\"}},{\"@type\":\"Person\",\"@id\":\"https:\\\/\\\/wp.ufpel.edu.br\\\/progep\\\/#\\\/schema\\\/person\\\/a0c870c5f38c3dd40abe3cbac8509810\",\"name\":\"csqv\",\"image\":{\"@type\":\"ImageObject\",\"inLanguage\":\"pt-BR\",\"@id\":\"https:\\\/\\\/secure.gravatar.com\\\/avatar\\\/fed5431a255225515d7936e6a8d039bdeedd7e8914f1041257a393fb49cc1cac?s=96&d=mm&r=g\",\"url\":\"https:\\\/\\\/secure.gravatar.com\\\/avatar\\\/fed5431a255225515d7936e6a8d039bdeedd7e8914f1041257a393fb49cc1cac?s=96&d=mm&r=g\",\"contentUrl\":\"https:\\\/\\\/secure.gravatar.com\\\/avatar\\\/fed5431a255225515d7936e6a8d039bdeedd7e8914f1041257a393fb49cc1cac?s=96&d=mm&r=g\",\"caption\":\"csqv\"},\"url\":\"https:\\\/\\\/wp.ufpel.edu.br\\\/progep\\\/author\\\/csqv\\\/\"}]}<\/script>\n<!-- \/ Yoast SEO plugin. -->","yoast_head_json":{"title":"Mobiliza\u00e7\u00e3o nacional de combate ao mosquito Aedes aegypti - Pr\u00f3-Reitoria de Gest\u00e3o com Pessoas - PROGEP","robots":{"index":"index","follow":"follow","max-snippet":"max-snippet:-1","max-image-preview":"max-image-preview:large","max-video-preview":"max-video-preview:-1"},"canonical":"https:\/\/wp.ufpel.edu.br\/progep\/2018\/11\/29\/mobilizacao-nacional-de-combate-ao-mosquito-aedes-aegypti\/","og_locale":"pt_BR","og_type":"article","og_title":"Mobiliza\u00e7\u00e3o nacional de combate ao mosquito Aedes aegypti - Pr\u00f3-Reitoria de Gest\u00e3o com Pessoas - PROGEP","og_description":"&nbsp; &nbsp; A Coordena\u00e7\u00e3o de Sa\u00fade e Qualidade de Vida- CSQV\/PROGEP informa sobre a Campanha Nacional de Combate ao mosquito Aedes aegypti. Na aproxima\u00e7\u00e3o do final de ano, com a chegada das chuvas e calor, s\u00e3o intensificadas a\u00e7\u00f5es de combate ao mosquito para evitar sua prolifera\u00e7\u00e3o e o risco de transmiss\u00e3o das doen\u00e7as. Em decorr\u00eancia [&hellip;]","og_url":"https:\/\/wp.ufpel.edu.br\/progep\/2018\/11\/29\/mobilizacao-nacional-de-combate-ao-mosquito-aedes-aegypti\/","og_site_name":"Pr\u00f3-Reitoria de Gest\u00e3o com Pessoas - PROGEP","article_published_time":"2018-11-29T19:41:23+00:00","article_modified_time":"2018-11-29T19:41:51+00:00","og_image":[{"url":"https:\/\/wp.ufpel.edu.br\/progep\/files\/2018\/11\/combate-aedes-portal-400x213.jpg","type":"","width":"","height":""}],"author":"csqv","twitter_card":"summary_large_image","twitter_misc":{"Escrito por":"csqv","Est. tempo de leitura":"2 minutos"},"schema":{"@context":"https:\/\/schema.org","@graph":[{"@type":"Article","@id":"https:\/\/wp.ufpel.edu.br\/progep\/2018\/11\/29\/mobilizacao-nacional-de-combate-ao-mosquito-aedes-aegypti\/#article","isPartOf":{"@id":"https:\/\/wp.ufpel.edu.br\/progep\/2018\/11\/29\/mobilizacao-nacional-de-combate-ao-mosquito-aedes-aegypti\/"},"author":{"name":"csqv","@id":"https:\/\/wp.ufpel.edu.br\/progep\/#\/schema\/person\/a0c870c5f38c3dd40abe3cbac8509810"},"headline":"Mobiliza\u00e7\u00e3o nacional de combate ao mosquito Aedes aegypti","datePublished":"2018-11-29T19:41:23+00:00","dateModified":"2018-11-29T19:41:51+00:00","mainEntityOfPage":{"@id":"https:\/\/wp.ufpel.edu.br\/progep\/2018\/11\/29\/mobilizacao-nacional-de-combate-ao-mosquito-aedes-aegypti\/"},"wordCount":463,"publisher":{"@id":"https:\/\/wp.ufpel.edu.br\/progep\/#organization"},"image":{"@id":"https:\/\/wp.ufpel.edu.br\/progep\/2018\/11\/29\/mobilizacao-nacional-de-combate-ao-mosquito-aedes-aegypti\/#primaryimage"},"thumbnailUrl":"https:\/\/wp.ufpel.edu.br\/progep\/files\/2018\/11\/combate-aedes-portal-400x213.jpg","articleSection":["Not\u00edcias"],"inLanguage":"pt-BR"},{"@type":"WebPage","@id":"https:\/\/wp.ufpel.edu.br\/progep\/2018\/11\/29\/mobilizacao-nacional-de-combate-ao-mosquito-aedes-aegypti\/","url":"https:\/\/wp.ufpel.edu.br\/progep\/2018\/11\/29\/mobilizacao-nacional-de-combate-ao-mosquito-aedes-aegypti\/","name":"Mobiliza\u00e7\u00e3o nacional de combate ao mosquito Aedes aegypti - Pr\u00f3-Reitoria de Gest\u00e3o com Pessoas - PROGEP","isPartOf":{"@id":"https:\/\/wp.ufpel.edu.br\/progep\/#website"},"primaryImageOfPage":{"@id":"https:\/\/wp.ufpel.edu.br\/progep\/2018\/11\/29\/mobilizacao-nacional-de-combate-ao-mosquito-aedes-aegypti\/#primaryimage"},"image":{"@id":"https:\/\/wp.ufpel.edu.br\/progep\/2018\/11\/29\/mobilizacao-nacional-de-combate-ao-mosquito-aedes-aegypti\/#primaryimage"},"thumbnailUrl":"https:\/\/wp.ufpel.edu.br\/progep\/files\/2018\/11\/combate-aedes-portal-400x213.jpg","datePublished":"2018-11-29T19:41:23+00:00","dateModified":"2018-11-29T19:41:51+00:00","breadcrumb":{"@id":"https:\/\/wp.ufpel.edu.br\/progep\/2018\/11\/29\/mobilizacao-nacional-de-combate-ao-mosquito-aedes-aegypti\/#breadcrumb"},"inLanguage":"pt-BR","potentialAction":[{"@type":"ReadAction","target":["https:\/\/wp.ufpel.edu.br\/progep\/2018\/11\/29\/mobilizacao-nacional-de-combate-ao-mosquito-aedes-aegypti\/"]}]},{"@type":"ImageObject","inLanguage":"pt-BR","@id":"https:\/\/wp.ufpel.edu.br\/progep\/2018\/11\/29\/mobilizacao-nacional-de-combate-ao-mosquito-aedes-aegypti\/#primaryimage","url":"https:\/\/wp.ufpel.edu.br\/progep\/files\/2018\/11\/combate-aedes-portal.jpg","contentUrl":"https:\/\/wp.ufpel.edu.br\/progep\/files\/2018\/11\/combate-aedes-portal.jpg","width":750,"height":400},{"@type":"BreadcrumbList","@id":"https:\/\/wp.ufpel.edu.br\/progep\/2018\/11\/29\/mobilizacao-nacional-de-combate-ao-mosquito-aedes-aegypti\/#breadcrumb","itemListElement":[{"@type":"ListItem","position":1,"name":"In\u00edcio","item":"https:\/\/wp.ufpel.edu.br\/progep\/"},{"@type":"ListItem","position":2,"name":"Mobiliza\u00e7\u00e3o nacional de combate ao mosquito Aedes aegypti"}]},{"@type":"WebSite","@id":"https:\/\/wp.ufpel.edu.br\/progep\/#website","url":"https:\/\/wp.ufpel.edu.br\/progep\/","name":"Pr\u00f3-Reitoria de Gest\u00e3o com Pessoas - PROGEP","description":"Pr\u00f3-Reitoria de Gest\u00e3o com Pessoas","publisher":{"@id":"https:\/\/wp.ufpel.edu.br\/progep\/#organization"},"potentialAction":[{"@type":"SearchAction","target":{"@type":"EntryPoint","urlTemplate":"https:\/\/wp.ufpel.edu.br\/progep\/?s={search_term_string}"},"query-input":{"@type":"PropertyValueSpecification","valueRequired":true,"valueName":"search_term_string"}}],"inLanguage":"pt-BR"},{"@type":"Organization","@id":"https:\/\/wp.ufpel.edu.br\/progep\/#organization","name":"Pr\u00f3-Reitoria de Gest\u00e3o com Pessoas - PROGEP","url":"https:\/\/wp.ufpel.edu.br\/progep\/","logo":{"@type":"ImageObject","inLanguage":"pt-BR","@id":"https:\/\/wp.ufpel.edu.br\/progep\/#\/schema\/logo\/image\/","url":"https:\/\/wp.ufpel.edu.br\/progep\/files\/2025\/03\/logo-progep_atualizacao-nome_AZUL.png","contentUrl":"https:\/\/wp.ufpel.edu.br\/progep\/files\/2025\/03\/logo-progep_atualizacao-nome_AZUL.png","width":1080,"height":391,"caption":"Pr\u00f3-Reitoria de Gest\u00e3o com Pessoas - PROGEP"},"image":{"@id":"https:\/\/wp.ufpel.edu.br\/progep\/#\/schema\/logo\/image\/"}},{"@type":"Person","@id":"https:\/\/wp.ufpel.edu.br\/progep\/#\/schema\/person\/a0c870c5f38c3dd40abe3cbac8509810","name":"csqv","image":{"@type":"ImageObject","inLanguage":"pt-BR","@id":"https:\/\/secure.gravatar.com\/avatar\/fed5431a255225515d7936e6a8d039bdeedd7e8914f1041257a393fb49cc1cac?s=96&d=mm&r=g","url":"https:\/\/secure.gravatar.com\/avatar\/fed5431a255225515d7936e6a8d039bdeedd7e8914f1041257a393fb49cc1cac?s=96&d=mm&r=g","contentUrl":"https:\/\/secure.gravatar.com\/avatar\/fed5431a255225515d7936e6a8d039bdeedd7e8914f1041257a393fb49cc1cac?s=96&d=mm&r=g","caption":"csqv"},"url":"https:\/\/wp.ufpel.edu.br\/progep\/author\/csqv\/"}]}},"jetpack_featured_media_url":"","_links":{"self":[{"href":"https:\/\/wp.ufpel.edu.br\/progep\/wp-json\/wp\/v2\/posts\/13021","targetHints":{"allow":["GET"]}}],"collection":[{"href":"https:\/\/wp.ufpel.edu.br\/progep\/wp-json\/wp\/v2\/posts"}],"about":[{"href":"https:\/\/wp.ufpel.edu.br\/progep\/wp-json\/wp\/v2\/types\/post"}],"author":[{"embeddable":true,"href":"https:\/\/wp.ufpel.edu.br\/progep\/wp-json\/wp\/v2\/users\/246"}],"replies":[{"embeddable":true,"href":"https:\/\/wp.ufpel.edu.br\/progep\/wp-json\/wp\/v2\/comments?post=13021"}],"version-history":[{"count":2,"href":"https:\/\/wp.ufpel.edu.br\/progep\/wp-json\/wp\/v2\/posts\/13021\/revisions"}],"predecessor-version":[{"id":13026,"href":"https:\/\/wp.ufpel.edu.br\/progep\/wp-json\/wp\/v2\/posts\/13021\/revisions\/13026"}],"wp:attachment":[{"href":"https:\/\/wp.ufpel.edu.br\/progep\/wp-json\/wp\/v2\/media?parent=13021"}],"wp:term":[{"taxonomy":"category","embeddable":true,"href":"https:\/\/wp.ufpel.edu.br\/progep\/wp-json\/wp\/v2\/categories?post=13021"},{"taxonomy":"post_tag","embeddable":true,"href":"https:\/\/wp.ufpel.edu.br\/progep\/wp-json\/wp\/v2\/tags?post=13021"}],"curies":[{"name":"wp","href":"https:\/\/api.w.org\/{rel}","templated":true}]}}