{"id":12966,"date":"2018-11-27T10:56:24","date_gmt":"2018-11-27T12:56:24","guid":{"rendered":"https:\/\/wp.ufpel.edu.br\/progep\/?p=12966"},"modified":"2022-09-26T21:14:34","modified_gmt":"2022-09-27T00:14:34","slug":"campanha-de-prevencao-ao-cancer-de-pele","status":"publish","type":"post","link":"https:\/\/wp.ufpel.edu.br\/progep\/2018\/11\/27\/campanha-de-prevencao-ao-cancer-de-pele\/","title":{"rendered":"Campanha de preven\u00e7\u00e3o ao c\u00e2ncer de pele"},"content":{"rendered":"<p><img class=\"size-full wp-image-12968 alignleft\" src=\"https:\/\/wp.ufpel.edu.br\/progep\/files\/2018\/11\/320_12339222_776883422421547_2170581870512732854_o.jpg\" alt=\"\" width=\"320\" height=\"240\" \/><\/p>\n<p>#Dezembrolaranja<\/p>\n<p>A Coordena\u00e7\u00e3o de Sa\u00fade e Qualidade de Vida vem lembrar a comunidade da UFPel sobre a import\u00e2ncia da preven\u00e7\u00e3o ao c\u00e2ncer de pele. O m\u00eas de dezembro est\u00e1 chegando e com ele os dias de sol intenso e de intensifica\u00e7\u00e3o da preven\u00e7\u00e3o da nossa sa\u00fade.<\/p>\n<p>Com a chegada do ver\u00e3o, aumenta o \u00edndice de raios nocivos emitidos pelo sol, e as pessoas naturalmente se exp\u00f5e a essa radia\u00e7\u00e3o em fun\u00e7\u00e3o dos dias mais longos, atividades ao ar livre , f\u00e9rias e muito calor.<\/p>\n<p>A Sociedade Brasileira de Dermatologia\u00a0 e tamb\u00e9m o INCA alertam sobre o alto \u00edndice de pessoas que desenvolvem c\u00e2ncer de pele, principalmente o melanoma. Essa doen\u00e7a \u00e9 causada pelo efeito cumulativo, portanto desde cedo devemos proteger as crian\u00e7as dos efeitos dos raios UV.<\/p>\n<p>A prote\u00e7\u00e3o solar deve ser um habito di\u00e1rio, e pode ser feita de v\u00e1rias formas: n\u00e3o permanecer exposto\u00a0 nos hor\u00e1rios cr\u00edticos, entre 10 h e 16 h, mas se a exposi\u00e7\u00e3o for inevit\u00e1vel \u00e9 importante que se utilize filtro solar, bon\u00e9s, \u00f3culos escuros,\u00a0 chap\u00e9us de aba larga e roupas leves que cubram a maior parte do corpo. \u00c9 importante tamb\u00e9m reaplicar o filtro solar quando transpirar muito , ficar na \u00e1gua ou secar-se com toalhas.<\/p>\n<p>O ambiente tamb\u00e9m deve ser observado : Grandes altitudes requerem cuidados extras. A cada 300 metros de altitude, aproximadamente, aumenta em 4% a intensidade da vermelhid\u00e3o produzida na pele pela luz ultravioleta. A neve, a areia branca e as superf\u00edcies pintadas de branco s\u00e3o refletoras dos raios solares. Nesses locais \u00e9\u00a0\u00a0importante que se estimule a procura por prote\u00e7\u00e3o f\u00edsica (\u00e1reas de sombra), que podem ser desde \u00e1rvores at\u00e9 edifica\u00e7\u00f5es como marquises. \u00c1reas de sombra reduzem em at\u00e9 50% a intensidade das radia\u00e7\u00f5es UV.<\/p>\n<p>O dia 1\u00ba de dezembro \u00e9 o dia nacional de preven\u00e7\u00e3o ao c\u00e2ncer de pele, portanto \u00e9 importante que cada pessoa se conscientize sobre os efeitos da radia\u00e7\u00e3o solar sobre a pele que \u00e9 o maior \u00f3rg\u00e3o do nosso corpo, e por isso \u00e9 t\u00e3o importante para a nossa sobreviv\u00eancia.<\/p>\n<p>Para mais informa\u00e7\u00f5es sobre o #Dezembrolaranja, acesse:<\/p>\n<p><a href=\"http:\/\/www.sbd.org.br\/dezembroLaranja\"> www.dezembrolaranja.com.br<\/a><\/p>\n<p>&nbsp;<\/p>\n<p><a href=\"http:\/\/www.sbd.org.br\/dezembroLaranja\/exame-preventivo-gratuito\/\">http:\/\/www.sbd.org.br\/dezembroLaranja\/exame-preventivo-gratuito\/<\/a><\/p>\n<p><a href=\"http:\/\/www2.inca.gov.br\/wps\/wcm\/connect\/cancer\/site\/prevencao-fatores-de-risco\/como-proteger-cancer-pele\">http:\/\/www2.inca.gov.br\/wps\/wcm\/connect\/cancer\/site\/prevencao-fatores-de-risco\/como-proteger-cancer-pele<\/a><\/p>\n<p>&nbsp;<\/p>\n<p>&nbsp;<\/p>\n","protected":false},"excerpt":{"rendered":"<p>#Dezembrolaranja A Coordena\u00e7\u00e3o de Sa\u00fade e Qualidade de Vida vem lembrar a comunidade da UFPel sobre a import\u00e2ncia da preven\u00e7\u00e3o ao c\u00e2ncer de pele. O m\u00eas de dezembro est\u00e1 chegando e com ele os dias de sol intenso e de intensifica\u00e7\u00e3o da preven\u00e7\u00e3o da nossa sa\u00fade. Com a chegada do ver\u00e3o, aumenta o \u00edndice de [&hellip;]<\/p>\n","protected":false},"author":246,"featured_media":0,"comment_status":"closed","ping_status":"closed","sticky":false,"template":"","format":"standard","meta":{"footnotes":""},"categories":[1],"tags":[],"class_list":["post-12966","post","type-post","status-publish","format-standard","hentry","category-noticias"],"yoast_head":"<!-- This site is optimized with the Yoast SEO plugin v28.1 - https:\/\/yoast.com\/product\/yoast-seo-wordpress\/ -->\n<title>Campanha de preven\u00e7\u00e3o ao c\u00e2ncer de pele - Pr\u00f3-Reitoria de Gest\u00e3o com Pessoas - PROGEP<\/title>\n<meta name=\"robots\" content=\"index, follow, max-snippet:-1, max-image-preview:large, max-video-preview:-1\" \/>\n<link rel=\"canonical\" href=\"https:\/\/wp.ufpel.edu.br\/progep\/2018\/11\/27\/campanha-de-prevencao-ao-cancer-de-pele\/\" \/>\n<meta property=\"og:locale\" content=\"pt_BR\" \/>\n<meta property=\"og:type\" content=\"article\" \/>\n<meta property=\"og:title\" content=\"Campanha de preven\u00e7\u00e3o ao c\u00e2ncer de pele - Pr\u00f3-Reitoria de Gest\u00e3o com Pessoas - PROGEP\" \/>\n<meta property=\"og:description\" content=\"#Dezembrolaranja A Coordena\u00e7\u00e3o de Sa\u00fade e Qualidade de Vida vem lembrar a comunidade da UFPel sobre a import\u00e2ncia da preven\u00e7\u00e3o ao c\u00e2ncer de pele. O m\u00eas de dezembro est\u00e1 chegando e com ele os dias de sol intenso e de intensifica\u00e7\u00e3o da preven\u00e7\u00e3o da nossa sa\u00fade. Com a chegada do ver\u00e3o, aumenta o \u00edndice de [&hellip;]\" \/>\n<meta property=\"og:url\" content=\"https:\/\/wp.ufpel.edu.br\/progep\/2018\/11\/27\/campanha-de-prevencao-ao-cancer-de-pele\/\" \/>\n<meta property=\"og:site_name\" content=\"Pr\u00f3-Reitoria de Gest\u00e3o com Pessoas - PROGEP\" \/>\n<meta property=\"article:published_time\" content=\"2018-11-27T12:56:24+00:00\" \/>\n<meta property=\"article:modified_time\" content=\"2022-09-27T00:14:34+00:00\" \/>\n<meta property=\"og:image\" content=\"https:\/\/wp.ufpel.edu.br\/progep\/files\/2018\/11\/320_12339222_776883422421547_2170581870512732854_o.jpg\" \/>\n<meta name=\"author\" content=\"csqv\" \/>\n<meta name=\"twitter:card\" content=\"summary_large_image\" \/>\n<meta name=\"twitter:label1\" content=\"Escrito por\" \/>\n\t<meta name=\"twitter:data1\" content=\"csqv\" \/>\n\t<meta name=\"twitter:label2\" content=\"Est. tempo de leitura\" \/>\n\t<meta name=\"twitter:data2\" content=\"2 minutos\" \/>\n<script type=\"application\/ld+json\" class=\"yoast-schema-graph\">{\"@context\":\"https:\\\/\\\/schema.org\",\"@graph\":[{\"@type\":\"Article\",\"@id\":\"https:\\\/\\\/wp.ufpel.edu.br\\\/progep\\\/2018\\\/11\\\/27\\\/campanha-de-prevencao-ao-cancer-de-pele\\\/#article\",\"isPartOf\":{\"@id\":\"https:\\\/\\\/wp.ufpel.edu.br\\\/progep\\\/2018\\\/11\\\/27\\\/campanha-de-prevencao-ao-cancer-de-pele\\\/\"},\"author\":{\"name\":\"csqv\",\"@id\":\"https:\\\/\\\/wp.ufpel.edu.br\\\/progep\\\/#\\\/schema\\\/person\\\/a0c870c5f38c3dd40abe3cbac8509810\"},\"headline\":\"Campanha de preven\u00e7\u00e3o ao c\u00e2ncer de pele\",\"datePublished\":\"2018-11-27T12:56:24+00:00\",\"dateModified\":\"2022-09-27T00:14:34+00:00\",\"mainEntityOfPage\":{\"@id\":\"https:\\\/\\\/wp.ufpel.edu.br\\\/progep\\\/2018\\\/11\\\/27\\\/campanha-de-prevencao-ao-cancer-de-pele\\\/\"},\"wordCount\":405,\"publisher\":{\"@id\":\"https:\\\/\\\/wp.ufpel.edu.br\\\/progep\\\/#organization\"},\"image\":{\"@id\":\"https:\\\/\\\/wp.ufpel.edu.br\\\/progep\\\/2018\\\/11\\\/27\\\/campanha-de-prevencao-ao-cancer-de-pele\\\/#primaryimage\"},\"thumbnailUrl\":\"https:\\\/\\\/wp.ufpel.edu.br\\\/progep\\\/files\\\/2018\\\/11\\\/320_12339222_776883422421547_2170581870512732854_o.jpg\",\"articleSection\":[\"Not\u00edcias\"],\"inLanguage\":\"pt-BR\"},{\"@type\":\"WebPage\",\"@id\":\"https:\\\/\\\/wp.ufpel.edu.br\\\/progep\\\/2018\\\/11\\\/27\\\/campanha-de-prevencao-ao-cancer-de-pele\\\/\",\"url\":\"https:\\\/\\\/wp.ufpel.edu.br\\\/progep\\\/2018\\\/11\\\/27\\\/campanha-de-prevencao-ao-cancer-de-pele\\\/\",\"name\":\"Campanha de preven\u00e7\u00e3o ao c\u00e2ncer de pele - Pr\u00f3-Reitoria de Gest\u00e3o com Pessoas - PROGEP\",\"isPartOf\":{\"@id\":\"https:\\\/\\\/wp.ufpel.edu.br\\\/progep\\\/#website\"},\"primaryImageOfPage\":{\"@id\":\"https:\\\/\\\/wp.ufpel.edu.br\\\/progep\\\/2018\\\/11\\\/27\\\/campanha-de-prevencao-ao-cancer-de-pele\\\/#primaryimage\"},\"image\":{\"@id\":\"https:\\\/\\\/wp.ufpel.edu.br\\\/progep\\\/2018\\\/11\\\/27\\\/campanha-de-prevencao-ao-cancer-de-pele\\\/#primaryimage\"},\"thumbnailUrl\":\"https:\\\/\\\/wp.ufpel.edu.br\\\/progep\\\/files\\\/2018\\\/11\\\/320_12339222_776883422421547_2170581870512732854_o.jpg\",\"datePublished\":\"2018-11-27T12:56:24+00:00\",\"dateModified\":\"2022-09-27T00:14:34+00:00\",\"breadcrumb\":{\"@id\":\"https:\\\/\\\/wp.ufpel.edu.br\\\/progep\\\/2018\\\/11\\\/27\\\/campanha-de-prevencao-ao-cancer-de-pele\\\/#breadcrumb\"},\"inLanguage\":\"pt-BR\",\"potentialAction\":[{\"@type\":\"ReadAction\",\"target\":[\"https:\\\/\\\/wp.ufpel.edu.br\\\/progep\\\/2018\\\/11\\\/27\\\/campanha-de-prevencao-ao-cancer-de-pele\\\/\"]}]},{\"@type\":\"ImageObject\",\"inLanguage\":\"pt-BR\",\"@id\":\"https:\\\/\\\/wp.ufpel.edu.br\\\/progep\\\/2018\\\/11\\\/27\\\/campanha-de-prevencao-ao-cancer-de-pele\\\/#primaryimage\",\"url\":\"https:\\\/\\\/wp.ufpel.edu.br\\\/progep\\\/files\\\/2018\\\/11\\\/320_12339222_776883422421547_2170581870512732854_o.jpg\",\"contentUrl\":\"https:\\\/\\\/wp.ufpel.edu.br\\\/progep\\\/files\\\/2018\\\/11\\\/320_12339222_776883422421547_2170581870512732854_o.jpg\",\"width\":320,\"height\":240},{\"@type\":\"BreadcrumbList\",\"@id\":\"https:\\\/\\\/wp.ufpel.edu.br\\\/progep\\\/2018\\\/11\\\/27\\\/campanha-de-prevencao-ao-cancer-de-pele\\\/#breadcrumb\",\"itemListElement\":[{\"@type\":\"ListItem\",\"position\":1,\"name\":\"In\u00edcio\",\"item\":\"https:\\\/\\\/wp.ufpel.edu.br\\\/progep\\\/\"},{\"@type\":\"ListItem\",\"position\":2,\"name\":\"Campanha de preven\u00e7\u00e3o ao c\u00e2ncer de pele\"}]},{\"@type\":\"WebSite\",\"@id\":\"https:\\\/\\\/wp.ufpel.edu.br\\\/progep\\\/#website\",\"url\":\"https:\\\/\\\/wp.ufpel.edu.br\\\/progep\\\/\",\"name\":\"Pr\u00f3-Reitoria de Gest\u00e3o com Pessoas - PROGEP\",\"description\":\"Pr\u00f3-Reitoria de Gest\u00e3o com Pessoas\",\"publisher\":{\"@id\":\"https:\\\/\\\/wp.ufpel.edu.br\\\/progep\\\/#organization\"},\"potentialAction\":[{\"@type\":\"SearchAction\",\"target\":{\"@type\":\"EntryPoint\",\"urlTemplate\":\"https:\\\/\\\/wp.ufpel.edu.br\\\/progep\\\/?s={search_term_string}\"},\"query-input\":{\"@type\":\"PropertyValueSpecification\",\"valueRequired\":true,\"valueName\":\"search_term_string\"}}],\"inLanguage\":\"pt-BR\"},{\"@type\":\"Organization\",\"@id\":\"https:\\\/\\\/wp.ufpel.edu.br\\\/progep\\\/#organization\",\"name\":\"Pr\u00f3-Reitoria de Gest\u00e3o com Pessoas - PROGEP\",\"url\":\"https:\\\/\\\/wp.ufpel.edu.br\\\/progep\\\/\",\"logo\":{\"@type\":\"ImageObject\",\"inLanguage\":\"pt-BR\",\"@id\":\"https:\\\/\\\/wp.ufpel.edu.br\\\/progep\\\/#\\\/schema\\\/logo\\\/image\\\/\",\"url\":\"https:\\\/\\\/wp.ufpel.edu.br\\\/progep\\\/files\\\/2025\\\/03\\\/logo-progep_atualizacao-nome_AZUL.png\",\"contentUrl\":\"https:\\\/\\\/wp.ufpel.edu.br\\\/progep\\\/files\\\/2025\\\/03\\\/logo-progep_atualizacao-nome_AZUL.png\",\"width\":1080,\"height\":391,\"caption\":\"Pr\u00f3-Reitoria de Gest\u00e3o com Pessoas - PROGEP\"},\"image\":{\"@id\":\"https:\\\/\\\/wp.ufpel.edu.br\\\/progep\\\/#\\\/schema\\\/logo\\\/image\\\/\"}},{\"@type\":\"Person\",\"@id\":\"https:\\\/\\\/wp.ufpel.edu.br\\\/progep\\\/#\\\/schema\\\/person\\\/a0c870c5f38c3dd40abe3cbac8509810\",\"name\":\"csqv\",\"image\":{\"@type\":\"ImageObject\",\"inLanguage\":\"pt-BR\",\"@id\":\"https:\\\/\\\/secure.gravatar.com\\\/avatar\\\/fed5431a255225515d7936e6a8d039bdeedd7e8914f1041257a393fb49cc1cac?s=96&d=mm&r=g\",\"url\":\"https:\\\/\\\/secure.gravatar.com\\\/avatar\\\/fed5431a255225515d7936e6a8d039bdeedd7e8914f1041257a393fb49cc1cac?s=96&d=mm&r=g\",\"contentUrl\":\"https:\\\/\\\/secure.gravatar.com\\\/avatar\\\/fed5431a255225515d7936e6a8d039bdeedd7e8914f1041257a393fb49cc1cac?s=96&d=mm&r=g\",\"caption\":\"csqv\"},\"url\":\"https:\\\/\\\/wp.ufpel.edu.br\\\/progep\\\/author\\\/csqv\\\/\"}]}<\/script>\n<!-- \/ Yoast SEO plugin. -->","yoast_head_json":{"title":"Campanha de preven\u00e7\u00e3o ao c\u00e2ncer de pele - Pr\u00f3-Reitoria de Gest\u00e3o com Pessoas - PROGEP","robots":{"index":"index","follow":"follow","max-snippet":"max-snippet:-1","max-image-preview":"max-image-preview:large","max-video-preview":"max-video-preview:-1"},"canonical":"https:\/\/wp.ufpel.edu.br\/progep\/2018\/11\/27\/campanha-de-prevencao-ao-cancer-de-pele\/","og_locale":"pt_BR","og_type":"article","og_title":"Campanha de preven\u00e7\u00e3o ao c\u00e2ncer de pele - Pr\u00f3-Reitoria de Gest\u00e3o com Pessoas - PROGEP","og_description":"#Dezembrolaranja A Coordena\u00e7\u00e3o de Sa\u00fade e Qualidade de Vida vem lembrar a comunidade da UFPel sobre a import\u00e2ncia da preven\u00e7\u00e3o ao c\u00e2ncer de pele. O m\u00eas de dezembro est\u00e1 chegando e com ele os dias de sol intenso e de intensifica\u00e7\u00e3o da preven\u00e7\u00e3o da nossa sa\u00fade. Com a chegada do ver\u00e3o, aumenta o \u00edndice de [&hellip;]","og_url":"https:\/\/wp.ufpel.edu.br\/progep\/2018\/11\/27\/campanha-de-prevencao-ao-cancer-de-pele\/","og_site_name":"Pr\u00f3-Reitoria de Gest\u00e3o com Pessoas - PROGEP","article_published_time":"2018-11-27T12:56:24+00:00","article_modified_time":"2022-09-27T00:14:34+00:00","og_image":[{"url":"https:\/\/wp.ufpel.edu.br\/progep\/files\/2018\/11\/320_12339222_776883422421547_2170581870512732854_o.jpg","type":"","width":"","height":""}],"author":"csqv","twitter_card":"summary_large_image","twitter_misc":{"Escrito por":"csqv","Est. tempo de leitura":"2 minutos"},"schema":{"@context":"https:\/\/schema.org","@graph":[{"@type":"Article","@id":"https:\/\/wp.ufpel.edu.br\/progep\/2018\/11\/27\/campanha-de-prevencao-ao-cancer-de-pele\/#article","isPartOf":{"@id":"https:\/\/wp.ufpel.edu.br\/progep\/2018\/11\/27\/campanha-de-prevencao-ao-cancer-de-pele\/"},"author":{"name":"csqv","@id":"https:\/\/wp.ufpel.edu.br\/progep\/#\/schema\/person\/a0c870c5f38c3dd40abe3cbac8509810"},"headline":"Campanha de preven\u00e7\u00e3o ao c\u00e2ncer de pele","datePublished":"2018-11-27T12:56:24+00:00","dateModified":"2022-09-27T00:14:34+00:00","mainEntityOfPage":{"@id":"https:\/\/wp.ufpel.edu.br\/progep\/2018\/11\/27\/campanha-de-prevencao-ao-cancer-de-pele\/"},"wordCount":405,"publisher":{"@id":"https:\/\/wp.ufpel.edu.br\/progep\/#organization"},"image":{"@id":"https:\/\/wp.ufpel.edu.br\/progep\/2018\/11\/27\/campanha-de-prevencao-ao-cancer-de-pele\/#primaryimage"},"thumbnailUrl":"https:\/\/wp.ufpel.edu.br\/progep\/files\/2018\/11\/320_12339222_776883422421547_2170581870512732854_o.jpg","articleSection":["Not\u00edcias"],"inLanguage":"pt-BR"},{"@type":"WebPage","@id":"https:\/\/wp.ufpel.edu.br\/progep\/2018\/11\/27\/campanha-de-prevencao-ao-cancer-de-pele\/","url":"https:\/\/wp.ufpel.edu.br\/progep\/2018\/11\/27\/campanha-de-prevencao-ao-cancer-de-pele\/","name":"Campanha de preven\u00e7\u00e3o ao c\u00e2ncer de pele - Pr\u00f3-Reitoria de Gest\u00e3o com Pessoas - PROGEP","isPartOf":{"@id":"https:\/\/wp.ufpel.edu.br\/progep\/#website"},"primaryImageOfPage":{"@id":"https:\/\/wp.ufpel.edu.br\/progep\/2018\/11\/27\/campanha-de-prevencao-ao-cancer-de-pele\/#primaryimage"},"image":{"@id":"https:\/\/wp.ufpel.edu.br\/progep\/2018\/11\/27\/campanha-de-prevencao-ao-cancer-de-pele\/#primaryimage"},"thumbnailUrl":"https:\/\/wp.ufpel.edu.br\/progep\/files\/2018\/11\/320_12339222_776883422421547_2170581870512732854_o.jpg","datePublished":"2018-11-27T12:56:24+00:00","dateModified":"2022-09-27T00:14:34+00:00","breadcrumb":{"@id":"https:\/\/wp.ufpel.edu.br\/progep\/2018\/11\/27\/campanha-de-prevencao-ao-cancer-de-pele\/#breadcrumb"},"inLanguage":"pt-BR","potentialAction":[{"@type":"ReadAction","target":["https:\/\/wp.ufpel.edu.br\/progep\/2018\/11\/27\/campanha-de-prevencao-ao-cancer-de-pele\/"]}]},{"@type":"ImageObject","inLanguage":"pt-BR","@id":"https:\/\/wp.ufpel.edu.br\/progep\/2018\/11\/27\/campanha-de-prevencao-ao-cancer-de-pele\/#primaryimage","url":"https:\/\/wp.ufpel.edu.br\/progep\/files\/2018\/11\/320_12339222_776883422421547_2170581870512732854_o.jpg","contentUrl":"https:\/\/wp.ufpel.edu.br\/progep\/files\/2018\/11\/320_12339222_776883422421547_2170581870512732854_o.jpg","width":320,"height":240},{"@type":"BreadcrumbList","@id":"https:\/\/wp.ufpel.edu.br\/progep\/2018\/11\/27\/campanha-de-prevencao-ao-cancer-de-pele\/#breadcrumb","itemListElement":[{"@type":"ListItem","position":1,"name":"In\u00edcio","item":"https:\/\/wp.ufpel.edu.br\/progep\/"},{"@type":"ListItem","position":2,"name":"Campanha de preven\u00e7\u00e3o ao c\u00e2ncer de pele"}]},{"@type":"WebSite","@id":"https:\/\/wp.ufpel.edu.br\/progep\/#website","url":"https:\/\/wp.ufpel.edu.br\/progep\/","name":"Pr\u00f3-Reitoria de Gest\u00e3o com Pessoas - PROGEP","description":"Pr\u00f3-Reitoria de Gest\u00e3o com Pessoas","publisher":{"@id":"https:\/\/wp.ufpel.edu.br\/progep\/#organization"},"potentialAction":[{"@type":"SearchAction","target":{"@type":"EntryPoint","urlTemplate":"https:\/\/wp.ufpel.edu.br\/progep\/?s={search_term_string}"},"query-input":{"@type":"PropertyValueSpecification","valueRequired":true,"valueName":"search_term_string"}}],"inLanguage":"pt-BR"},{"@type":"Organization","@id":"https:\/\/wp.ufpel.edu.br\/progep\/#organization","name":"Pr\u00f3-Reitoria de Gest\u00e3o com Pessoas - PROGEP","url":"https:\/\/wp.ufpel.edu.br\/progep\/","logo":{"@type":"ImageObject","inLanguage":"pt-BR","@id":"https:\/\/wp.ufpel.edu.br\/progep\/#\/schema\/logo\/image\/","url":"https:\/\/wp.ufpel.edu.br\/progep\/files\/2025\/03\/logo-progep_atualizacao-nome_AZUL.png","contentUrl":"https:\/\/wp.ufpel.edu.br\/progep\/files\/2025\/03\/logo-progep_atualizacao-nome_AZUL.png","width":1080,"height":391,"caption":"Pr\u00f3-Reitoria de Gest\u00e3o com Pessoas - PROGEP"},"image":{"@id":"https:\/\/wp.ufpel.edu.br\/progep\/#\/schema\/logo\/image\/"}},{"@type":"Person","@id":"https:\/\/wp.ufpel.edu.br\/progep\/#\/schema\/person\/a0c870c5f38c3dd40abe3cbac8509810","name":"csqv","image":{"@type":"ImageObject","inLanguage":"pt-BR","@id":"https:\/\/secure.gravatar.com\/avatar\/fed5431a255225515d7936e6a8d039bdeedd7e8914f1041257a393fb49cc1cac?s=96&d=mm&r=g","url":"https:\/\/secure.gravatar.com\/avatar\/fed5431a255225515d7936e6a8d039bdeedd7e8914f1041257a393fb49cc1cac?s=96&d=mm&r=g","contentUrl":"https:\/\/secure.gravatar.com\/avatar\/fed5431a255225515d7936e6a8d039bdeedd7e8914f1041257a393fb49cc1cac?s=96&d=mm&r=g","caption":"csqv"},"url":"https:\/\/wp.ufpel.edu.br\/progep\/author\/csqv\/"}]}},"jetpack_featured_media_url":"","_links":{"self":[{"href":"https:\/\/wp.ufpel.edu.br\/progep\/wp-json\/wp\/v2\/posts\/12966","targetHints":{"allow":["GET"]}}],"collection":[{"href":"https:\/\/wp.ufpel.edu.br\/progep\/wp-json\/wp\/v2\/posts"}],"about":[{"href":"https:\/\/wp.ufpel.edu.br\/progep\/wp-json\/wp\/v2\/types\/post"}],"author":[{"embeddable":true,"href":"https:\/\/wp.ufpel.edu.br\/progep\/wp-json\/wp\/v2\/users\/246"}],"replies":[{"embeddable":true,"href":"https:\/\/wp.ufpel.edu.br\/progep\/wp-json\/wp\/v2\/comments?post=12966"}],"version-history":[{"count":2,"href":"https:\/\/wp.ufpel.edu.br\/progep\/wp-json\/wp\/v2\/posts\/12966\/revisions"}],"predecessor-version":[{"id":12970,"href":"https:\/\/wp.ufpel.edu.br\/progep\/wp-json\/wp\/v2\/posts\/12966\/revisions\/12970"}],"wp:attachment":[{"href":"https:\/\/wp.ufpel.edu.br\/progep\/wp-json\/wp\/v2\/media?parent=12966"}],"wp:term":[{"taxonomy":"category","embeddable":true,"href":"https:\/\/wp.ufpel.edu.br\/progep\/wp-json\/wp\/v2\/categories?post=12966"},{"taxonomy":"post_tag","embeddable":true,"href":"https:\/\/wp.ufpel.edu.br\/progep\/wp-json\/wp\/v2\/tags?post=12966"}],"curies":[{"name":"wp","href":"https:\/\/api.w.org\/{rel}","templated":true}]}}