{"id":12961,"date":"2018-11-23T09:52:10","date_gmt":"2018-11-23T11:52:10","guid":{"rendered":"https:\/\/wp.ufpel.edu.br\/progep\/?p=12961"},"modified":"2018-11-23T09:52:10","modified_gmt":"2018-11-23T11:52:10","slug":"ciclo-de-palestras-2018-ultimo-evento","status":"publish","type":"post","link":"https:\/\/wp.ufpel.edu.br\/progep\/2018\/11\/23\/ciclo-de-palestras-2018-ultimo-evento\/","title":{"rendered":"Ciclo de Palestras 2018 &#8211; \u00faltimo evento"},"content":{"rendered":"<p><span style=\"color: #808080\">A Coordena\u00e7\u00e3o de Desenvolvimento de Pessoal informa que est\u00e1 com inscri\u00e7\u00f5es abertas para o \u00faltimo evento do Ciclo Anual de Palestras para Servidores:<\/span><\/p>\n<p style=\"text-align: center\"><strong><span style=\"color: #808080\">Palestra: Aposentadoria e Pens\u00e3o do Servidor P\u00fablico<\/span><\/strong><\/p>\n<p style=\"text-align: center\"><strong><span style=\"color: #808080\">Data: 11 de dezembro de 2018<\/span><\/strong><\/p>\n<p style=\"text-align: center\"><strong><span style=\"color: #808080\">Hora: 8 horas<\/span><\/strong><\/p>\n<p style=\"text-align: center\"><strong><span style=\"color: #808080\">Local: audit\u00f3rio acad\u00eamico do Campus Anglo &#8211; 4\u00ba andar<\/span><\/strong><\/p>\n<p style=\"text-align: center\"><strong><span style=\"color: #808080\">Palestrante: Roberta Funari Bacelo &#8211; PROGEP\/UFPel<\/span><\/strong><\/p>\n<p><span style=\"color: #808080\">O objetivo \u00e9 apresentar os aspectos legais e pr\u00e1ticos acerca de aposentadoria e pens\u00e3o no servi\u00e7o p\u00fablico, proporcionando ao servidor a atualiza\u00e7\u00e3o de seus conhecimentos.<\/span><\/p>\n<p><span style=\"color: #808080\">O link para inscri\u00e7\u00e3o est\u00e1 dispon\u00edvel <strong><span style=\"color: #ff6600\"><a style=\"color: #ff6600\" href=\"https:\/\/wp.ufpel.edu.br\/progep\/palestra-aposentadoria-e-pensao-do-servidor-publico\/\">AQUI<\/a><\/span><\/strong>!<\/span><\/p>\n","protected":false},"excerpt":{"rendered":"<p>A Coordena\u00e7\u00e3o de Desenvolvimento de Pessoal informa que est\u00e1 com inscri\u00e7\u00f5es abertas para o \u00faltimo evento do Ciclo Anual de Palestras para Servidores: Palestra: Aposentadoria e Pens\u00e3o do Servidor P\u00fablico Data: 11 de dezembro de 2018 Hora: 8 horas Local: audit\u00f3rio acad\u00eamico do Campus Anglo &#8211; 4\u00ba andar Palestrante: Roberta Funari Bacelo &#8211; PROGEP\/UFPel O [&hellip;]<\/p>\n","protected":false},"author":21,"featured_media":0,"comment_status":"closed","ping_status":"closed","sticky":false,"template":"","format":"standard","meta":{"footnotes":""},"categories":[1],"tags":[],"class_list":["post-12961","post","type-post","status-publish","format-standard","hentry","category-noticias"],"yoast_head":"<!-- This site is optimized with the Yoast SEO plugin v28.1 - https:\/\/yoast.com\/product\/yoast-seo-wordpress\/ -->\n<title>Ciclo de Palestras 2018 - \u00faltimo evento - Pr\u00f3-Reitoria de Gest\u00e3o com Pessoas - PROGEP<\/title>\n<meta name=\"robots\" content=\"index, follow, max-snippet:-1, max-image-preview:large, max-video-preview:-1\" \/>\n<link rel=\"canonical\" href=\"https:\/\/wp.ufpel.edu.br\/progep\/2018\/11\/23\/ciclo-de-palestras-2018-ultimo-evento\/\" \/>\n<meta property=\"og:locale\" content=\"pt_BR\" \/>\n<meta property=\"og:type\" content=\"article\" \/>\n<meta property=\"og:title\" content=\"Ciclo de Palestras 2018 - \u00faltimo evento - Pr\u00f3-Reitoria de Gest\u00e3o com Pessoas - PROGEP\" \/>\n<meta property=\"og:description\" content=\"A Coordena\u00e7\u00e3o de Desenvolvimento de Pessoal informa que est\u00e1 com inscri\u00e7\u00f5es abertas para o \u00faltimo evento do Ciclo Anual de Palestras para Servidores: Palestra: Aposentadoria e Pens\u00e3o do Servidor P\u00fablico Data: 11 de dezembro de 2018 Hora: 8 horas Local: audit\u00f3rio acad\u00eamico do Campus Anglo &#8211; 4\u00ba andar Palestrante: Roberta Funari Bacelo &#8211; PROGEP\/UFPel O [&hellip;]\" \/>\n<meta property=\"og:url\" content=\"https:\/\/wp.ufpel.edu.br\/progep\/2018\/11\/23\/ciclo-de-palestras-2018-ultimo-evento\/\" \/>\n<meta property=\"og:site_name\" content=\"Pr\u00f3-Reitoria de Gest\u00e3o com Pessoas - PROGEP\" \/>\n<meta property=\"article:published_time\" content=\"2018-11-23T11:52:10+00:00\" \/>\n<meta name=\"author\" content=\"cdp\" \/>\n<meta name=\"twitter:card\" content=\"summary_large_image\" \/>\n<meta name=\"twitter:label1\" content=\"Escrito por\" \/>\n\t<meta name=\"twitter:data1\" content=\"cdp\" \/>\n<script type=\"application\/ld+json\" class=\"yoast-schema-graph\">{\"@context\":\"https:\\\/\\\/schema.org\",\"@graph\":[{\"@type\":\"Article\",\"@id\":\"https:\\\/\\\/wp.ufpel.edu.br\\\/progep\\\/2018\\\/11\\\/23\\\/ciclo-de-palestras-2018-ultimo-evento\\\/#article\",\"isPartOf\":{\"@id\":\"https:\\\/\\\/wp.ufpel.edu.br\\\/progep\\\/2018\\\/11\\\/23\\\/ciclo-de-palestras-2018-ultimo-evento\\\/\"},\"author\":{\"name\":\"cdp\",\"@id\":\"https:\\\/\\\/wp.ufpel.edu.br\\\/progep\\\/#\\\/schema\\\/person\\\/315e74eabd6db6c24f6679afc7f23ee8\"},\"headline\":\"Ciclo de Palestras 2018 &#8211; \u00faltimo evento\",\"datePublished\":\"2018-11-23T11:52:10+00:00\",\"mainEntityOfPage\":{\"@id\":\"https:\\\/\\\/wp.ufpel.edu.br\\\/progep\\\/2018\\\/11\\\/23\\\/ciclo-de-palestras-2018-ultimo-evento\\\/\"},\"wordCount\":101,\"publisher\":{\"@id\":\"https:\\\/\\\/wp.ufpel.edu.br\\\/progep\\\/#organization\"},\"articleSection\":[\"Not\u00edcias\"],\"inLanguage\":\"pt-BR\"},{\"@type\":\"WebPage\",\"@id\":\"https:\\\/\\\/wp.ufpel.edu.br\\\/progep\\\/2018\\\/11\\\/23\\\/ciclo-de-palestras-2018-ultimo-evento\\\/\",\"url\":\"https:\\\/\\\/wp.ufpel.edu.br\\\/progep\\\/2018\\\/11\\\/23\\\/ciclo-de-palestras-2018-ultimo-evento\\\/\",\"name\":\"Ciclo de Palestras 2018 - \u00faltimo evento - Pr\u00f3-Reitoria de Gest\u00e3o com Pessoas - PROGEP\",\"isPartOf\":{\"@id\":\"https:\\\/\\\/wp.ufpel.edu.br\\\/progep\\\/#website\"},\"datePublished\":\"2018-11-23T11:52:10+00:00\",\"breadcrumb\":{\"@id\":\"https:\\\/\\\/wp.ufpel.edu.br\\\/progep\\\/2018\\\/11\\\/23\\\/ciclo-de-palestras-2018-ultimo-evento\\\/#breadcrumb\"},\"inLanguage\":\"pt-BR\",\"potentialAction\":[{\"@type\":\"ReadAction\",\"target\":[\"https:\\\/\\\/wp.ufpel.edu.br\\\/progep\\\/2018\\\/11\\\/23\\\/ciclo-de-palestras-2018-ultimo-evento\\\/\"]}]},{\"@type\":\"BreadcrumbList\",\"@id\":\"https:\\\/\\\/wp.ufpel.edu.br\\\/progep\\\/2018\\\/11\\\/23\\\/ciclo-de-palestras-2018-ultimo-evento\\\/#breadcrumb\",\"itemListElement\":[{\"@type\":\"ListItem\",\"position\":1,\"name\":\"In\u00edcio\",\"item\":\"https:\\\/\\\/wp.ufpel.edu.br\\\/progep\\\/\"},{\"@type\":\"ListItem\",\"position\":2,\"name\":\"Ciclo de Palestras 2018 &#8211; \u00faltimo evento\"}]},{\"@type\":\"WebSite\",\"@id\":\"https:\\\/\\\/wp.ufpel.edu.br\\\/progep\\\/#website\",\"url\":\"https:\\\/\\\/wp.ufpel.edu.br\\\/progep\\\/\",\"name\":\"Pr\u00f3-Reitoria de Gest\u00e3o com Pessoas - PROGEP\",\"description\":\"Pr\u00f3-Reitoria de Gest\u00e3o com Pessoas\",\"publisher\":{\"@id\":\"https:\\\/\\\/wp.ufpel.edu.br\\\/progep\\\/#organization\"},\"potentialAction\":[{\"@type\":\"SearchAction\",\"target\":{\"@type\":\"EntryPoint\",\"urlTemplate\":\"https:\\\/\\\/wp.ufpel.edu.br\\\/progep\\\/?s={search_term_string}\"},\"query-input\":{\"@type\":\"PropertyValueSpecification\",\"valueRequired\":true,\"valueName\":\"search_term_string\"}}],\"inLanguage\":\"pt-BR\"},{\"@type\":\"Organization\",\"@id\":\"https:\\\/\\\/wp.ufpel.edu.br\\\/progep\\\/#organization\",\"name\":\"Pr\u00f3-Reitoria de Gest\u00e3o com Pessoas - PROGEP\",\"url\":\"https:\\\/\\\/wp.ufpel.edu.br\\\/progep\\\/\",\"logo\":{\"@type\":\"ImageObject\",\"inLanguage\":\"pt-BR\",\"@id\":\"https:\\\/\\\/wp.ufpel.edu.br\\\/progep\\\/#\\\/schema\\\/logo\\\/image\\\/\",\"url\":\"https:\\\/\\\/wp.ufpel.edu.br\\\/progep\\\/files\\\/2025\\\/03\\\/logo-progep_atualizacao-nome_AZUL.png\",\"contentUrl\":\"https:\\\/\\\/wp.ufpel.edu.br\\\/progep\\\/files\\\/2025\\\/03\\\/logo-progep_atualizacao-nome_AZUL.png\",\"width\":1080,\"height\":391,\"caption\":\"Pr\u00f3-Reitoria de Gest\u00e3o com Pessoas - PROGEP\"},\"image\":{\"@id\":\"https:\\\/\\\/wp.ufpel.edu.br\\\/progep\\\/#\\\/schema\\\/logo\\\/image\\\/\"}},{\"@type\":\"Person\",\"@id\":\"https:\\\/\\\/wp.ufpel.edu.br\\\/progep\\\/#\\\/schema\\\/person\\\/315e74eabd6db6c24f6679afc7f23ee8\",\"name\":\"cdp\",\"image\":{\"@type\":\"ImageObject\",\"inLanguage\":\"pt-BR\",\"@id\":\"https:\\\/\\\/secure.gravatar.com\\\/avatar\\\/d1c707b216da068db2349cbc09d8ef378ef232ab888014f26c0b341e93034497?s=96&d=mm&r=g\",\"url\":\"https:\\\/\\\/secure.gravatar.com\\\/avatar\\\/d1c707b216da068db2349cbc09d8ef378ef232ab888014f26c0b341e93034497?s=96&d=mm&r=g\",\"contentUrl\":\"https:\\\/\\\/secure.gravatar.com\\\/avatar\\\/d1c707b216da068db2349cbc09d8ef378ef232ab888014f26c0b341e93034497?s=96&d=mm&r=g\",\"caption\":\"cdp\"},\"url\":\"https:\\\/\\\/wp.ufpel.edu.br\\\/progep\\\/author\\\/dpdp\\\/\"}]}<\/script>\n<!-- \/ Yoast SEO plugin. -->","yoast_head_json":{"title":"Ciclo de Palestras 2018 - \u00faltimo evento - Pr\u00f3-Reitoria de Gest\u00e3o com Pessoas - PROGEP","robots":{"index":"index","follow":"follow","max-snippet":"max-snippet:-1","max-image-preview":"max-image-preview:large","max-video-preview":"max-video-preview:-1"},"canonical":"https:\/\/wp.ufpel.edu.br\/progep\/2018\/11\/23\/ciclo-de-palestras-2018-ultimo-evento\/","og_locale":"pt_BR","og_type":"article","og_title":"Ciclo de Palestras 2018 - \u00faltimo evento - Pr\u00f3-Reitoria de Gest\u00e3o com Pessoas - PROGEP","og_description":"A Coordena\u00e7\u00e3o de Desenvolvimento de Pessoal informa que est\u00e1 com inscri\u00e7\u00f5es abertas para o \u00faltimo evento do Ciclo Anual de Palestras para Servidores: Palestra: Aposentadoria e Pens\u00e3o do Servidor P\u00fablico Data: 11 de dezembro de 2018 Hora: 8 horas Local: audit\u00f3rio acad\u00eamico do Campus Anglo &#8211; 4\u00ba andar Palestrante: Roberta Funari Bacelo &#8211; PROGEP\/UFPel O [&hellip;]","og_url":"https:\/\/wp.ufpel.edu.br\/progep\/2018\/11\/23\/ciclo-de-palestras-2018-ultimo-evento\/","og_site_name":"Pr\u00f3-Reitoria de Gest\u00e3o com Pessoas - PROGEP","article_published_time":"2018-11-23T11:52:10+00:00","author":"cdp","twitter_card":"summary_large_image","twitter_misc":{"Escrito por":"cdp"},"schema":{"@context":"https:\/\/schema.org","@graph":[{"@type":"Article","@id":"https:\/\/wp.ufpel.edu.br\/progep\/2018\/11\/23\/ciclo-de-palestras-2018-ultimo-evento\/#article","isPartOf":{"@id":"https:\/\/wp.ufpel.edu.br\/progep\/2018\/11\/23\/ciclo-de-palestras-2018-ultimo-evento\/"},"author":{"name":"cdp","@id":"https:\/\/wp.ufpel.edu.br\/progep\/#\/schema\/person\/315e74eabd6db6c24f6679afc7f23ee8"},"headline":"Ciclo de Palestras 2018 &#8211; \u00faltimo evento","datePublished":"2018-11-23T11:52:10+00:00","mainEntityOfPage":{"@id":"https:\/\/wp.ufpel.edu.br\/progep\/2018\/11\/23\/ciclo-de-palestras-2018-ultimo-evento\/"},"wordCount":101,"publisher":{"@id":"https:\/\/wp.ufpel.edu.br\/progep\/#organization"},"articleSection":["Not\u00edcias"],"inLanguage":"pt-BR"},{"@type":"WebPage","@id":"https:\/\/wp.ufpel.edu.br\/progep\/2018\/11\/23\/ciclo-de-palestras-2018-ultimo-evento\/","url":"https:\/\/wp.ufpel.edu.br\/progep\/2018\/11\/23\/ciclo-de-palestras-2018-ultimo-evento\/","name":"Ciclo de Palestras 2018 - \u00faltimo evento - Pr\u00f3-Reitoria de Gest\u00e3o com Pessoas - PROGEP","isPartOf":{"@id":"https:\/\/wp.ufpel.edu.br\/progep\/#website"},"datePublished":"2018-11-23T11:52:10+00:00","breadcrumb":{"@id":"https:\/\/wp.ufpel.edu.br\/progep\/2018\/11\/23\/ciclo-de-palestras-2018-ultimo-evento\/#breadcrumb"},"inLanguage":"pt-BR","potentialAction":[{"@type":"ReadAction","target":["https:\/\/wp.ufpel.edu.br\/progep\/2018\/11\/23\/ciclo-de-palestras-2018-ultimo-evento\/"]}]},{"@type":"BreadcrumbList","@id":"https:\/\/wp.ufpel.edu.br\/progep\/2018\/11\/23\/ciclo-de-palestras-2018-ultimo-evento\/#breadcrumb","itemListElement":[{"@type":"ListItem","position":1,"name":"In\u00edcio","item":"https:\/\/wp.ufpel.edu.br\/progep\/"},{"@type":"ListItem","position":2,"name":"Ciclo de Palestras 2018 &#8211; \u00faltimo evento"}]},{"@type":"WebSite","@id":"https:\/\/wp.ufpel.edu.br\/progep\/#website","url":"https:\/\/wp.ufpel.edu.br\/progep\/","name":"Pr\u00f3-Reitoria de Gest\u00e3o com Pessoas - PROGEP","description":"Pr\u00f3-Reitoria de Gest\u00e3o com Pessoas","publisher":{"@id":"https:\/\/wp.ufpel.edu.br\/progep\/#organization"},"potentialAction":[{"@type":"SearchAction","target":{"@type":"EntryPoint","urlTemplate":"https:\/\/wp.ufpel.edu.br\/progep\/?s={search_term_string}"},"query-input":{"@type":"PropertyValueSpecification","valueRequired":true,"valueName":"search_term_string"}}],"inLanguage":"pt-BR"},{"@type":"Organization","@id":"https:\/\/wp.ufpel.edu.br\/progep\/#organization","name":"Pr\u00f3-Reitoria de Gest\u00e3o com Pessoas - PROGEP","url":"https:\/\/wp.ufpel.edu.br\/progep\/","logo":{"@type":"ImageObject","inLanguage":"pt-BR","@id":"https:\/\/wp.ufpel.edu.br\/progep\/#\/schema\/logo\/image\/","url":"https:\/\/wp.ufpel.edu.br\/progep\/files\/2025\/03\/logo-progep_atualizacao-nome_AZUL.png","contentUrl":"https:\/\/wp.ufpel.edu.br\/progep\/files\/2025\/03\/logo-progep_atualizacao-nome_AZUL.png","width":1080,"height":391,"caption":"Pr\u00f3-Reitoria de Gest\u00e3o com Pessoas - PROGEP"},"image":{"@id":"https:\/\/wp.ufpel.edu.br\/progep\/#\/schema\/logo\/image\/"}},{"@type":"Person","@id":"https:\/\/wp.ufpel.edu.br\/progep\/#\/schema\/person\/315e74eabd6db6c24f6679afc7f23ee8","name":"cdp","image":{"@type":"ImageObject","inLanguage":"pt-BR","@id":"https:\/\/secure.gravatar.com\/avatar\/d1c707b216da068db2349cbc09d8ef378ef232ab888014f26c0b341e93034497?s=96&d=mm&r=g","url":"https:\/\/secure.gravatar.com\/avatar\/d1c707b216da068db2349cbc09d8ef378ef232ab888014f26c0b341e93034497?s=96&d=mm&r=g","contentUrl":"https:\/\/secure.gravatar.com\/avatar\/d1c707b216da068db2349cbc09d8ef378ef232ab888014f26c0b341e93034497?s=96&d=mm&r=g","caption":"cdp"},"url":"https:\/\/wp.ufpel.edu.br\/progep\/author\/dpdp\/"}]}},"jetpack_featured_media_url":"","_links":{"self":[{"href":"https:\/\/wp.ufpel.edu.br\/progep\/wp-json\/wp\/v2\/posts\/12961","targetHints":{"allow":["GET"]}}],"collection":[{"href":"https:\/\/wp.ufpel.edu.br\/progep\/wp-json\/wp\/v2\/posts"}],"about":[{"href":"https:\/\/wp.ufpel.edu.br\/progep\/wp-json\/wp\/v2\/types\/post"}],"author":[{"embeddable":true,"href":"https:\/\/wp.ufpel.edu.br\/progep\/wp-json\/wp\/v2\/users\/21"}],"replies":[{"embeddable":true,"href":"https:\/\/wp.ufpel.edu.br\/progep\/wp-json\/wp\/v2\/comments?post=12961"}],"version-history":[{"count":1,"href":"https:\/\/wp.ufpel.edu.br\/progep\/wp-json\/wp\/v2\/posts\/12961\/revisions"}],"predecessor-version":[{"id":12962,"href":"https:\/\/wp.ufpel.edu.br\/progep\/wp-json\/wp\/v2\/posts\/12961\/revisions\/12962"}],"wp:attachment":[{"href":"https:\/\/wp.ufpel.edu.br\/progep\/wp-json\/wp\/v2\/media?parent=12961"}],"wp:term":[{"taxonomy":"category","embeddable":true,"href":"https:\/\/wp.ufpel.edu.br\/progep\/wp-json\/wp\/v2\/categories?post=12961"},{"taxonomy":"post_tag","embeddable":true,"href":"https:\/\/wp.ufpel.edu.br\/progep\/wp-json\/wp\/v2\/tags?post=12961"}],"curies":[{"name":"wp","href":"https:\/\/api.w.org\/{rel}","templated":true}]}}