{"id":12934,"date":"2018-11-05T09:21:08","date_gmt":"2018-11-05T11:21:08","guid":{"rendered":"https:\/\/wp.ufpel.edu.br\/progep\/?p=12934"},"modified":"2018-11-05T09:21:08","modified_gmt":"2018-11-05T11:21:08","slug":"mesa-redonda-outubro-rosa-novembro-azul-do-que-estamos-falando","status":"publish","type":"post","link":"https:\/\/wp.ufpel.edu.br\/progep\/2018\/11\/05\/mesa-redonda-outubro-rosa-novembro-azul-do-que-estamos-falando\/","title":{"rendered":"Mesa Redonda: Outubro Rosa, Novembro Azul: do que estamos falando?"},"content":{"rendered":"<p>A Coordena\u00e7\u00e3o de Desenvolvimento de Pessoal da PROGEP comunica que REABRIU o per\u00edodo de inscri\u00e7\u00f5es da mesa redonda que dar\u00e1 seguimento ao Ciclo Anual de Palestras para Servidores, conforme segue:<\/p>\n<p class=\"Tabela_Texto_Centralizado\" style=\"text-align: center\"><strong>MESA REDONDA &#8211; OUTUBRO ROSA, NOVEMBRO AZUL: DO QUE ESTAMOS FALANDO?<\/strong><\/p>\n<p class=\"Tabela_Texto_Centralizado\" style=\"text-align: center\">Palestrantes: M\u00e9dicos Josayres Cecconi, Lu\u00eds Ol\u00edmpio Jord\u00e3o e Maria Ang\u00e9lica Sieburger<\/p>\n<p class=\"Tabela_Texto_Centralizado\" style=\"text-align: center\">Data: 22\u00a0de novembro de 2018<\/p>\n<p class=\"Tabela_Texto_Centralizado\" style=\"text-align: center\">Hor\u00e1rio: 8h 30min<\/p>\n<p class=\"Tabela_Texto_Centralizado\" style=\"text-align: center\">Local: audit\u00f3rio do Campus II &#8211; 3\u00ba piso &#8211; Rua Alm. Barroso, 1202<\/p>\n<p>As inscri\u00e7\u00f5es est\u00e3o abertas at\u00e9 o dia 19 de novembro em nossa p\u00e1gina da Internet:\u00a0https:\/\/wp.ufpel.edu.br\/progep\/ciclo-de-palestras-para-servidores-outubro-rosa-novembro-azul-do-que-estamos-falando\/.<\/p>\n<p>&nbsp;<\/p>\n","protected":false},"excerpt":{"rendered":"<p>A Coordena\u00e7\u00e3o de Desenvolvimento de Pessoal da PROGEP comunica que REABRIU o per\u00edodo de inscri\u00e7\u00f5es da mesa redonda que dar\u00e1 seguimento ao Ciclo Anual de Palestras para Servidores, conforme segue: MESA REDONDA &#8211; OUTUBRO ROSA, NOVEMBRO AZUL: DO QUE ESTAMOS FALANDO? Palestrantes: M\u00e9dicos Josayres Cecconi, Lu\u00eds Ol\u00edmpio Jord\u00e3o e Maria Ang\u00e9lica Sieburger Data: 22\u00a0de novembro [&hellip;]<\/p>\n","protected":false},"author":21,"featured_media":0,"comment_status":"closed","ping_status":"closed","sticky":false,"template":"","format":"standard","meta":{"footnotes":""},"categories":[1],"tags":[],"class_list":["post-12934","post","type-post","status-publish","format-standard","hentry","category-noticias"],"yoast_head":"<!-- This site is optimized with the Yoast SEO plugin v28.1 - https:\/\/yoast.com\/product\/yoast-seo-wordpress\/ -->\n<title>Mesa Redonda: Outubro Rosa, Novembro Azul: do que estamos falando? - Pr\u00f3-Reitoria de Gest\u00e3o com Pessoas - PROGEP<\/title>\n<meta name=\"robots\" content=\"index, follow, max-snippet:-1, max-image-preview:large, max-video-preview:-1\" \/>\n<link rel=\"canonical\" href=\"https:\/\/wp.ufpel.edu.br\/progep\/2018\/11\/05\/mesa-redonda-outubro-rosa-novembro-azul-do-que-estamos-falando\/\" \/>\n<meta property=\"og:locale\" content=\"pt_BR\" \/>\n<meta property=\"og:type\" content=\"article\" \/>\n<meta property=\"og:title\" content=\"Mesa Redonda: Outubro Rosa, Novembro Azul: do que estamos falando? - Pr\u00f3-Reitoria de Gest\u00e3o com Pessoas - PROGEP\" \/>\n<meta property=\"og:description\" content=\"A Coordena\u00e7\u00e3o de Desenvolvimento de Pessoal da PROGEP comunica que REABRIU o per\u00edodo de inscri\u00e7\u00f5es da mesa redonda que dar\u00e1 seguimento ao Ciclo Anual de Palestras para Servidores, conforme segue: MESA REDONDA &#8211; OUTUBRO ROSA, NOVEMBRO AZUL: DO QUE ESTAMOS FALANDO? Palestrantes: M\u00e9dicos Josayres Cecconi, Lu\u00eds Ol\u00edmpio Jord\u00e3o e Maria Ang\u00e9lica Sieburger Data: 22\u00a0de novembro [&hellip;]\" \/>\n<meta property=\"og:url\" content=\"https:\/\/wp.ufpel.edu.br\/progep\/2018\/11\/05\/mesa-redonda-outubro-rosa-novembro-azul-do-que-estamos-falando\/\" \/>\n<meta property=\"og:site_name\" content=\"Pr\u00f3-Reitoria de Gest\u00e3o com Pessoas - PROGEP\" \/>\n<meta property=\"article:published_time\" content=\"2018-11-05T11:21:08+00:00\" \/>\n<meta name=\"author\" content=\"cdp\" \/>\n<meta name=\"twitter:card\" content=\"summary_large_image\" \/>\n<meta name=\"twitter:label1\" content=\"Escrito por\" \/>\n\t<meta name=\"twitter:data1\" content=\"cdp\" \/>\n\t<meta name=\"twitter:label2\" content=\"Est. tempo de leitura\" \/>\n\t<meta name=\"twitter:data2\" content=\"1 minuto\" \/>\n<script type=\"application\/ld+json\" class=\"yoast-schema-graph\">{\"@context\":\"https:\\\/\\\/schema.org\",\"@graph\":[{\"@type\":\"Article\",\"@id\":\"https:\\\/\\\/wp.ufpel.edu.br\\\/progep\\\/2018\\\/11\\\/05\\\/mesa-redonda-outubro-rosa-novembro-azul-do-que-estamos-falando\\\/#article\",\"isPartOf\":{\"@id\":\"https:\\\/\\\/wp.ufpel.edu.br\\\/progep\\\/2018\\\/11\\\/05\\\/mesa-redonda-outubro-rosa-novembro-azul-do-que-estamos-falando\\\/\"},\"author\":{\"name\":\"cdp\",\"@id\":\"https:\\\/\\\/wp.ufpel.edu.br\\\/progep\\\/#\\\/schema\\\/person\\\/315e74eabd6db6c24f6679afc7f23ee8\"},\"headline\":\"Mesa Redonda: Outubro Rosa, Novembro Azul: do que estamos falando?\",\"datePublished\":\"2018-11-05T11:21:08+00:00\",\"mainEntityOfPage\":{\"@id\":\"https:\\\/\\\/wp.ufpel.edu.br\\\/progep\\\/2018\\\/11\\\/05\\\/mesa-redonda-outubro-rosa-novembro-azul-do-que-estamos-falando\\\/\"},\"wordCount\":115,\"publisher\":{\"@id\":\"https:\\\/\\\/wp.ufpel.edu.br\\\/progep\\\/#organization\"},\"articleSection\":[\"Not\u00edcias\"],\"inLanguage\":\"pt-BR\"},{\"@type\":\"WebPage\",\"@id\":\"https:\\\/\\\/wp.ufpel.edu.br\\\/progep\\\/2018\\\/11\\\/05\\\/mesa-redonda-outubro-rosa-novembro-azul-do-que-estamos-falando\\\/\",\"url\":\"https:\\\/\\\/wp.ufpel.edu.br\\\/progep\\\/2018\\\/11\\\/05\\\/mesa-redonda-outubro-rosa-novembro-azul-do-que-estamos-falando\\\/\",\"name\":\"Mesa Redonda: Outubro Rosa, Novembro Azul: do que estamos falando? - Pr\u00f3-Reitoria de Gest\u00e3o com Pessoas - PROGEP\",\"isPartOf\":{\"@id\":\"https:\\\/\\\/wp.ufpel.edu.br\\\/progep\\\/#website\"},\"datePublished\":\"2018-11-05T11:21:08+00:00\",\"breadcrumb\":{\"@id\":\"https:\\\/\\\/wp.ufpel.edu.br\\\/progep\\\/2018\\\/11\\\/05\\\/mesa-redonda-outubro-rosa-novembro-azul-do-que-estamos-falando\\\/#breadcrumb\"},\"inLanguage\":\"pt-BR\",\"potentialAction\":[{\"@type\":\"ReadAction\",\"target\":[\"https:\\\/\\\/wp.ufpel.edu.br\\\/progep\\\/2018\\\/11\\\/05\\\/mesa-redonda-outubro-rosa-novembro-azul-do-que-estamos-falando\\\/\"]}]},{\"@type\":\"BreadcrumbList\",\"@id\":\"https:\\\/\\\/wp.ufpel.edu.br\\\/progep\\\/2018\\\/11\\\/05\\\/mesa-redonda-outubro-rosa-novembro-azul-do-que-estamos-falando\\\/#breadcrumb\",\"itemListElement\":[{\"@type\":\"ListItem\",\"position\":1,\"name\":\"In\u00edcio\",\"item\":\"https:\\\/\\\/wp.ufpel.edu.br\\\/progep\\\/\"},{\"@type\":\"ListItem\",\"position\":2,\"name\":\"Mesa Redonda: Outubro Rosa, Novembro Azul: do que estamos falando?\"}]},{\"@type\":\"WebSite\",\"@id\":\"https:\\\/\\\/wp.ufpel.edu.br\\\/progep\\\/#website\",\"url\":\"https:\\\/\\\/wp.ufpel.edu.br\\\/progep\\\/\",\"name\":\"Pr\u00f3-Reitoria de Gest\u00e3o com Pessoas - PROGEP\",\"description\":\"Pr\u00f3-Reitoria de Gest\u00e3o com Pessoas\",\"publisher\":{\"@id\":\"https:\\\/\\\/wp.ufpel.edu.br\\\/progep\\\/#organization\"},\"potentialAction\":[{\"@type\":\"SearchAction\",\"target\":{\"@type\":\"EntryPoint\",\"urlTemplate\":\"https:\\\/\\\/wp.ufpel.edu.br\\\/progep\\\/?s={search_term_string}\"},\"query-input\":{\"@type\":\"PropertyValueSpecification\",\"valueRequired\":true,\"valueName\":\"search_term_string\"}}],\"inLanguage\":\"pt-BR\"},{\"@type\":\"Organization\",\"@id\":\"https:\\\/\\\/wp.ufpel.edu.br\\\/progep\\\/#organization\",\"name\":\"Pr\u00f3-Reitoria de Gest\u00e3o com Pessoas - PROGEP\",\"url\":\"https:\\\/\\\/wp.ufpel.edu.br\\\/progep\\\/\",\"logo\":{\"@type\":\"ImageObject\",\"inLanguage\":\"pt-BR\",\"@id\":\"https:\\\/\\\/wp.ufpel.edu.br\\\/progep\\\/#\\\/schema\\\/logo\\\/image\\\/\",\"url\":\"https:\\\/\\\/wp.ufpel.edu.br\\\/progep\\\/files\\\/2025\\\/03\\\/logo-progep_atualizacao-nome_AZUL.png\",\"contentUrl\":\"https:\\\/\\\/wp.ufpel.edu.br\\\/progep\\\/files\\\/2025\\\/03\\\/logo-progep_atualizacao-nome_AZUL.png\",\"width\":1080,\"height\":391,\"caption\":\"Pr\u00f3-Reitoria de Gest\u00e3o com Pessoas - PROGEP\"},\"image\":{\"@id\":\"https:\\\/\\\/wp.ufpel.edu.br\\\/progep\\\/#\\\/schema\\\/logo\\\/image\\\/\"}},{\"@type\":\"Person\",\"@id\":\"https:\\\/\\\/wp.ufpel.edu.br\\\/progep\\\/#\\\/schema\\\/person\\\/315e74eabd6db6c24f6679afc7f23ee8\",\"name\":\"cdp\",\"image\":{\"@type\":\"ImageObject\",\"inLanguage\":\"pt-BR\",\"@id\":\"https:\\\/\\\/secure.gravatar.com\\\/avatar\\\/d1c707b216da068db2349cbc09d8ef378ef232ab888014f26c0b341e93034497?s=96&d=mm&r=g\",\"url\":\"https:\\\/\\\/secure.gravatar.com\\\/avatar\\\/d1c707b216da068db2349cbc09d8ef378ef232ab888014f26c0b341e93034497?s=96&d=mm&r=g\",\"contentUrl\":\"https:\\\/\\\/secure.gravatar.com\\\/avatar\\\/d1c707b216da068db2349cbc09d8ef378ef232ab888014f26c0b341e93034497?s=96&d=mm&r=g\",\"caption\":\"cdp\"},\"url\":\"https:\\\/\\\/wp.ufpel.edu.br\\\/progep\\\/author\\\/dpdp\\\/\"}]}<\/script>\n<!-- \/ Yoast SEO plugin. -->","yoast_head_json":{"title":"Mesa Redonda: Outubro Rosa, Novembro Azul: do que estamos falando? - Pr\u00f3-Reitoria de Gest\u00e3o com Pessoas - PROGEP","robots":{"index":"index","follow":"follow","max-snippet":"max-snippet:-1","max-image-preview":"max-image-preview:large","max-video-preview":"max-video-preview:-1"},"canonical":"https:\/\/wp.ufpel.edu.br\/progep\/2018\/11\/05\/mesa-redonda-outubro-rosa-novembro-azul-do-que-estamos-falando\/","og_locale":"pt_BR","og_type":"article","og_title":"Mesa Redonda: Outubro Rosa, Novembro Azul: do que estamos falando? - Pr\u00f3-Reitoria de Gest\u00e3o com Pessoas - PROGEP","og_description":"A Coordena\u00e7\u00e3o de Desenvolvimento de Pessoal da PROGEP comunica que REABRIU o per\u00edodo de inscri\u00e7\u00f5es da mesa redonda que dar\u00e1 seguimento ao Ciclo Anual de Palestras para Servidores, conforme segue: MESA REDONDA &#8211; OUTUBRO ROSA, NOVEMBRO AZUL: DO QUE ESTAMOS FALANDO? Palestrantes: M\u00e9dicos Josayres Cecconi, Lu\u00eds Ol\u00edmpio Jord\u00e3o e Maria Ang\u00e9lica Sieburger Data: 22\u00a0de novembro [&hellip;]","og_url":"https:\/\/wp.ufpel.edu.br\/progep\/2018\/11\/05\/mesa-redonda-outubro-rosa-novembro-azul-do-que-estamos-falando\/","og_site_name":"Pr\u00f3-Reitoria de Gest\u00e3o com Pessoas - PROGEP","article_published_time":"2018-11-05T11:21:08+00:00","author":"cdp","twitter_card":"summary_large_image","twitter_misc":{"Escrito por":"cdp","Est. tempo de leitura":"1 minuto"},"schema":{"@context":"https:\/\/schema.org","@graph":[{"@type":"Article","@id":"https:\/\/wp.ufpel.edu.br\/progep\/2018\/11\/05\/mesa-redonda-outubro-rosa-novembro-azul-do-que-estamos-falando\/#article","isPartOf":{"@id":"https:\/\/wp.ufpel.edu.br\/progep\/2018\/11\/05\/mesa-redonda-outubro-rosa-novembro-azul-do-que-estamos-falando\/"},"author":{"name":"cdp","@id":"https:\/\/wp.ufpel.edu.br\/progep\/#\/schema\/person\/315e74eabd6db6c24f6679afc7f23ee8"},"headline":"Mesa Redonda: Outubro Rosa, Novembro Azul: do que estamos falando?","datePublished":"2018-11-05T11:21:08+00:00","mainEntityOfPage":{"@id":"https:\/\/wp.ufpel.edu.br\/progep\/2018\/11\/05\/mesa-redonda-outubro-rosa-novembro-azul-do-que-estamos-falando\/"},"wordCount":115,"publisher":{"@id":"https:\/\/wp.ufpel.edu.br\/progep\/#organization"},"articleSection":["Not\u00edcias"],"inLanguage":"pt-BR"},{"@type":"WebPage","@id":"https:\/\/wp.ufpel.edu.br\/progep\/2018\/11\/05\/mesa-redonda-outubro-rosa-novembro-azul-do-que-estamos-falando\/","url":"https:\/\/wp.ufpel.edu.br\/progep\/2018\/11\/05\/mesa-redonda-outubro-rosa-novembro-azul-do-que-estamos-falando\/","name":"Mesa Redonda: Outubro Rosa, Novembro Azul: do que estamos falando? - Pr\u00f3-Reitoria de Gest\u00e3o com Pessoas - PROGEP","isPartOf":{"@id":"https:\/\/wp.ufpel.edu.br\/progep\/#website"},"datePublished":"2018-11-05T11:21:08+00:00","breadcrumb":{"@id":"https:\/\/wp.ufpel.edu.br\/progep\/2018\/11\/05\/mesa-redonda-outubro-rosa-novembro-azul-do-que-estamos-falando\/#breadcrumb"},"inLanguage":"pt-BR","potentialAction":[{"@type":"ReadAction","target":["https:\/\/wp.ufpel.edu.br\/progep\/2018\/11\/05\/mesa-redonda-outubro-rosa-novembro-azul-do-que-estamos-falando\/"]}]},{"@type":"BreadcrumbList","@id":"https:\/\/wp.ufpel.edu.br\/progep\/2018\/11\/05\/mesa-redonda-outubro-rosa-novembro-azul-do-que-estamos-falando\/#breadcrumb","itemListElement":[{"@type":"ListItem","position":1,"name":"In\u00edcio","item":"https:\/\/wp.ufpel.edu.br\/progep\/"},{"@type":"ListItem","position":2,"name":"Mesa Redonda: Outubro Rosa, Novembro Azul: do que estamos falando?"}]},{"@type":"WebSite","@id":"https:\/\/wp.ufpel.edu.br\/progep\/#website","url":"https:\/\/wp.ufpel.edu.br\/progep\/","name":"Pr\u00f3-Reitoria de Gest\u00e3o com Pessoas - PROGEP","description":"Pr\u00f3-Reitoria de Gest\u00e3o com Pessoas","publisher":{"@id":"https:\/\/wp.ufpel.edu.br\/progep\/#organization"},"potentialAction":[{"@type":"SearchAction","target":{"@type":"EntryPoint","urlTemplate":"https:\/\/wp.ufpel.edu.br\/progep\/?s={search_term_string}"},"query-input":{"@type":"PropertyValueSpecification","valueRequired":true,"valueName":"search_term_string"}}],"inLanguage":"pt-BR"},{"@type":"Organization","@id":"https:\/\/wp.ufpel.edu.br\/progep\/#organization","name":"Pr\u00f3-Reitoria de Gest\u00e3o com Pessoas - PROGEP","url":"https:\/\/wp.ufpel.edu.br\/progep\/","logo":{"@type":"ImageObject","inLanguage":"pt-BR","@id":"https:\/\/wp.ufpel.edu.br\/progep\/#\/schema\/logo\/image\/","url":"https:\/\/wp.ufpel.edu.br\/progep\/files\/2025\/03\/logo-progep_atualizacao-nome_AZUL.png","contentUrl":"https:\/\/wp.ufpel.edu.br\/progep\/files\/2025\/03\/logo-progep_atualizacao-nome_AZUL.png","width":1080,"height":391,"caption":"Pr\u00f3-Reitoria de Gest\u00e3o com Pessoas - PROGEP"},"image":{"@id":"https:\/\/wp.ufpel.edu.br\/progep\/#\/schema\/logo\/image\/"}},{"@type":"Person","@id":"https:\/\/wp.ufpel.edu.br\/progep\/#\/schema\/person\/315e74eabd6db6c24f6679afc7f23ee8","name":"cdp","image":{"@type":"ImageObject","inLanguage":"pt-BR","@id":"https:\/\/secure.gravatar.com\/avatar\/d1c707b216da068db2349cbc09d8ef378ef232ab888014f26c0b341e93034497?s=96&d=mm&r=g","url":"https:\/\/secure.gravatar.com\/avatar\/d1c707b216da068db2349cbc09d8ef378ef232ab888014f26c0b341e93034497?s=96&d=mm&r=g","contentUrl":"https:\/\/secure.gravatar.com\/avatar\/d1c707b216da068db2349cbc09d8ef378ef232ab888014f26c0b341e93034497?s=96&d=mm&r=g","caption":"cdp"},"url":"https:\/\/wp.ufpel.edu.br\/progep\/author\/dpdp\/"}]}},"jetpack_featured_media_url":"","_links":{"self":[{"href":"https:\/\/wp.ufpel.edu.br\/progep\/wp-json\/wp\/v2\/posts\/12934","targetHints":{"allow":["GET"]}}],"collection":[{"href":"https:\/\/wp.ufpel.edu.br\/progep\/wp-json\/wp\/v2\/posts"}],"about":[{"href":"https:\/\/wp.ufpel.edu.br\/progep\/wp-json\/wp\/v2\/types\/post"}],"author":[{"embeddable":true,"href":"https:\/\/wp.ufpel.edu.br\/progep\/wp-json\/wp\/v2\/users\/21"}],"replies":[{"embeddable":true,"href":"https:\/\/wp.ufpel.edu.br\/progep\/wp-json\/wp\/v2\/comments?post=12934"}],"version-history":[{"count":1,"href":"https:\/\/wp.ufpel.edu.br\/progep\/wp-json\/wp\/v2\/posts\/12934\/revisions"}],"predecessor-version":[{"id":12935,"href":"https:\/\/wp.ufpel.edu.br\/progep\/wp-json\/wp\/v2\/posts\/12934\/revisions\/12935"}],"wp:attachment":[{"href":"https:\/\/wp.ufpel.edu.br\/progep\/wp-json\/wp\/v2\/media?parent=12934"}],"wp:term":[{"taxonomy":"category","embeddable":true,"href":"https:\/\/wp.ufpel.edu.br\/progep\/wp-json\/wp\/v2\/categories?post=12934"},{"taxonomy":"post_tag","embeddable":true,"href":"https:\/\/wp.ufpel.edu.br\/progep\/wp-json\/wp\/v2\/tags?post=12934"}],"curies":[{"name":"wp","href":"https:\/\/api.w.org\/{rel}","templated":true}]}}