{"id":12781,"date":"2018-09-18T17:58:55","date_gmt":"2018-09-18T20:58:55","guid":{"rendered":"https:\/\/wp.ufpel.edu.br\/progep\/?p=12781"},"modified":"2018-09-18T17:58:55","modified_gmt":"2018-09-18T20:58:55","slug":"novas-acoes-de-capacitacao-servidor-inscreva-se","status":"publish","type":"post","link":"https:\/\/wp.ufpel.edu.br\/progep\/2018\/09\/18\/novas-acoes-de-capacitacao-servidor-inscreva-se\/","title":{"rendered":"Novas a\u00e7\u00f5es de capacita\u00e7\u00e3o &#8211; Servidor, inscreva-se!"},"content":{"rendered":"<p>A Coordena\u00e7\u00e3o de Desenvolvimento de Pessoal (CDP\/PROGEP) comunica que abriu inscri\u00e7\u00f5es para duas novas atividades de capacita\u00e7\u00e3o, destinadas aos servidores da Universidade. S\u00e3o elas:<\/p>\n<ul>\n<li><strong>Palestra &#8211; Setembro Amarelo: do que estamos falando?<\/strong> Essa atividade integra o Ciclo Anual de Palestras para Servidores e ser\u00e1 realizada no dia 27\/09, \u00e0s 8h30min, no audit\u00f3rio do Campus II (Rua Barroso, 1202);<\/li>\n<li><strong>Curso Intermedi\u00e1rio de L\u00edngua Brasileira de Sinais &#8211; LIBRAS<\/strong> &#8211; Destinado \u00e0queles servidores que j\u00e1 possuem conhecimentos b\u00e1sicos de Libras. Ser\u00e1 de 9\/10 a 12\/12, com dois encontros semanais, totalizando 60 horas.<\/li>\n<\/ul>\n<p>A CDP lembra, ainda, que continuam abertas as inscri\u00e7\u00f5es para o <strong>Curso de No\u00e7\u00f5es de Direito Administrativo<\/strong> &#8211; 7\u00aa edi\u00e7\u00e3o, que acontecer\u00e1 de 16 a 19 de outubro de 2018, a ser ministrado por Fabr\u00edcio Colombo (ESAF-RS) e tamb\u00e9m para o <strong>Curso Salvar Vidas, uma responsabilidade de todos: pr\u00e1ticas pr\u00e9-hospitalares<\/strong>, que ser\u00e1 de 27\/09 a 25\/10, com um encontro semanal.<\/p>\n<p>Todas as informa\u00e7\u00f5es sobre as capacita\u00e7\u00f5es e o link para a inscri\u00e7\u00e3o est\u00e3o dispon\u00edveis <span style=\"color: #ff6600\"><strong><a style=\"color: #ff6600\" href=\"https:\/\/wp.ufpel.edu.br\/progep\/cdp\/nucleo-de-capacitacao\/acoes-de-capacitacao\/\">AQUI<\/a><\/strong><\/span>!<\/p>\n","protected":false},"excerpt":{"rendered":"<p>A Coordena\u00e7\u00e3o de Desenvolvimento de Pessoal (CDP\/PROGEP) comunica que abriu inscri\u00e7\u00f5es para duas novas atividades de capacita\u00e7\u00e3o, destinadas aos servidores da Universidade. S\u00e3o elas: Palestra &#8211; Setembro Amarelo: do que estamos falando? Essa atividade integra o Ciclo Anual de Palestras para Servidores e ser\u00e1 realizada no dia 27\/09, \u00e0s 8h30min, no audit\u00f3rio do Campus II [&hellip;]<\/p>\n","protected":false},"author":21,"featured_media":0,"comment_status":"closed","ping_status":"closed","sticky":false,"template":"","format":"standard","meta":{"footnotes":""},"categories":[1],"tags":[],"class_list":["post-12781","post","type-post","status-publish","format-standard","hentry","category-noticias"],"yoast_head":"<!-- This site is optimized with the Yoast SEO plugin v28.1 - https:\/\/yoast.com\/product\/yoast-seo-wordpress\/ -->\n<title>Novas a\u00e7\u00f5es de capacita\u00e7\u00e3o - Servidor, inscreva-se! - Pr\u00f3-Reitoria de Gest\u00e3o com Pessoas - PROGEP<\/title>\n<meta name=\"robots\" content=\"index, follow, max-snippet:-1, max-image-preview:large, max-video-preview:-1\" \/>\n<link rel=\"canonical\" href=\"https:\/\/wp.ufpel.edu.br\/progep\/2018\/09\/18\/novas-acoes-de-capacitacao-servidor-inscreva-se\/\" \/>\n<meta property=\"og:locale\" content=\"pt_BR\" \/>\n<meta property=\"og:type\" content=\"article\" \/>\n<meta property=\"og:title\" content=\"Novas a\u00e7\u00f5es de capacita\u00e7\u00e3o - Servidor, inscreva-se! - Pr\u00f3-Reitoria de Gest\u00e3o com Pessoas - PROGEP\" \/>\n<meta property=\"og:description\" content=\"A Coordena\u00e7\u00e3o de Desenvolvimento de Pessoal (CDP\/PROGEP) comunica que abriu inscri\u00e7\u00f5es para duas novas atividades de capacita\u00e7\u00e3o, destinadas aos servidores da Universidade. S\u00e3o elas: Palestra &#8211; Setembro Amarelo: do que estamos falando? Essa atividade integra o Ciclo Anual de Palestras para Servidores e ser\u00e1 realizada no dia 27\/09, \u00e0s 8h30min, no audit\u00f3rio do Campus II [&hellip;]\" \/>\n<meta property=\"og:url\" content=\"https:\/\/wp.ufpel.edu.br\/progep\/2018\/09\/18\/novas-acoes-de-capacitacao-servidor-inscreva-se\/\" \/>\n<meta property=\"og:site_name\" content=\"Pr\u00f3-Reitoria de Gest\u00e3o com Pessoas - PROGEP\" \/>\n<meta property=\"article:published_time\" content=\"2018-09-18T20:58:55+00:00\" \/>\n<meta name=\"author\" content=\"cdp\" \/>\n<meta name=\"twitter:card\" content=\"summary_large_image\" \/>\n<meta name=\"twitter:label1\" content=\"Escrito por\" \/>\n\t<meta name=\"twitter:data1\" content=\"cdp\" \/>\n\t<meta name=\"twitter:label2\" content=\"Est. tempo de leitura\" \/>\n\t<meta name=\"twitter:data2\" content=\"1 minuto\" \/>\n<script type=\"application\/ld+json\" class=\"yoast-schema-graph\">{\"@context\":\"https:\\\/\\\/schema.org\",\"@graph\":[{\"@type\":\"Article\",\"@id\":\"https:\\\/\\\/wp.ufpel.edu.br\\\/progep\\\/2018\\\/09\\\/18\\\/novas-acoes-de-capacitacao-servidor-inscreva-se\\\/#article\",\"isPartOf\":{\"@id\":\"https:\\\/\\\/wp.ufpel.edu.br\\\/progep\\\/2018\\\/09\\\/18\\\/novas-acoes-de-capacitacao-servidor-inscreva-se\\\/\"},\"author\":{\"name\":\"cdp\",\"@id\":\"https:\\\/\\\/wp.ufpel.edu.br\\\/progep\\\/#\\\/schema\\\/person\\\/315e74eabd6db6c24f6679afc7f23ee8\"},\"headline\":\"Novas a\u00e7\u00f5es de capacita\u00e7\u00e3o &#8211; Servidor, inscreva-se!\",\"datePublished\":\"2018-09-18T20:58:55+00:00\",\"mainEntityOfPage\":{\"@id\":\"https:\\\/\\\/wp.ufpel.edu.br\\\/progep\\\/2018\\\/09\\\/18\\\/novas-acoes-de-capacitacao-servidor-inscreva-se\\\/\"},\"wordCount\":185,\"publisher\":{\"@id\":\"https:\\\/\\\/wp.ufpel.edu.br\\\/progep\\\/#organization\"},\"articleSection\":[\"Not\u00edcias\"],\"inLanguage\":\"pt-BR\"},{\"@type\":\"WebPage\",\"@id\":\"https:\\\/\\\/wp.ufpel.edu.br\\\/progep\\\/2018\\\/09\\\/18\\\/novas-acoes-de-capacitacao-servidor-inscreva-se\\\/\",\"url\":\"https:\\\/\\\/wp.ufpel.edu.br\\\/progep\\\/2018\\\/09\\\/18\\\/novas-acoes-de-capacitacao-servidor-inscreva-se\\\/\",\"name\":\"Novas a\u00e7\u00f5es de capacita\u00e7\u00e3o - Servidor, inscreva-se! - Pr\u00f3-Reitoria de Gest\u00e3o com Pessoas - PROGEP\",\"isPartOf\":{\"@id\":\"https:\\\/\\\/wp.ufpel.edu.br\\\/progep\\\/#website\"},\"datePublished\":\"2018-09-18T20:58:55+00:00\",\"breadcrumb\":{\"@id\":\"https:\\\/\\\/wp.ufpel.edu.br\\\/progep\\\/2018\\\/09\\\/18\\\/novas-acoes-de-capacitacao-servidor-inscreva-se\\\/#breadcrumb\"},\"inLanguage\":\"pt-BR\",\"potentialAction\":[{\"@type\":\"ReadAction\",\"target\":[\"https:\\\/\\\/wp.ufpel.edu.br\\\/progep\\\/2018\\\/09\\\/18\\\/novas-acoes-de-capacitacao-servidor-inscreva-se\\\/\"]}]},{\"@type\":\"BreadcrumbList\",\"@id\":\"https:\\\/\\\/wp.ufpel.edu.br\\\/progep\\\/2018\\\/09\\\/18\\\/novas-acoes-de-capacitacao-servidor-inscreva-se\\\/#breadcrumb\",\"itemListElement\":[{\"@type\":\"ListItem\",\"position\":1,\"name\":\"In\u00edcio\",\"item\":\"https:\\\/\\\/wp.ufpel.edu.br\\\/progep\\\/\"},{\"@type\":\"ListItem\",\"position\":2,\"name\":\"Novas a\u00e7\u00f5es de capacita\u00e7\u00e3o &#8211; Servidor, inscreva-se!\"}]},{\"@type\":\"WebSite\",\"@id\":\"https:\\\/\\\/wp.ufpel.edu.br\\\/progep\\\/#website\",\"url\":\"https:\\\/\\\/wp.ufpel.edu.br\\\/progep\\\/\",\"name\":\"Pr\u00f3-Reitoria de Gest\u00e3o com Pessoas - PROGEP\",\"description\":\"Pr\u00f3-Reitoria de Gest\u00e3o com Pessoas\",\"publisher\":{\"@id\":\"https:\\\/\\\/wp.ufpel.edu.br\\\/progep\\\/#organization\"},\"potentialAction\":[{\"@type\":\"SearchAction\",\"target\":{\"@type\":\"EntryPoint\",\"urlTemplate\":\"https:\\\/\\\/wp.ufpel.edu.br\\\/progep\\\/?s={search_term_string}\"},\"query-input\":{\"@type\":\"PropertyValueSpecification\",\"valueRequired\":true,\"valueName\":\"search_term_string\"}}],\"inLanguage\":\"pt-BR\"},{\"@type\":\"Organization\",\"@id\":\"https:\\\/\\\/wp.ufpel.edu.br\\\/progep\\\/#organization\",\"name\":\"Pr\u00f3-Reitoria de Gest\u00e3o com Pessoas - PROGEP\",\"url\":\"https:\\\/\\\/wp.ufpel.edu.br\\\/progep\\\/\",\"logo\":{\"@type\":\"ImageObject\",\"inLanguage\":\"pt-BR\",\"@id\":\"https:\\\/\\\/wp.ufpel.edu.br\\\/progep\\\/#\\\/schema\\\/logo\\\/image\\\/\",\"url\":\"https:\\\/\\\/wp.ufpel.edu.br\\\/progep\\\/files\\\/2025\\\/03\\\/logo-progep_atualizacao-nome_AZUL.png\",\"contentUrl\":\"https:\\\/\\\/wp.ufpel.edu.br\\\/progep\\\/files\\\/2025\\\/03\\\/logo-progep_atualizacao-nome_AZUL.png\",\"width\":1080,\"height\":391,\"caption\":\"Pr\u00f3-Reitoria de Gest\u00e3o com Pessoas - PROGEP\"},\"image\":{\"@id\":\"https:\\\/\\\/wp.ufpel.edu.br\\\/progep\\\/#\\\/schema\\\/logo\\\/image\\\/\"}},{\"@type\":\"Person\",\"@id\":\"https:\\\/\\\/wp.ufpel.edu.br\\\/progep\\\/#\\\/schema\\\/person\\\/315e74eabd6db6c24f6679afc7f23ee8\",\"name\":\"cdp\",\"image\":{\"@type\":\"ImageObject\",\"inLanguage\":\"pt-BR\",\"@id\":\"https:\\\/\\\/secure.gravatar.com\\\/avatar\\\/d1c707b216da068db2349cbc09d8ef378ef232ab888014f26c0b341e93034497?s=96&d=mm&r=g\",\"url\":\"https:\\\/\\\/secure.gravatar.com\\\/avatar\\\/d1c707b216da068db2349cbc09d8ef378ef232ab888014f26c0b341e93034497?s=96&d=mm&r=g\",\"contentUrl\":\"https:\\\/\\\/secure.gravatar.com\\\/avatar\\\/d1c707b216da068db2349cbc09d8ef378ef232ab888014f26c0b341e93034497?s=96&d=mm&r=g\",\"caption\":\"cdp\"},\"url\":\"https:\\\/\\\/wp.ufpel.edu.br\\\/progep\\\/author\\\/dpdp\\\/\"}]}<\/script>\n<!-- \/ Yoast SEO plugin. -->","yoast_head_json":{"title":"Novas a\u00e7\u00f5es de capacita\u00e7\u00e3o - Servidor, inscreva-se! - Pr\u00f3-Reitoria de Gest\u00e3o com Pessoas - PROGEP","robots":{"index":"index","follow":"follow","max-snippet":"max-snippet:-1","max-image-preview":"max-image-preview:large","max-video-preview":"max-video-preview:-1"},"canonical":"https:\/\/wp.ufpel.edu.br\/progep\/2018\/09\/18\/novas-acoes-de-capacitacao-servidor-inscreva-se\/","og_locale":"pt_BR","og_type":"article","og_title":"Novas a\u00e7\u00f5es de capacita\u00e7\u00e3o - Servidor, inscreva-se! - Pr\u00f3-Reitoria de Gest\u00e3o com Pessoas - PROGEP","og_description":"A Coordena\u00e7\u00e3o de Desenvolvimento de Pessoal (CDP\/PROGEP) comunica que abriu inscri\u00e7\u00f5es para duas novas atividades de capacita\u00e7\u00e3o, destinadas aos servidores da Universidade. S\u00e3o elas: Palestra &#8211; Setembro Amarelo: do que estamos falando? Essa atividade integra o Ciclo Anual de Palestras para Servidores e ser\u00e1 realizada no dia 27\/09, \u00e0s 8h30min, no audit\u00f3rio do Campus II [&hellip;]","og_url":"https:\/\/wp.ufpel.edu.br\/progep\/2018\/09\/18\/novas-acoes-de-capacitacao-servidor-inscreva-se\/","og_site_name":"Pr\u00f3-Reitoria de Gest\u00e3o com Pessoas - PROGEP","article_published_time":"2018-09-18T20:58:55+00:00","author":"cdp","twitter_card":"summary_large_image","twitter_misc":{"Escrito por":"cdp","Est. tempo de leitura":"1 minuto"},"schema":{"@context":"https:\/\/schema.org","@graph":[{"@type":"Article","@id":"https:\/\/wp.ufpel.edu.br\/progep\/2018\/09\/18\/novas-acoes-de-capacitacao-servidor-inscreva-se\/#article","isPartOf":{"@id":"https:\/\/wp.ufpel.edu.br\/progep\/2018\/09\/18\/novas-acoes-de-capacitacao-servidor-inscreva-se\/"},"author":{"name":"cdp","@id":"https:\/\/wp.ufpel.edu.br\/progep\/#\/schema\/person\/315e74eabd6db6c24f6679afc7f23ee8"},"headline":"Novas a\u00e7\u00f5es de capacita\u00e7\u00e3o &#8211; Servidor, inscreva-se!","datePublished":"2018-09-18T20:58:55+00:00","mainEntityOfPage":{"@id":"https:\/\/wp.ufpel.edu.br\/progep\/2018\/09\/18\/novas-acoes-de-capacitacao-servidor-inscreva-se\/"},"wordCount":185,"publisher":{"@id":"https:\/\/wp.ufpel.edu.br\/progep\/#organization"},"articleSection":["Not\u00edcias"],"inLanguage":"pt-BR"},{"@type":"WebPage","@id":"https:\/\/wp.ufpel.edu.br\/progep\/2018\/09\/18\/novas-acoes-de-capacitacao-servidor-inscreva-se\/","url":"https:\/\/wp.ufpel.edu.br\/progep\/2018\/09\/18\/novas-acoes-de-capacitacao-servidor-inscreva-se\/","name":"Novas a\u00e7\u00f5es de capacita\u00e7\u00e3o - Servidor, inscreva-se! - Pr\u00f3-Reitoria de Gest\u00e3o com Pessoas - PROGEP","isPartOf":{"@id":"https:\/\/wp.ufpel.edu.br\/progep\/#website"},"datePublished":"2018-09-18T20:58:55+00:00","breadcrumb":{"@id":"https:\/\/wp.ufpel.edu.br\/progep\/2018\/09\/18\/novas-acoes-de-capacitacao-servidor-inscreva-se\/#breadcrumb"},"inLanguage":"pt-BR","potentialAction":[{"@type":"ReadAction","target":["https:\/\/wp.ufpel.edu.br\/progep\/2018\/09\/18\/novas-acoes-de-capacitacao-servidor-inscreva-se\/"]}]},{"@type":"BreadcrumbList","@id":"https:\/\/wp.ufpel.edu.br\/progep\/2018\/09\/18\/novas-acoes-de-capacitacao-servidor-inscreva-se\/#breadcrumb","itemListElement":[{"@type":"ListItem","position":1,"name":"In\u00edcio","item":"https:\/\/wp.ufpel.edu.br\/progep\/"},{"@type":"ListItem","position":2,"name":"Novas a\u00e7\u00f5es de capacita\u00e7\u00e3o &#8211; Servidor, inscreva-se!"}]},{"@type":"WebSite","@id":"https:\/\/wp.ufpel.edu.br\/progep\/#website","url":"https:\/\/wp.ufpel.edu.br\/progep\/","name":"Pr\u00f3-Reitoria de Gest\u00e3o com Pessoas - PROGEP","description":"Pr\u00f3-Reitoria de Gest\u00e3o com Pessoas","publisher":{"@id":"https:\/\/wp.ufpel.edu.br\/progep\/#organization"},"potentialAction":[{"@type":"SearchAction","target":{"@type":"EntryPoint","urlTemplate":"https:\/\/wp.ufpel.edu.br\/progep\/?s={search_term_string}"},"query-input":{"@type":"PropertyValueSpecification","valueRequired":true,"valueName":"search_term_string"}}],"inLanguage":"pt-BR"},{"@type":"Organization","@id":"https:\/\/wp.ufpel.edu.br\/progep\/#organization","name":"Pr\u00f3-Reitoria de Gest\u00e3o com Pessoas - PROGEP","url":"https:\/\/wp.ufpel.edu.br\/progep\/","logo":{"@type":"ImageObject","inLanguage":"pt-BR","@id":"https:\/\/wp.ufpel.edu.br\/progep\/#\/schema\/logo\/image\/","url":"https:\/\/wp.ufpel.edu.br\/progep\/files\/2025\/03\/logo-progep_atualizacao-nome_AZUL.png","contentUrl":"https:\/\/wp.ufpel.edu.br\/progep\/files\/2025\/03\/logo-progep_atualizacao-nome_AZUL.png","width":1080,"height":391,"caption":"Pr\u00f3-Reitoria de Gest\u00e3o com Pessoas - PROGEP"},"image":{"@id":"https:\/\/wp.ufpel.edu.br\/progep\/#\/schema\/logo\/image\/"}},{"@type":"Person","@id":"https:\/\/wp.ufpel.edu.br\/progep\/#\/schema\/person\/315e74eabd6db6c24f6679afc7f23ee8","name":"cdp","image":{"@type":"ImageObject","inLanguage":"pt-BR","@id":"https:\/\/secure.gravatar.com\/avatar\/d1c707b216da068db2349cbc09d8ef378ef232ab888014f26c0b341e93034497?s=96&d=mm&r=g","url":"https:\/\/secure.gravatar.com\/avatar\/d1c707b216da068db2349cbc09d8ef378ef232ab888014f26c0b341e93034497?s=96&d=mm&r=g","contentUrl":"https:\/\/secure.gravatar.com\/avatar\/d1c707b216da068db2349cbc09d8ef378ef232ab888014f26c0b341e93034497?s=96&d=mm&r=g","caption":"cdp"},"url":"https:\/\/wp.ufpel.edu.br\/progep\/author\/dpdp\/"}]}},"jetpack_featured_media_url":"","_links":{"self":[{"href":"https:\/\/wp.ufpel.edu.br\/progep\/wp-json\/wp\/v2\/posts\/12781","targetHints":{"allow":["GET"]}}],"collection":[{"href":"https:\/\/wp.ufpel.edu.br\/progep\/wp-json\/wp\/v2\/posts"}],"about":[{"href":"https:\/\/wp.ufpel.edu.br\/progep\/wp-json\/wp\/v2\/types\/post"}],"author":[{"embeddable":true,"href":"https:\/\/wp.ufpel.edu.br\/progep\/wp-json\/wp\/v2\/users\/21"}],"replies":[{"embeddable":true,"href":"https:\/\/wp.ufpel.edu.br\/progep\/wp-json\/wp\/v2\/comments?post=12781"}],"version-history":[{"count":1,"href":"https:\/\/wp.ufpel.edu.br\/progep\/wp-json\/wp\/v2\/posts\/12781\/revisions"}],"predecessor-version":[{"id":12782,"href":"https:\/\/wp.ufpel.edu.br\/progep\/wp-json\/wp\/v2\/posts\/12781\/revisions\/12782"}],"wp:attachment":[{"href":"https:\/\/wp.ufpel.edu.br\/progep\/wp-json\/wp\/v2\/media?parent=12781"}],"wp:term":[{"taxonomy":"category","embeddable":true,"href":"https:\/\/wp.ufpel.edu.br\/progep\/wp-json\/wp\/v2\/categories?post=12781"},{"taxonomy":"post_tag","embeddable":true,"href":"https:\/\/wp.ufpel.edu.br\/progep\/wp-json\/wp\/v2\/tags?post=12781"}],"curies":[{"name":"wp","href":"https:\/\/api.w.org\/{rel}","templated":true}]}}