{"id":12755,"date":"2018-09-12T10:42:04","date_gmt":"2018-09-12T13:42:04","guid":{"rendered":"https:\/\/wp.ufpel.edu.br\/progep\/?p=12755"},"modified":"2018-09-12T10:42:04","modified_gmt":"2018-09-12T13:42:04","slug":"eja-no-sesi-possibilidade-de-continuidade-da-educacao-basica","status":"publish","type":"post","link":"https:\/\/wp.ufpel.edu.br\/progep\/2018\/09\/12\/eja-no-sesi-possibilidade-de-continuidade-da-educacao-basica\/","title":{"rendered":"EJA no SESI: possibilidade de continuidade da educa\u00e7\u00e3o b\u00e1sica"},"content":{"rendered":"<p>A EJA \u2013 Educa\u00e7\u00e3o de Jovens e Adultos \u2013 est\u00e1 sendo ofertada pelo Servi\u00e7o Social da Ind\u00fastria (SESI) desde 2004 e j\u00e1 atendeu mais de nove mil homens e mulheres, alunos trabalhadores. E al\u00e9m de atender os profissionais da ind\u00fastria, <strong><em>tamb\u00e9m a comunidade em geral pode ter acesso a essa escolariza\u00e7\u00e3o<\/em><\/strong>.<\/p>\n<p>A EJA \u00e9 uma modalidade de ensino da Educa\u00e7\u00e3o B\u00e1sica destinada \u00e0queles que n\u00e3o tiveram acesso ou n\u00e3o conclu\u00edram os estudos nas etapas do <strong>Ensino Fundamental<\/strong> e <strong>M\u00e9dio<\/strong> na idade pr\u00f3pria. A idade m\u00ednima para o ingresso \u00e9 de 18 (dezoito) anos completos.<\/p>\n<p>O ingresso ocorre semestralmente, sendo que para o pr\u00f3ximo (2019), as matr\u00edculas iniciam no final de outubro e as aulas na segunda quinzena de fevereiro\/2019. Para a comunidade em geral o investimento semestral \u00e9 de R$ 630,00, podendo ser dividido em seis (6) parcelas.<\/p>\n<p>O Ensino Fundamental \u00e9 dividido em quatro (4) fases a partir do 6\u00ba ano e cada fase dura um semestre. O m\u00e1ximo, portanto, ser\u00e3o dois (2) anos para completar esse n\u00edvel. O Ensino M\u00e9dio tamb\u00e9m \u00e9 organizado em fases e cada ano equivale a um semestre na EJA. Para conclu\u00ed-lo, ent\u00e3o, \u00e9 necess\u00e1rio, no m\u00e1ximo, um ano e meio.<\/p>\n<p>O desenvolvimento do curso se d\u00e1 de forma presencial (20%) e a dist\u00e2ncia (80%), com utiliza\u00e7\u00e3o do Moodle (plataforma digital de aprendizagem). Para o semin\u00e1rio presencial, o aluno faz a op\u00e7\u00e3o do turno (manh\u00e3 ou noite) e de um dia da semana. As provas tamb\u00e9m s\u00e3o realizadas no pr\u00f3prio SESI.<\/p>\n<p>Ainda que ocorra apenas um encontro presencial na semana, para tornar as aulas mais atrativas, s\u00e3o utilizados: datashow, computadores, tablets, \u00f3culos de realidade vitual, kits de rob\u00f3tica&#8230; As atividades n\u00e3o ocorrem de forma isolada, por disciplina. Os conte\u00fados s\u00e3o desenvolvidos por meio da interdisciplinaridade.<\/p>\n<p>Assim, em especial \u00e0queles servidores que ainda n\u00e3o completaram o Ensino B\u00e1sico, seja o Fundamental ou M\u00e9dio, essa modalidade de ensino \u00e9 uma oportunidade de continuidade nos estudos, o que poder\u00e1 possibilitar incentivo na carreira t\u00e9cnico-administrativa. Acesse as informa\u00e7\u00f5es em: http:\/\/www.portaldaindustria.com.br\/sesi\/canais\/educacao-para-o-trabalhador\/eja-ensino-fundamental-e-medio-o-que-e\/.<\/p>\n","protected":false},"excerpt":{"rendered":"<p>A EJA \u2013 Educa\u00e7\u00e3o de Jovens e Adultos \u2013 est\u00e1 sendo ofertada pelo Servi\u00e7o Social da Ind\u00fastria (SESI) desde 2004 e j\u00e1 atendeu mais de nove mil homens e mulheres, alunos trabalhadores. E al\u00e9m de atender os profissionais da ind\u00fastria, tamb\u00e9m a comunidade em geral pode ter acesso a essa escolariza\u00e7\u00e3o. A EJA \u00e9 uma [&hellip;]<\/p>\n","protected":false},"author":21,"featured_media":0,"comment_status":"closed","ping_status":"closed","sticky":false,"template":"","format":"standard","meta":{"footnotes":""},"categories":[1],"tags":[],"class_list":["post-12755","post","type-post","status-publish","format-standard","hentry","category-noticias"],"yoast_head":"<!-- This site is optimized with the Yoast SEO plugin v28.1 - https:\/\/yoast.com\/product\/yoast-seo-wordpress\/ -->\n<title>EJA no SESI: possibilidade de continuidade da educa\u00e7\u00e3o b\u00e1sica - Pr\u00f3-Reitoria de Gest\u00e3o com Pessoas - PROGEP<\/title>\n<meta name=\"robots\" content=\"index, follow, max-snippet:-1, max-image-preview:large, max-video-preview:-1\" \/>\n<link rel=\"canonical\" href=\"https:\/\/wp.ufpel.edu.br\/progep\/2018\/09\/12\/eja-no-sesi-possibilidade-de-continuidade-da-educacao-basica\/\" \/>\n<meta property=\"og:locale\" content=\"pt_BR\" \/>\n<meta property=\"og:type\" content=\"article\" \/>\n<meta property=\"og:title\" content=\"EJA no SESI: possibilidade de continuidade da educa\u00e7\u00e3o b\u00e1sica - Pr\u00f3-Reitoria de Gest\u00e3o com Pessoas - PROGEP\" \/>\n<meta property=\"og:description\" content=\"A EJA \u2013 Educa\u00e7\u00e3o de Jovens e Adultos \u2013 est\u00e1 sendo ofertada pelo Servi\u00e7o Social da Ind\u00fastria (SESI) desde 2004 e j\u00e1 atendeu mais de nove mil homens e mulheres, alunos trabalhadores. E al\u00e9m de atender os profissionais da ind\u00fastria, tamb\u00e9m a comunidade em geral pode ter acesso a essa escolariza\u00e7\u00e3o. A EJA \u00e9 uma [&hellip;]\" \/>\n<meta property=\"og:url\" content=\"https:\/\/wp.ufpel.edu.br\/progep\/2018\/09\/12\/eja-no-sesi-possibilidade-de-continuidade-da-educacao-basica\/\" \/>\n<meta property=\"og:site_name\" content=\"Pr\u00f3-Reitoria de Gest\u00e3o com Pessoas - PROGEP\" \/>\n<meta property=\"article:published_time\" content=\"2018-09-12T13:42:04+00:00\" \/>\n<meta name=\"author\" content=\"cdp\" \/>\n<meta name=\"twitter:card\" content=\"summary_large_image\" \/>\n<meta name=\"twitter:label1\" content=\"Escrito por\" \/>\n\t<meta name=\"twitter:data1\" content=\"cdp\" \/>\n\t<meta name=\"twitter:label2\" content=\"Est. tempo de leitura\" \/>\n\t<meta name=\"twitter:data2\" content=\"2 minutos\" \/>\n<script type=\"application\/ld+json\" class=\"yoast-schema-graph\">{\"@context\":\"https:\\\/\\\/schema.org\",\"@graph\":[{\"@type\":\"Article\",\"@id\":\"https:\\\/\\\/wp.ufpel.edu.br\\\/progep\\\/2018\\\/09\\\/12\\\/eja-no-sesi-possibilidade-de-continuidade-da-educacao-basica\\\/#article\",\"isPartOf\":{\"@id\":\"https:\\\/\\\/wp.ufpel.edu.br\\\/progep\\\/2018\\\/09\\\/12\\\/eja-no-sesi-possibilidade-de-continuidade-da-educacao-basica\\\/\"},\"author\":{\"name\":\"cdp\",\"@id\":\"https:\\\/\\\/wp.ufpel.edu.br\\\/progep\\\/#\\\/schema\\\/person\\\/315e74eabd6db6c24f6679afc7f23ee8\"},\"headline\":\"EJA no SESI: possibilidade de continuidade da educa\u00e7\u00e3o b\u00e1sica\",\"datePublished\":\"2018-09-12T13:42:04+00:00\",\"mainEntityOfPage\":{\"@id\":\"https:\\\/\\\/wp.ufpel.edu.br\\\/progep\\\/2018\\\/09\\\/12\\\/eja-no-sesi-possibilidade-de-continuidade-da-educacao-basica\\\/\"},\"wordCount\":375,\"publisher\":{\"@id\":\"https:\\\/\\\/wp.ufpel.edu.br\\\/progep\\\/#organization\"},\"articleSection\":[\"Not\u00edcias\"],\"inLanguage\":\"pt-BR\"},{\"@type\":\"WebPage\",\"@id\":\"https:\\\/\\\/wp.ufpel.edu.br\\\/progep\\\/2018\\\/09\\\/12\\\/eja-no-sesi-possibilidade-de-continuidade-da-educacao-basica\\\/\",\"url\":\"https:\\\/\\\/wp.ufpel.edu.br\\\/progep\\\/2018\\\/09\\\/12\\\/eja-no-sesi-possibilidade-de-continuidade-da-educacao-basica\\\/\",\"name\":\"EJA no SESI: possibilidade de continuidade da educa\u00e7\u00e3o b\u00e1sica - Pr\u00f3-Reitoria de Gest\u00e3o com Pessoas - PROGEP\",\"isPartOf\":{\"@id\":\"https:\\\/\\\/wp.ufpel.edu.br\\\/progep\\\/#website\"},\"datePublished\":\"2018-09-12T13:42:04+00:00\",\"breadcrumb\":{\"@id\":\"https:\\\/\\\/wp.ufpel.edu.br\\\/progep\\\/2018\\\/09\\\/12\\\/eja-no-sesi-possibilidade-de-continuidade-da-educacao-basica\\\/#breadcrumb\"},\"inLanguage\":\"pt-BR\",\"potentialAction\":[{\"@type\":\"ReadAction\",\"target\":[\"https:\\\/\\\/wp.ufpel.edu.br\\\/progep\\\/2018\\\/09\\\/12\\\/eja-no-sesi-possibilidade-de-continuidade-da-educacao-basica\\\/\"]}]},{\"@type\":\"BreadcrumbList\",\"@id\":\"https:\\\/\\\/wp.ufpel.edu.br\\\/progep\\\/2018\\\/09\\\/12\\\/eja-no-sesi-possibilidade-de-continuidade-da-educacao-basica\\\/#breadcrumb\",\"itemListElement\":[{\"@type\":\"ListItem\",\"position\":1,\"name\":\"In\u00edcio\",\"item\":\"https:\\\/\\\/wp.ufpel.edu.br\\\/progep\\\/\"},{\"@type\":\"ListItem\",\"position\":2,\"name\":\"EJA no SESI: possibilidade de continuidade da educa\u00e7\u00e3o b\u00e1sica\"}]},{\"@type\":\"WebSite\",\"@id\":\"https:\\\/\\\/wp.ufpel.edu.br\\\/progep\\\/#website\",\"url\":\"https:\\\/\\\/wp.ufpel.edu.br\\\/progep\\\/\",\"name\":\"Pr\u00f3-Reitoria de Gest\u00e3o com Pessoas - PROGEP\",\"description\":\"Pr\u00f3-Reitoria de Gest\u00e3o com Pessoas\",\"publisher\":{\"@id\":\"https:\\\/\\\/wp.ufpel.edu.br\\\/progep\\\/#organization\"},\"potentialAction\":[{\"@type\":\"SearchAction\",\"target\":{\"@type\":\"EntryPoint\",\"urlTemplate\":\"https:\\\/\\\/wp.ufpel.edu.br\\\/progep\\\/?s={search_term_string}\"},\"query-input\":{\"@type\":\"PropertyValueSpecification\",\"valueRequired\":true,\"valueName\":\"search_term_string\"}}],\"inLanguage\":\"pt-BR\"},{\"@type\":\"Organization\",\"@id\":\"https:\\\/\\\/wp.ufpel.edu.br\\\/progep\\\/#organization\",\"name\":\"Pr\u00f3-Reitoria de Gest\u00e3o com Pessoas - PROGEP\",\"url\":\"https:\\\/\\\/wp.ufpel.edu.br\\\/progep\\\/\",\"logo\":{\"@type\":\"ImageObject\",\"inLanguage\":\"pt-BR\",\"@id\":\"https:\\\/\\\/wp.ufpel.edu.br\\\/progep\\\/#\\\/schema\\\/logo\\\/image\\\/\",\"url\":\"https:\\\/\\\/wp.ufpel.edu.br\\\/progep\\\/files\\\/2025\\\/03\\\/logo-progep_atualizacao-nome_AZUL.png\",\"contentUrl\":\"https:\\\/\\\/wp.ufpel.edu.br\\\/progep\\\/files\\\/2025\\\/03\\\/logo-progep_atualizacao-nome_AZUL.png\",\"width\":1080,\"height\":391,\"caption\":\"Pr\u00f3-Reitoria de Gest\u00e3o com Pessoas - PROGEP\"},\"image\":{\"@id\":\"https:\\\/\\\/wp.ufpel.edu.br\\\/progep\\\/#\\\/schema\\\/logo\\\/image\\\/\"}},{\"@type\":\"Person\",\"@id\":\"https:\\\/\\\/wp.ufpel.edu.br\\\/progep\\\/#\\\/schema\\\/person\\\/315e74eabd6db6c24f6679afc7f23ee8\",\"name\":\"cdp\",\"image\":{\"@type\":\"ImageObject\",\"inLanguage\":\"pt-BR\",\"@id\":\"https:\\\/\\\/secure.gravatar.com\\\/avatar\\\/d1c707b216da068db2349cbc09d8ef378ef232ab888014f26c0b341e93034497?s=96&d=mm&r=g\",\"url\":\"https:\\\/\\\/secure.gravatar.com\\\/avatar\\\/d1c707b216da068db2349cbc09d8ef378ef232ab888014f26c0b341e93034497?s=96&d=mm&r=g\",\"contentUrl\":\"https:\\\/\\\/secure.gravatar.com\\\/avatar\\\/d1c707b216da068db2349cbc09d8ef378ef232ab888014f26c0b341e93034497?s=96&d=mm&r=g\",\"caption\":\"cdp\"},\"url\":\"https:\\\/\\\/wp.ufpel.edu.br\\\/progep\\\/author\\\/dpdp\\\/\"}]}<\/script>\n<!-- \/ Yoast SEO plugin. -->","yoast_head_json":{"title":"EJA no SESI: possibilidade de continuidade da educa\u00e7\u00e3o b\u00e1sica - Pr\u00f3-Reitoria de Gest\u00e3o com Pessoas - PROGEP","robots":{"index":"index","follow":"follow","max-snippet":"max-snippet:-1","max-image-preview":"max-image-preview:large","max-video-preview":"max-video-preview:-1"},"canonical":"https:\/\/wp.ufpel.edu.br\/progep\/2018\/09\/12\/eja-no-sesi-possibilidade-de-continuidade-da-educacao-basica\/","og_locale":"pt_BR","og_type":"article","og_title":"EJA no SESI: possibilidade de continuidade da educa\u00e7\u00e3o b\u00e1sica - Pr\u00f3-Reitoria de Gest\u00e3o com Pessoas - PROGEP","og_description":"A EJA \u2013 Educa\u00e7\u00e3o de Jovens e Adultos \u2013 est\u00e1 sendo ofertada pelo Servi\u00e7o Social da Ind\u00fastria (SESI) desde 2004 e j\u00e1 atendeu mais de nove mil homens e mulheres, alunos trabalhadores. E al\u00e9m de atender os profissionais da ind\u00fastria, tamb\u00e9m a comunidade em geral pode ter acesso a essa escolariza\u00e7\u00e3o. A EJA \u00e9 uma [&hellip;]","og_url":"https:\/\/wp.ufpel.edu.br\/progep\/2018\/09\/12\/eja-no-sesi-possibilidade-de-continuidade-da-educacao-basica\/","og_site_name":"Pr\u00f3-Reitoria de Gest\u00e3o com Pessoas - PROGEP","article_published_time":"2018-09-12T13:42:04+00:00","author":"cdp","twitter_card":"summary_large_image","twitter_misc":{"Escrito por":"cdp","Est. tempo de leitura":"2 minutos"},"schema":{"@context":"https:\/\/schema.org","@graph":[{"@type":"Article","@id":"https:\/\/wp.ufpel.edu.br\/progep\/2018\/09\/12\/eja-no-sesi-possibilidade-de-continuidade-da-educacao-basica\/#article","isPartOf":{"@id":"https:\/\/wp.ufpel.edu.br\/progep\/2018\/09\/12\/eja-no-sesi-possibilidade-de-continuidade-da-educacao-basica\/"},"author":{"name":"cdp","@id":"https:\/\/wp.ufpel.edu.br\/progep\/#\/schema\/person\/315e74eabd6db6c24f6679afc7f23ee8"},"headline":"EJA no SESI: possibilidade de continuidade da educa\u00e7\u00e3o b\u00e1sica","datePublished":"2018-09-12T13:42:04+00:00","mainEntityOfPage":{"@id":"https:\/\/wp.ufpel.edu.br\/progep\/2018\/09\/12\/eja-no-sesi-possibilidade-de-continuidade-da-educacao-basica\/"},"wordCount":375,"publisher":{"@id":"https:\/\/wp.ufpel.edu.br\/progep\/#organization"},"articleSection":["Not\u00edcias"],"inLanguage":"pt-BR"},{"@type":"WebPage","@id":"https:\/\/wp.ufpel.edu.br\/progep\/2018\/09\/12\/eja-no-sesi-possibilidade-de-continuidade-da-educacao-basica\/","url":"https:\/\/wp.ufpel.edu.br\/progep\/2018\/09\/12\/eja-no-sesi-possibilidade-de-continuidade-da-educacao-basica\/","name":"EJA no SESI: possibilidade de continuidade da educa\u00e7\u00e3o b\u00e1sica - Pr\u00f3-Reitoria de Gest\u00e3o com Pessoas - PROGEP","isPartOf":{"@id":"https:\/\/wp.ufpel.edu.br\/progep\/#website"},"datePublished":"2018-09-12T13:42:04+00:00","breadcrumb":{"@id":"https:\/\/wp.ufpel.edu.br\/progep\/2018\/09\/12\/eja-no-sesi-possibilidade-de-continuidade-da-educacao-basica\/#breadcrumb"},"inLanguage":"pt-BR","potentialAction":[{"@type":"ReadAction","target":["https:\/\/wp.ufpel.edu.br\/progep\/2018\/09\/12\/eja-no-sesi-possibilidade-de-continuidade-da-educacao-basica\/"]}]},{"@type":"BreadcrumbList","@id":"https:\/\/wp.ufpel.edu.br\/progep\/2018\/09\/12\/eja-no-sesi-possibilidade-de-continuidade-da-educacao-basica\/#breadcrumb","itemListElement":[{"@type":"ListItem","position":1,"name":"In\u00edcio","item":"https:\/\/wp.ufpel.edu.br\/progep\/"},{"@type":"ListItem","position":2,"name":"EJA no SESI: possibilidade de continuidade da educa\u00e7\u00e3o b\u00e1sica"}]},{"@type":"WebSite","@id":"https:\/\/wp.ufpel.edu.br\/progep\/#website","url":"https:\/\/wp.ufpel.edu.br\/progep\/","name":"Pr\u00f3-Reitoria de Gest\u00e3o com Pessoas - PROGEP","description":"Pr\u00f3-Reitoria de Gest\u00e3o com Pessoas","publisher":{"@id":"https:\/\/wp.ufpel.edu.br\/progep\/#organization"},"potentialAction":[{"@type":"SearchAction","target":{"@type":"EntryPoint","urlTemplate":"https:\/\/wp.ufpel.edu.br\/progep\/?s={search_term_string}"},"query-input":{"@type":"PropertyValueSpecification","valueRequired":true,"valueName":"search_term_string"}}],"inLanguage":"pt-BR"},{"@type":"Organization","@id":"https:\/\/wp.ufpel.edu.br\/progep\/#organization","name":"Pr\u00f3-Reitoria de Gest\u00e3o com Pessoas - PROGEP","url":"https:\/\/wp.ufpel.edu.br\/progep\/","logo":{"@type":"ImageObject","inLanguage":"pt-BR","@id":"https:\/\/wp.ufpel.edu.br\/progep\/#\/schema\/logo\/image\/","url":"https:\/\/wp.ufpel.edu.br\/progep\/files\/2025\/03\/logo-progep_atualizacao-nome_AZUL.png","contentUrl":"https:\/\/wp.ufpel.edu.br\/progep\/files\/2025\/03\/logo-progep_atualizacao-nome_AZUL.png","width":1080,"height":391,"caption":"Pr\u00f3-Reitoria de Gest\u00e3o com Pessoas - PROGEP"},"image":{"@id":"https:\/\/wp.ufpel.edu.br\/progep\/#\/schema\/logo\/image\/"}},{"@type":"Person","@id":"https:\/\/wp.ufpel.edu.br\/progep\/#\/schema\/person\/315e74eabd6db6c24f6679afc7f23ee8","name":"cdp","image":{"@type":"ImageObject","inLanguage":"pt-BR","@id":"https:\/\/secure.gravatar.com\/avatar\/d1c707b216da068db2349cbc09d8ef378ef232ab888014f26c0b341e93034497?s=96&d=mm&r=g","url":"https:\/\/secure.gravatar.com\/avatar\/d1c707b216da068db2349cbc09d8ef378ef232ab888014f26c0b341e93034497?s=96&d=mm&r=g","contentUrl":"https:\/\/secure.gravatar.com\/avatar\/d1c707b216da068db2349cbc09d8ef378ef232ab888014f26c0b341e93034497?s=96&d=mm&r=g","caption":"cdp"},"url":"https:\/\/wp.ufpel.edu.br\/progep\/author\/dpdp\/"}]}},"jetpack_featured_media_url":"","_links":{"self":[{"href":"https:\/\/wp.ufpel.edu.br\/progep\/wp-json\/wp\/v2\/posts\/12755","targetHints":{"allow":["GET"]}}],"collection":[{"href":"https:\/\/wp.ufpel.edu.br\/progep\/wp-json\/wp\/v2\/posts"}],"about":[{"href":"https:\/\/wp.ufpel.edu.br\/progep\/wp-json\/wp\/v2\/types\/post"}],"author":[{"embeddable":true,"href":"https:\/\/wp.ufpel.edu.br\/progep\/wp-json\/wp\/v2\/users\/21"}],"replies":[{"embeddable":true,"href":"https:\/\/wp.ufpel.edu.br\/progep\/wp-json\/wp\/v2\/comments?post=12755"}],"version-history":[{"count":1,"href":"https:\/\/wp.ufpel.edu.br\/progep\/wp-json\/wp\/v2\/posts\/12755\/revisions"}],"predecessor-version":[{"id":12756,"href":"https:\/\/wp.ufpel.edu.br\/progep\/wp-json\/wp\/v2\/posts\/12755\/revisions\/12756"}],"wp:attachment":[{"href":"https:\/\/wp.ufpel.edu.br\/progep\/wp-json\/wp\/v2\/media?parent=12755"}],"wp:term":[{"taxonomy":"category","embeddable":true,"href":"https:\/\/wp.ufpel.edu.br\/progep\/wp-json\/wp\/v2\/categories?post=12755"},{"taxonomy":"post_tag","embeddable":true,"href":"https:\/\/wp.ufpel.edu.br\/progep\/wp-json\/wp\/v2\/tags?post=12755"}],"curies":[{"name":"wp","href":"https:\/\/api.w.org\/{rel}","templated":true}]}}