{"id":12712,"date":"2018-08-30T12:51:31","date_gmt":"2018-08-30T15:51:31","guid":{"rendered":"https:\/\/wp.ufpel.edu.br\/progep\/?p=12712"},"modified":"2022-09-26T21:14:09","modified_gmt":"2022-09-27T00:14:09","slug":"mais-dois-dias-para-imunizacao-contra-o-sarampo-na-ufpel","status":"publish","type":"post","link":"https:\/\/wp.ufpel.edu.br\/progep\/2018\/08\/30\/mais-dois-dias-para-imunizacao-contra-o-sarampo-na-ufpel\/","title":{"rendered":"ATEN\u00c7\u00c3O! Mais dois dias para imuniza\u00e7\u00e3o contra o sarampo UFPEL"},"content":{"rendered":"<p>&nbsp;<\/p>\n<p><img class=\"wp-image-12619 aligncenter\" src=\"https:\/\/wp.ufpel.edu.br\/progep\/files\/2018\/08\/sar-400x152.jpg\" alt=\"\" width=\"324\" height=\"123\" srcset=\"https:\/\/wp.ufpel.edu.br\/progep\/files\/2018\/08\/sar-400x152.jpg 400w, https:\/\/wp.ufpel.edu.br\/progep\/files\/2018\/08\/sar.jpg 763w\" sizes=\"(max-width: 324px) 100vw, 324px\" \/><\/p>\n<p><span style=\"font-size: 14pt\">A Coordena\u00e7\u00e3o de Sa\u00fade e Qualidade de Vida da PROGEP com o apoio d<\/span>a <span style=\"font-size: 14pt\">Pr\u00f3-Reitoria de Assuntos Estudantis -PRAE , informa a comunidade da UFPel sobre a Campanha de vacina\u00e7\u00e3o contra o sarampo. As pessoas que ainda n\u00e3o se vacinaram ter\u00e3o\u00a0mais duas oportunidades para\u00a0 receber a vacina.\u00a0<\/span><\/p>\n<p><span style=\"font-size: 14pt\">Lembramos que o sarampo\u00a0 \u00e9 uma doen\u00e7a viral aguda, grave,altamente transmiss\u00edvel e que pode levar a morte em fun\u00e7\u00e3o de complica\u00e7\u00f5es, mas que pode ser prevenida atrav\u00e9s das\u00a0vacinas, principalmente na inf\u00e2ncia.<\/span><\/p>\n<p><span style=\"font-size: 14pt\"><img class=\" wp-image-12101 alignleft\" src=\"https:\/\/wp.ufpel.edu.br\/progep\/files\/2018\/01\/04-febre-amarela-400x225.jpg\" alt=\"\" width=\"266\" height=\"150\" srcset=\"https:\/\/wp.ufpel.edu.br\/progep\/files\/2018\/01\/04-febre-amarela-400x225.jpg 400w, https:\/\/wp.ufpel.edu.br\/progep\/files\/2018\/01\/04-febre-amarela-768x432.jpg 768w, https:\/\/wp.ufpel.edu.br\/progep\/files\/2018\/01\/04-febre-amarela-1024x576.jpg 1024w, https:\/\/wp.ufpel.edu.br\/progep\/files\/2018\/01\/04-febre-amarela.jpg 1280w\" sizes=\"(max-width: 266px) 100vw, 266px\" \/><\/span><\/p>\n<p>&nbsp;<\/p>\n<p><span style=\"font-size: 14pt\">O Minist\u00e9rio da Sa\u00fade preconiza a imuniza\u00e7\u00e3o de pessoas maiores de <strong>12 meses at\u00e9 49 anos<\/strong>, por\u00e9m\u00a0 na UFPel, os\u00a0alvos da campanha ser\u00e3o jovens e adultos, crian\u00e7as n\u00e3o ser\u00e3o vacinadas.<\/span><\/p>\n<p>&nbsp;<\/p>\n<p><span style=\"font-size: 14pt\">Salientamos que a campanha nacional contra o sarampo e a poliomielite iniciou no dia 6 de agosto e se estender\u00e1 at\u00e9 o dia 31 de agosto, portanto \u00e9 importante que as pessoas participem da <strong>campanha na universidade, pois ainda dispomos de doses,<\/strong> ou procurem as unidades b\u00e1sicas de sa\u00fade da rede para receber as doses\u00a0 e atualizar a carteira de vacinas.<\/span><\/p>\n<p><span style=\"font-size: 14pt\">\u00a0Os locais e datas na UFPel s\u00e3o:<\/span><\/p>\n<p>&nbsp;<\/p>\n<p style=\"text-align: center\"><span style=\"font-size: 24pt\"><strong><span style=\"color: #000080\">CAMPUS CAP\u00c3O DO LE\u00c3O &#8211;\u00a0 Posto M\u00e9dico<\/span><\/strong><\/span><\/p>\n<p style=\"text-align: center\"><span style=\"font-size: 24pt\"><strong><span style=\"color: #ff6600\">Dia\u00a0 04\/09\/2018, ter\u00e7a-feira das 9:00h \u00e0s 15:00h<\/span><\/strong><\/span><\/p>\n<p style=\"text-align: center\"><span style=\"font-size: 24pt\"><strong><span style=\"color: #000080\">FACULDADE DE MEDICINA- Sala da Enfermagem<\/span><\/strong><\/span><\/p>\n<p style=\"text-align: center\"><span style=\"font-size: 24pt\"><strong><span style=\"color: #ff6600\">Dia 05\/09\/2018, quarta-feira das 9:ooh \u00e0s 15:00h<\/span><\/strong><\/span><\/p>\n<p style=\"text-align: center\"><span style=\"font-size: 14pt\"><strong><span style=\"color: #000000\">N\u00e3o esque\u00e7a de trazer um documento, cart\u00e3o do SUS e a carteira de vacinas para atualiza\u00e7\u00e3o.<\/span><\/strong><\/span><\/p>\n<p><img class=\"wp-image-12177 aligncenter\" src=\"https:\/\/wp.ufpel.edu.br\/progep\/files\/2018\/03\/Cartao-SUS-400x349.png\" alt=\"\" width=\"67\" height=\"59\" srcset=\"https:\/\/wp.ufpel.edu.br\/progep\/files\/2018\/03\/Cartao-SUS-400x349.png 400w, https:\/\/wp.ufpel.edu.br\/progep\/files\/2018\/03\/Cartao-SUS.png 490w\" sizes=\"(max-width: 67px) 100vw, 67px\" \/><\/p>\n<p><img class=\"wp-image-12388 aligncenter\" src=\"https:\/\/wp.ufpel.edu.br\/progep\/files\/2018\/05\/gripe2018-400x301.jpg\" alt=\"\" width=\"108\" height=\"81\" srcset=\"https:\/\/wp.ufpel.edu.br\/progep\/files\/2018\/05\/gripe2018-400x301.jpg 400w, https:\/\/wp.ufpel.edu.br\/progep\/files\/2018\/05\/gripe2018-768x577.jpg 768w, https:\/\/wp.ufpel.edu.br\/progep\/files\/2018\/05\/gripe2018.jpg 865w\" sizes=\"(max-width: 108px) 100vw, 108px\" \/><\/p>\n<p>&nbsp;<\/p>\n","protected":false},"excerpt":{"rendered":"<p>&nbsp; A Coordena\u00e7\u00e3o de Sa\u00fade e Qualidade de Vida da PROGEP com o apoio da Pr\u00f3-Reitoria de Assuntos Estudantis -PRAE , informa a comunidade da UFPel sobre a Campanha de vacina\u00e7\u00e3o contra o sarampo. As pessoas que ainda n\u00e3o se vacinaram ter\u00e3o\u00a0mais duas oportunidades para\u00a0 receber a vacina.\u00a0 Lembramos que o sarampo\u00a0 \u00e9 uma doen\u00e7a [&hellip;]<\/p>\n","protected":false},"author":246,"featured_media":0,"comment_status":"closed","ping_status":"closed","sticky":false,"template":"","format":"standard","meta":{"footnotes":""},"categories":[1],"tags":[],"class_list":["post-12712","post","type-post","status-publish","format-standard","hentry","category-noticias"],"yoast_head":"<!-- This site is optimized with the Yoast SEO plugin v28.1 - https:\/\/yoast.com\/product\/yoast-seo-wordpress\/ -->\n<title>ATEN\u00c7\u00c3O! Mais dois dias para imuniza\u00e7\u00e3o contra o sarampo UFPEL - Pr\u00f3-Reitoria de Gest\u00e3o com Pessoas - PROGEP<\/title>\n<meta name=\"robots\" content=\"index, follow, max-snippet:-1, max-image-preview:large, max-video-preview:-1\" \/>\n<link rel=\"canonical\" href=\"https:\/\/wp.ufpel.edu.br\/progep\/2018\/08\/30\/mais-dois-dias-para-imunizacao-contra-o-sarampo-na-ufpel\/\" \/>\n<meta property=\"og:locale\" content=\"pt_BR\" \/>\n<meta property=\"og:type\" content=\"article\" \/>\n<meta property=\"og:title\" content=\"ATEN\u00c7\u00c3O! Mais dois dias para imuniza\u00e7\u00e3o contra o sarampo UFPEL - Pr\u00f3-Reitoria de Gest\u00e3o com Pessoas - PROGEP\" \/>\n<meta property=\"og:description\" content=\"&nbsp; A Coordena\u00e7\u00e3o de Sa\u00fade e Qualidade de Vida da PROGEP com o apoio da Pr\u00f3-Reitoria de Assuntos Estudantis -PRAE , informa a comunidade da UFPel sobre a Campanha de vacina\u00e7\u00e3o contra o sarampo. As pessoas que ainda n\u00e3o se vacinaram ter\u00e3o\u00a0mais duas oportunidades para\u00a0 receber a vacina.\u00a0 Lembramos que o sarampo\u00a0 \u00e9 uma doen\u00e7a [&hellip;]\" \/>\n<meta property=\"og:url\" content=\"https:\/\/wp.ufpel.edu.br\/progep\/2018\/08\/30\/mais-dois-dias-para-imunizacao-contra-o-sarampo-na-ufpel\/\" \/>\n<meta property=\"og:site_name\" content=\"Pr\u00f3-Reitoria de Gest\u00e3o com Pessoas - PROGEP\" \/>\n<meta property=\"article:published_time\" content=\"2018-08-30T15:51:31+00:00\" \/>\n<meta property=\"article:modified_time\" content=\"2022-09-27T00:14:09+00:00\" \/>\n<meta property=\"og:image\" content=\"https:\/\/wp.ufpel.edu.br\/progep\/files\/2018\/08\/sar-400x152.jpg\" \/>\n<meta name=\"author\" content=\"csqv\" \/>\n<meta name=\"twitter:card\" content=\"summary_large_image\" \/>\n<meta name=\"twitter:label1\" content=\"Escrito por\" \/>\n\t<meta name=\"twitter:data1\" content=\"csqv\" \/>\n\t<meta name=\"twitter:label2\" content=\"Est. tempo de leitura\" \/>\n\t<meta name=\"twitter:data2\" content=\"1 minuto\" \/>\n<script type=\"application\/ld+json\" class=\"yoast-schema-graph\">{\"@context\":\"https:\\\/\\\/schema.org\",\"@graph\":[{\"@type\":\"Article\",\"@id\":\"https:\\\/\\\/wp.ufpel.edu.br\\\/progep\\\/2018\\\/08\\\/30\\\/mais-dois-dias-para-imunizacao-contra-o-sarampo-na-ufpel\\\/#article\",\"isPartOf\":{\"@id\":\"https:\\\/\\\/wp.ufpel.edu.br\\\/progep\\\/2018\\\/08\\\/30\\\/mais-dois-dias-para-imunizacao-contra-o-sarampo-na-ufpel\\\/\"},\"author\":{\"name\":\"csqv\",\"@id\":\"https:\\\/\\\/wp.ufpel.edu.br\\\/progep\\\/#\\\/schema\\\/person\\\/a0c870c5f38c3dd40abe3cbac8509810\"},\"headline\":\"ATEN\u00c7\u00c3O! Mais dois dias para imuniza\u00e7\u00e3o contra o sarampo UFPEL\",\"datePublished\":\"2018-08-30T15:51:31+00:00\",\"dateModified\":\"2022-09-27T00:14:09+00:00\",\"mainEntityOfPage\":{\"@id\":\"https:\\\/\\\/wp.ufpel.edu.br\\\/progep\\\/2018\\\/08\\\/30\\\/mais-dois-dias-para-imunizacao-contra-o-sarampo-na-ufpel\\\/\"},\"wordCount\":262,\"publisher\":{\"@id\":\"https:\\\/\\\/wp.ufpel.edu.br\\\/progep\\\/#organization\"},\"image\":{\"@id\":\"https:\\\/\\\/wp.ufpel.edu.br\\\/progep\\\/2018\\\/08\\\/30\\\/mais-dois-dias-para-imunizacao-contra-o-sarampo-na-ufpel\\\/#primaryimage\"},\"thumbnailUrl\":\"https:\\\/\\\/wp.ufpel.edu.br\\\/progep\\\/files\\\/2018\\\/08\\\/sar-400x152.jpg\",\"articleSection\":[\"Not\u00edcias\"],\"inLanguage\":\"pt-BR\"},{\"@type\":\"WebPage\",\"@id\":\"https:\\\/\\\/wp.ufpel.edu.br\\\/progep\\\/2018\\\/08\\\/30\\\/mais-dois-dias-para-imunizacao-contra-o-sarampo-na-ufpel\\\/\",\"url\":\"https:\\\/\\\/wp.ufpel.edu.br\\\/progep\\\/2018\\\/08\\\/30\\\/mais-dois-dias-para-imunizacao-contra-o-sarampo-na-ufpel\\\/\",\"name\":\"ATEN\u00c7\u00c3O! Mais dois dias para imuniza\u00e7\u00e3o contra o sarampo UFPEL - Pr\u00f3-Reitoria de Gest\u00e3o com Pessoas - PROGEP\",\"isPartOf\":{\"@id\":\"https:\\\/\\\/wp.ufpel.edu.br\\\/progep\\\/#website\"},\"primaryImageOfPage\":{\"@id\":\"https:\\\/\\\/wp.ufpel.edu.br\\\/progep\\\/2018\\\/08\\\/30\\\/mais-dois-dias-para-imunizacao-contra-o-sarampo-na-ufpel\\\/#primaryimage\"},\"image\":{\"@id\":\"https:\\\/\\\/wp.ufpel.edu.br\\\/progep\\\/2018\\\/08\\\/30\\\/mais-dois-dias-para-imunizacao-contra-o-sarampo-na-ufpel\\\/#primaryimage\"},\"thumbnailUrl\":\"https:\\\/\\\/wp.ufpel.edu.br\\\/progep\\\/files\\\/2018\\\/08\\\/sar-400x152.jpg\",\"datePublished\":\"2018-08-30T15:51:31+00:00\",\"dateModified\":\"2022-09-27T00:14:09+00:00\",\"breadcrumb\":{\"@id\":\"https:\\\/\\\/wp.ufpel.edu.br\\\/progep\\\/2018\\\/08\\\/30\\\/mais-dois-dias-para-imunizacao-contra-o-sarampo-na-ufpel\\\/#breadcrumb\"},\"inLanguage\":\"pt-BR\",\"potentialAction\":[{\"@type\":\"ReadAction\",\"target\":[\"https:\\\/\\\/wp.ufpel.edu.br\\\/progep\\\/2018\\\/08\\\/30\\\/mais-dois-dias-para-imunizacao-contra-o-sarampo-na-ufpel\\\/\"]}]},{\"@type\":\"ImageObject\",\"inLanguage\":\"pt-BR\",\"@id\":\"https:\\\/\\\/wp.ufpel.edu.br\\\/progep\\\/2018\\\/08\\\/30\\\/mais-dois-dias-para-imunizacao-contra-o-sarampo-na-ufpel\\\/#primaryimage\",\"url\":\"https:\\\/\\\/wp.ufpel.edu.br\\\/progep\\\/files\\\/2018\\\/08\\\/sar.jpg\",\"contentUrl\":\"https:\\\/\\\/wp.ufpel.edu.br\\\/progep\\\/files\\\/2018\\\/08\\\/sar.jpg\",\"width\":763,\"height\":289},{\"@type\":\"BreadcrumbList\",\"@id\":\"https:\\\/\\\/wp.ufpel.edu.br\\\/progep\\\/2018\\\/08\\\/30\\\/mais-dois-dias-para-imunizacao-contra-o-sarampo-na-ufpel\\\/#breadcrumb\",\"itemListElement\":[{\"@type\":\"ListItem\",\"position\":1,\"name\":\"In\u00edcio\",\"item\":\"https:\\\/\\\/wp.ufpel.edu.br\\\/progep\\\/\"},{\"@type\":\"ListItem\",\"position\":2,\"name\":\"ATEN\u00c7\u00c3O! Mais dois dias para imuniza\u00e7\u00e3o contra o sarampo UFPEL\"}]},{\"@type\":\"WebSite\",\"@id\":\"https:\\\/\\\/wp.ufpel.edu.br\\\/progep\\\/#website\",\"url\":\"https:\\\/\\\/wp.ufpel.edu.br\\\/progep\\\/\",\"name\":\"Pr\u00f3-Reitoria de Gest\u00e3o com Pessoas - PROGEP\",\"description\":\"Pr\u00f3-Reitoria de Gest\u00e3o com Pessoas\",\"publisher\":{\"@id\":\"https:\\\/\\\/wp.ufpel.edu.br\\\/progep\\\/#organization\"},\"potentialAction\":[{\"@type\":\"SearchAction\",\"target\":{\"@type\":\"EntryPoint\",\"urlTemplate\":\"https:\\\/\\\/wp.ufpel.edu.br\\\/progep\\\/?s={search_term_string}\"},\"query-input\":{\"@type\":\"PropertyValueSpecification\",\"valueRequired\":true,\"valueName\":\"search_term_string\"}}],\"inLanguage\":\"pt-BR\"},{\"@type\":\"Organization\",\"@id\":\"https:\\\/\\\/wp.ufpel.edu.br\\\/progep\\\/#organization\",\"name\":\"Pr\u00f3-Reitoria de Gest\u00e3o com Pessoas - PROGEP\",\"url\":\"https:\\\/\\\/wp.ufpel.edu.br\\\/progep\\\/\",\"logo\":{\"@type\":\"ImageObject\",\"inLanguage\":\"pt-BR\",\"@id\":\"https:\\\/\\\/wp.ufpel.edu.br\\\/progep\\\/#\\\/schema\\\/logo\\\/image\\\/\",\"url\":\"https:\\\/\\\/wp.ufpel.edu.br\\\/progep\\\/files\\\/2025\\\/03\\\/logo-progep_atualizacao-nome_AZUL.png\",\"contentUrl\":\"https:\\\/\\\/wp.ufpel.edu.br\\\/progep\\\/files\\\/2025\\\/03\\\/logo-progep_atualizacao-nome_AZUL.png\",\"width\":1080,\"height\":391,\"caption\":\"Pr\u00f3-Reitoria de Gest\u00e3o com Pessoas - PROGEP\"},\"image\":{\"@id\":\"https:\\\/\\\/wp.ufpel.edu.br\\\/progep\\\/#\\\/schema\\\/logo\\\/image\\\/\"}},{\"@type\":\"Person\",\"@id\":\"https:\\\/\\\/wp.ufpel.edu.br\\\/progep\\\/#\\\/schema\\\/person\\\/a0c870c5f38c3dd40abe3cbac8509810\",\"name\":\"csqv\",\"image\":{\"@type\":\"ImageObject\",\"inLanguage\":\"pt-BR\",\"@id\":\"https:\\\/\\\/secure.gravatar.com\\\/avatar\\\/fed5431a255225515d7936e6a8d039bdeedd7e8914f1041257a393fb49cc1cac?s=96&d=mm&r=g\",\"url\":\"https:\\\/\\\/secure.gravatar.com\\\/avatar\\\/fed5431a255225515d7936e6a8d039bdeedd7e8914f1041257a393fb49cc1cac?s=96&d=mm&r=g\",\"contentUrl\":\"https:\\\/\\\/secure.gravatar.com\\\/avatar\\\/fed5431a255225515d7936e6a8d039bdeedd7e8914f1041257a393fb49cc1cac?s=96&d=mm&r=g\",\"caption\":\"csqv\"},\"url\":\"https:\\\/\\\/wp.ufpel.edu.br\\\/progep\\\/author\\\/csqv\\\/\"}]}<\/script>\n<!-- \/ Yoast SEO plugin. -->","yoast_head_json":{"title":"ATEN\u00c7\u00c3O! Mais dois dias para imuniza\u00e7\u00e3o contra o sarampo UFPEL - Pr\u00f3-Reitoria de Gest\u00e3o com Pessoas - PROGEP","robots":{"index":"index","follow":"follow","max-snippet":"max-snippet:-1","max-image-preview":"max-image-preview:large","max-video-preview":"max-video-preview:-1"},"canonical":"https:\/\/wp.ufpel.edu.br\/progep\/2018\/08\/30\/mais-dois-dias-para-imunizacao-contra-o-sarampo-na-ufpel\/","og_locale":"pt_BR","og_type":"article","og_title":"ATEN\u00c7\u00c3O! Mais dois dias para imuniza\u00e7\u00e3o contra o sarampo UFPEL - Pr\u00f3-Reitoria de Gest\u00e3o com Pessoas - PROGEP","og_description":"&nbsp; A Coordena\u00e7\u00e3o de Sa\u00fade e Qualidade de Vida da PROGEP com o apoio da Pr\u00f3-Reitoria de Assuntos Estudantis -PRAE , informa a comunidade da UFPel sobre a Campanha de vacina\u00e7\u00e3o contra o sarampo. As pessoas que ainda n\u00e3o se vacinaram ter\u00e3o\u00a0mais duas oportunidades para\u00a0 receber a vacina.\u00a0 Lembramos que o sarampo\u00a0 \u00e9 uma doen\u00e7a [&hellip;]","og_url":"https:\/\/wp.ufpel.edu.br\/progep\/2018\/08\/30\/mais-dois-dias-para-imunizacao-contra-o-sarampo-na-ufpel\/","og_site_name":"Pr\u00f3-Reitoria de Gest\u00e3o com Pessoas - PROGEP","article_published_time":"2018-08-30T15:51:31+00:00","article_modified_time":"2022-09-27T00:14:09+00:00","og_image":[{"url":"https:\/\/wp.ufpel.edu.br\/progep\/files\/2018\/08\/sar-400x152.jpg","type":"","width":"","height":""}],"author":"csqv","twitter_card":"summary_large_image","twitter_misc":{"Escrito por":"csqv","Est. tempo de leitura":"1 minuto"},"schema":{"@context":"https:\/\/schema.org","@graph":[{"@type":"Article","@id":"https:\/\/wp.ufpel.edu.br\/progep\/2018\/08\/30\/mais-dois-dias-para-imunizacao-contra-o-sarampo-na-ufpel\/#article","isPartOf":{"@id":"https:\/\/wp.ufpel.edu.br\/progep\/2018\/08\/30\/mais-dois-dias-para-imunizacao-contra-o-sarampo-na-ufpel\/"},"author":{"name":"csqv","@id":"https:\/\/wp.ufpel.edu.br\/progep\/#\/schema\/person\/a0c870c5f38c3dd40abe3cbac8509810"},"headline":"ATEN\u00c7\u00c3O! Mais dois dias para imuniza\u00e7\u00e3o contra o sarampo UFPEL","datePublished":"2018-08-30T15:51:31+00:00","dateModified":"2022-09-27T00:14:09+00:00","mainEntityOfPage":{"@id":"https:\/\/wp.ufpel.edu.br\/progep\/2018\/08\/30\/mais-dois-dias-para-imunizacao-contra-o-sarampo-na-ufpel\/"},"wordCount":262,"publisher":{"@id":"https:\/\/wp.ufpel.edu.br\/progep\/#organization"},"image":{"@id":"https:\/\/wp.ufpel.edu.br\/progep\/2018\/08\/30\/mais-dois-dias-para-imunizacao-contra-o-sarampo-na-ufpel\/#primaryimage"},"thumbnailUrl":"https:\/\/wp.ufpel.edu.br\/progep\/files\/2018\/08\/sar-400x152.jpg","articleSection":["Not\u00edcias"],"inLanguage":"pt-BR"},{"@type":"WebPage","@id":"https:\/\/wp.ufpel.edu.br\/progep\/2018\/08\/30\/mais-dois-dias-para-imunizacao-contra-o-sarampo-na-ufpel\/","url":"https:\/\/wp.ufpel.edu.br\/progep\/2018\/08\/30\/mais-dois-dias-para-imunizacao-contra-o-sarampo-na-ufpel\/","name":"ATEN\u00c7\u00c3O! Mais dois dias para imuniza\u00e7\u00e3o contra o sarampo UFPEL - Pr\u00f3-Reitoria de Gest\u00e3o com Pessoas - PROGEP","isPartOf":{"@id":"https:\/\/wp.ufpel.edu.br\/progep\/#website"},"primaryImageOfPage":{"@id":"https:\/\/wp.ufpel.edu.br\/progep\/2018\/08\/30\/mais-dois-dias-para-imunizacao-contra-o-sarampo-na-ufpel\/#primaryimage"},"image":{"@id":"https:\/\/wp.ufpel.edu.br\/progep\/2018\/08\/30\/mais-dois-dias-para-imunizacao-contra-o-sarampo-na-ufpel\/#primaryimage"},"thumbnailUrl":"https:\/\/wp.ufpel.edu.br\/progep\/files\/2018\/08\/sar-400x152.jpg","datePublished":"2018-08-30T15:51:31+00:00","dateModified":"2022-09-27T00:14:09+00:00","breadcrumb":{"@id":"https:\/\/wp.ufpel.edu.br\/progep\/2018\/08\/30\/mais-dois-dias-para-imunizacao-contra-o-sarampo-na-ufpel\/#breadcrumb"},"inLanguage":"pt-BR","potentialAction":[{"@type":"ReadAction","target":["https:\/\/wp.ufpel.edu.br\/progep\/2018\/08\/30\/mais-dois-dias-para-imunizacao-contra-o-sarampo-na-ufpel\/"]}]},{"@type":"ImageObject","inLanguage":"pt-BR","@id":"https:\/\/wp.ufpel.edu.br\/progep\/2018\/08\/30\/mais-dois-dias-para-imunizacao-contra-o-sarampo-na-ufpel\/#primaryimage","url":"https:\/\/wp.ufpel.edu.br\/progep\/files\/2018\/08\/sar.jpg","contentUrl":"https:\/\/wp.ufpel.edu.br\/progep\/files\/2018\/08\/sar.jpg","width":763,"height":289},{"@type":"BreadcrumbList","@id":"https:\/\/wp.ufpel.edu.br\/progep\/2018\/08\/30\/mais-dois-dias-para-imunizacao-contra-o-sarampo-na-ufpel\/#breadcrumb","itemListElement":[{"@type":"ListItem","position":1,"name":"In\u00edcio","item":"https:\/\/wp.ufpel.edu.br\/progep\/"},{"@type":"ListItem","position":2,"name":"ATEN\u00c7\u00c3O! Mais dois dias para imuniza\u00e7\u00e3o contra o sarampo UFPEL"}]},{"@type":"WebSite","@id":"https:\/\/wp.ufpel.edu.br\/progep\/#website","url":"https:\/\/wp.ufpel.edu.br\/progep\/","name":"Pr\u00f3-Reitoria de Gest\u00e3o com Pessoas - PROGEP","description":"Pr\u00f3-Reitoria de Gest\u00e3o com Pessoas","publisher":{"@id":"https:\/\/wp.ufpel.edu.br\/progep\/#organization"},"potentialAction":[{"@type":"SearchAction","target":{"@type":"EntryPoint","urlTemplate":"https:\/\/wp.ufpel.edu.br\/progep\/?s={search_term_string}"},"query-input":{"@type":"PropertyValueSpecification","valueRequired":true,"valueName":"search_term_string"}}],"inLanguage":"pt-BR"},{"@type":"Organization","@id":"https:\/\/wp.ufpel.edu.br\/progep\/#organization","name":"Pr\u00f3-Reitoria de Gest\u00e3o com Pessoas - PROGEP","url":"https:\/\/wp.ufpel.edu.br\/progep\/","logo":{"@type":"ImageObject","inLanguage":"pt-BR","@id":"https:\/\/wp.ufpel.edu.br\/progep\/#\/schema\/logo\/image\/","url":"https:\/\/wp.ufpel.edu.br\/progep\/files\/2025\/03\/logo-progep_atualizacao-nome_AZUL.png","contentUrl":"https:\/\/wp.ufpel.edu.br\/progep\/files\/2025\/03\/logo-progep_atualizacao-nome_AZUL.png","width":1080,"height":391,"caption":"Pr\u00f3-Reitoria de Gest\u00e3o com Pessoas - PROGEP"},"image":{"@id":"https:\/\/wp.ufpel.edu.br\/progep\/#\/schema\/logo\/image\/"}},{"@type":"Person","@id":"https:\/\/wp.ufpel.edu.br\/progep\/#\/schema\/person\/a0c870c5f38c3dd40abe3cbac8509810","name":"csqv","image":{"@type":"ImageObject","inLanguage":"pt-BR","@id":"https:\/\/secure.gravatar.com\/avatar\/fed5431a255225515d7936e6a8d039bdeedd7e8914f1041257a393fb49cc1cac?s=96&d=mm&r=g","url":"https:\/\/secure.gravatar.com\/avatar\/fed5431a255225515d7936e6a8d039bdeedd7e8914f1041257a393fb49cc1cac?s=96&d=mm&r=g","contentUrl":"https:\/\/secure.gravatar.com\/avatar\/fed5431a255225515d7936e6a8d039bdeedd7e8914f1041257a393fb49cc1cac?s=96&d=mm&r=g","caption":"csqv"},"url":"https:\/\/wp.ufpel.edu.br\/progep\/author\/csqv\/"}]}},"jetpack_featured_media_url":"","_links":{"self":[{"href":"https:\/\/wp.ufpel.edu.br\/progep\/wp-json\/wp\/v2\/posts\/12712","targetHints":{"allow":["GET"]}}],"collection":[{"href":"https:\/\/wp.ufpel.edu.br\/progep\/wp-json\/wp\/v2\/posts"}],"about":[{"href":"https:\/\/wp.ufpel.edu.br\/progep\/wp-json\/wp\/v2\/types\/post"}],"author":[{"embeddable":true,"href":"https:\/\/wp.ufpel.edu.br\/progep\/wp-json\/wp\/v2\/users\/246"}],"replies":[{"embeddable":true,"href":"https:\/\/wp.ufpel.edu.br\/progep\/wp-json\/wp\/v2\/comments?post=12712"}],"version-history":[{"count":9,"href":"https:\/\/wp.ufpel.edu.br\/progep\/wp-json\/wp\/v2\/posts\/12712\/revisions"}],"predecessor-version":[{"id":12728,"href":"https:\/\/wp.ufpel.edu.br\/progep\/wp-json\/wp\/v2\/posts\/12712\/revisions\/12728"}],"wp:attachment":[{"href":"https:\/\/wp.ufpel.edu.br\/progep\/wp-json\/wp\/v2\/media?parent=12712"}],"wp:term":[{"taxonomy":"category","embeddable":true,"href":"https:\/\/wp.ufpel.edu.br\/progep\/wp-json\/wp\/v2\/categories?post=12712"},{"taxonomy":"post_tag","embeddable":true,"href":"https:\/\/wp.ufpel.edu.br\/progep\/wp-json\/wp\/v2\/tags?post=12712"}],"curies":[{"name":"wp","href":"https:\/\/api.w.org\/{rel}","templated":true}]}}