{"id":12617,"date":"2018-08-07T14:06:48","date_gmt":"2018-08-07T17:06:48","guid":{"rendered":"https:\/\/wp.ufpel.edu.br\/progep\/?p=12617"},"modified":"2022-09-26T21:15:22","modified_gmt":"2022-09-27T00:15:22","slug":"campanha-de-vacinacao-contra-o-sarampo-na-ufpel","status":"publish","type":"post","link":"https:\/\/wp.ufpel.edu.br\/progep\/2018\/08\/07\/campanha-de-vacinacao-contra-o-sarampo-na-ufpel\/","title":{"rendered":"Campanha de vacina\u00e7\u00e3o contra o sarampo na UFPel"},"content":{"rendered":"<p><img class=\" wp-image-12619 alignleft\" src=\"https:\/\/wp.ufpel.edu.br\/progep\/files\/2018\/08\/sar-400x152.jpg\" alt=\"\" width=\"487\" height=\"185\" srcset=\"https:\/\/wp.ufpel.edu.br\/progep\/files\/2018\/08\/sar-400x152.jpg 400w, https:\/\/wp.ufpel.edu.br\/progep\/files\/2018\/08\/sar.jpg 763w\" sizes=\"(max-width: 487px) 100vw, 487px\" \/><\/p>\n<p>Em virtude do aparecimento de casos de sarampo no Brasil, o Minist\u00e9rio da Sa\u00fade programou uma campanha de vacina\u00e7\u00e3o para o per\u00edodo de 6 a 31 de agosto em todos os Estados do pa\u00eds. A meta do Governo Federal com esta campanha \u00e9 imunizar todas as pessoas de 12 meses a 49 anos de idade, conforme as orienta\u00e7\u00f5es contidas no calend\u00e1rio de vacina\u00e7\u00e3o do Minist\u00e9rio da Sa\u00fade.<\/p>\n<p>Tamb\u00e9m ser\u00e1 inclu\u00edda na campanha a vacina contra a poliomielite, doen\u00e7a erradicada no Brasil, mas ainda presente em alguns pa\u00edses.<\/p>\n<p>O <strong>Sarampo<\/strong> \u00e9 uma doen\u00e7a infecciosa aguda, de natureza viral, grave, transmitido pela fala, tosse e espirro, \u00e9 extremamente contagiosa, mas pode ser prevenida pela vacina. Pode ser contra\u00edda por pessoas de qualquer idade. As complica\u00e7\u00f5es infecciosas contribuem para a gravidade do quadro, principalmente em crian\u00e7as menores de um ano e pessoas desnutridas. Os sintomas mais comuns s\u00e3o irrita\u00e7\u00e3o nos olhos (conjuntivite), coriza, mal estar, manchas brancas na mucosa da bochecha, tosse persistente e manchas vermelhas na pele (exantema). Podem ocorrer febre e convuls\u00f5es, otite (infec\u00e7\u00e3o no ouvido), conjuntivite, pneumonia, perda de apetite e diarreia. Em casos graves pode ocorrer les\u00e3o cerebral e infec\u00e7\u00f5es no enc\u00e9falo. N\u00e3o h\u00e1 tratamento espec\u00edfico para o sarampo, somente al\u00edvio dos sintomas. Atualmente existem surtos de sarampo em Roraima e no Amazonas. Tamb\u00e9m h\u00e1 presen\u00e7a de casos j\u00e1 identificados em s\u00e3o Paulo, Rio Grande do Sul, Roraima e Rio de Janeiro em fun\u00e7\u00e3o da circula\u00e7\u00e3o de pessoas oriundas de zonas end\u00eamicas.<\/p>\n<p>A <strong>poliomielite<\/strong> \u00e9 uma doen\u00e7a causada por um v\u00edrus que vive no intestino, o poliov\u00edrus, e atinge crian\u00e7as com menos de 4 anos de idade , podendo contaminar tamb\u00e9m adultos. Se manifesta com poucos sintomas, semelhantes a infec\u00e7\u00e3o respirat\u00f3rias como febre e dor de garganta e gastrointestinais, n\u00e1useas, v\u00f4mitos e constipa\u00e7\u00e3o. Cerca de 1% dos infectados desenvolve a forma paral\u00edtica da doen\u00e7a, causando sequelas permanentes, insufici\u00eancia respirat\u00f3ria e em alguns casos pode levar a morte. Por isso queremos lembrar aos pais e respons\u00e1veis que levem os pequenos para receber as dose da \u201cgotinha\u201d, que est\u00e1 dispon\u00edvel em todos os postos de sa\u00fade (UBS) do munic\u00edpio.<\/p>\n<p>Na UFPEL \u00a0a CSQV far\u00e1 uma programa\u00e7\u00e3o para imunizar os membros da comunidade universit\u00e1ria, seguindo as orienta\u00e7\u00f5es da Secretaria da Sa\u00fade de Pelotas.<\/p>\n<p>Salientamos que haver\u00e1 disponibiliza\u00e7\u00e3o das vacinas contra o sarampo para jovens e adultos que s\u00e3o o p\u00fablico alvo na institui\u00e7\u00e3o. As pessoas dever\u00e3o trazer consigo a carteira de vacinas e um documento para identifica\u00e7\u00e3o.<\/p>\n<p>A vacina\u00e7\u00e3o \u00e9 importante, fiquem atentos a programa\u00e7\u00e3o que em breve vamos dispor aqui no site da UFPEL.<\/p>\n<p>Enf. Marilene Farinha<\/p>\n<p>Aux.Enf. Liliane Griep<\/p>\n<p>Leia mais sobre o sarampo em:<\/p>\n<p><a href=\"http:\/\/portalms.saude.gov.br\/component\/tags\/tag\/sarampo\">http:\/\/portalms.saude.gov.br\/component\/tags\/tag\/sarampo<\/a><\/p>\n","protected":false},"excerpt":{"rendered":"<p>Em virtude do aparecimento de casos de sarampo no Brasil, o Minist\u00e9rio da Sa\u00fade programou uma campanha de vacina\u00e7\u00e3o para o per\u00edodo de 6 a 31 de agosto em todos os Estados do pa\u00eds. A meta do Governo Federal com esta campanha \u00e9 imunizar todas as pessoas de 12 meses a 49 anos de idade, [&hellip;]<\/p>\n","protected":false},"author":246,"featured_media":0,"comment_status":"closed","ping_status":"closed","sticky":false,"template":"","format":"standard","meta":{"footnotes":""},"categories":[1],"tags":[],"class_list":["post-12617","post","type-post","status-publish","format-standard","hentry","category-noticias"],"yoast_head":"<!-- This site is optimized with the Yoast SEO plugin v28.1 - https:\/\/yoast.com\/product\/yoast-seo-wordpress\/ -->\n<title>Campanha de vacina\u00e7\u00e3o contra o sarampo na UFPel - Pr\u00f3-Reitoria de Gest\u00e3o com Pessoas - PROGEP<\/title>\n<meta name=\"robots\" content=\"index, follow, max-snippet:-1, max-image-preview:large, max-video-preview:-1\" \/>\n<link rel=\"canonical\" href=\"https:\/\/wp.ufpel.edu.br\/progep\/2018\/08\/07\/campanha-de-vacinacao-contra-o-sarampo-na-ufpel\/\" \/>\n<meta property=\"og:locale\" content=\"pt_BR\" \/>\n<meta property=\"og:type\" content=\"article\" \/>\n<meta property=\"og:title\" content=\"Campanha de vacina\u00e7\u00e3o contra o sarampo na UFPel - Pr\u00f3-Reitoria de Gest\u00e3o com Pessoas - PROGEP\" \/>\n<meta property=\"og:description\" content=\"Em virtude do aparecimento de casos de sarampo no Brasil, o Minist\u00e9rio da Sa\u00fade programou uma campanha de vacina\u00e7\u00e3o para o per\u00edodo de 6 a 31 de agosto em todos os Estados do pa\u00eds. A meta do Governo Federal com esta campanha \u00e9 imunizar todas as pessoas de 12 meses a 49 anos de idade, [&hellip;]\" \/>\n<meta property=\"og:url\" content=\"https:\/\/wp.ufpel.edu.br\/progep\/2018\/08\/07\/campanha-de-vacinacao-contra-o-sarampo-na-ufpel\/\" \/>\n<meta property=\"og:site_name\" content=\"Pr\u00f3-Reitoria de Gest\u00e3o com Pessoas - PROGEP\" \/>\n<meta property=\"article:published_time\" content=\"2018-08-07T17:06:48+00:00\" \/>\n<meta property=\"article:modified_time\" content=\"2022-09-27T00:15:22+00:00\" \/>\n<meta property=\"og:image\" content=\"https:\/\/wp.ufpel.edu.br\/progep\/files\/2018\/08\/sar-400x152.jpg\" \/>\n<meta name=\"author\" content=\"csqv\" \/>\n<meta name=\"twitter:card\" content=\"summary_large_image\" \/>\n<meta name=\"twitter:label1\" content=\"Escrito por\" \/>\n\t<meta name=\"twitter:data1\" content=\"csqv\" \/>\n\t<meta name=\"twitter:label2\" content=\"Est. tempo de leitura\" \/>\n\t<meta name=\"twitter:data2\" content=\"2 minutos\" \/>\n<script type=\"application\/ld+json\" class=\"yoast-schema-graph\">{\"@context\":\"https:\\\/\\\/schema.org\",\"@graph\":[{\"@type\":\"Article\",\"@id\":\"https:\\\/\\\/wp.ufpel.edu.br\\\/progep\\\/2018\\\/08\\\/07\\\/campanha-de-vacinacao-contra-o-sarampo-na-ufpel\\\/#article\",\"isPartOf\":{\"@id\":\"https:\\\/\\\/wp.ufpel.edu.br\\\/progep\\\/2018\\\/08\\\/07\\\/campanha-de-vacinacao-contra-o-sarampo-na-ufpel\\\/\"},\"author\":{\"name\":\"csqv\",\"@id\":\"https:\\\/\\\/wp.ufpel.edu.br\\\/progep\\\/#\\\/schema\\\/person\\\/a0c870c5f38c3dd40abe3cbac8509810\"},\"headline\":\"Campanha de vacina\u00e7\u00e3o contra o sarampo na UFPel\",\"datePublished\":\"2018-08-07T17:06:48+00:00\",\"dateModified\":\"2022-09-27T00:15:22+00:00\",\"mainEntityOfPage\":{\"@id\":\"https:\\\/\\\/wp.ufpel.edu.br\\\/progep\\\/2018\\\/08\\\/07\\\/campanha-de-vacinacao-contra-o-sarampo-na-ufpel\\\/\"},\"wordCount\":506,\"publisher\":{\"@id\":\"https:\\\/\\\/wp.ufpel.edu.br\\\/progep\\\/#organization\"},\"image\":{\"@id\":\"https:\\\/\\\/wp.ufpel.edu.br\\\/progep\\\/2018\\\/08\\\/07\\\/campanha-de-vacinacao-contra-o-sarampo-na-ufpel\\\/#primaryimage\"},\"thumbnailUrl\":\"https:\\\/\\\/wp.ufpel.edu.br\\\/progep\\\/files\\\/2018\\\/08\\\/sar-400x152.jpg\",\"articleSection\":[\"Not\u00edcias\"],\"inLanguage\":\"pt-BR\"},{\"@type\":\"WebPage\",\"@id\":\"https:\\\/\\\/wp.ufpel.edu.br\\\/progep\\\/2018\\\/08\\\/07\\\/campanha-de-vacinacao-contra-o-sarampo-na-ufpel\\\/\",\"url\":\"https:\\\/\\\/wp.ufpel.edu.br\\\/progep\\\/2018\\\/08\\\/07\\\/campanha-de-vacinacao-contra-o-sarampo-na-ufpel\\\/\",\"name\":\"Campanha de vacina\u00e7\u00e3o contra o sarampo na UFPel - Pr\u00f3-Reitoria de Gest\u00e3o com Pessoas - PROGEP\",\"isPartOf\":{\"@id\":\"https:\\\/\\\/wp.ufpel.edu.br\\\/progep\\\/#website\"},\"primaryImageOfPage\":{\"@id\":\"https:\\\/\\\/wp.ufpel.edu.br\\\/progep\\\/2018\\\/08\\\/07\\\/campanha-de-vacinacao-contra-o-sarampo-na-ufpel\\\/#primaryimage\"},\"image\":{\"@id\":\"https:\\\/\\\/wp.ufpel.edu.br\\\/progep\\\/2018\\\/08\\\/07\\\/campanha-de-vacinacao-contra-o-sarampo-na-ufpel\\\/#primaryimage\"},\"thumbnailUrl\":\"https:\\\/\\\/wp.ufpel.edu.br\\\/progep\\\/files\\\/2018\\\/08\\\/sar-400x152.jpg\",\"datePublished\":\"2018-08-07T17:06:48+00:00\",\"dateModified\":\"2022-09-27T00:15:22+00:00\",\"breadcrumb\":{\"@id\":\"https:\\\/\\\/wp.ufpel.edu.br\\\/progep\\\/2018\\\/08\\\/07\\\/campanha-de-vacinacao-contra-o-sarampo-na-ufpel\\\/#breadcrumb\"},\"inLanguage\":\"pt-BR\",\"potentialAction\":[{\"@type\":\"ReadAction\",\"target\":[\"https:\\\/\\\/wp.ufpel.edu.br\\\/progep\\\/2018\\\/08\\\/07\\\/campanha-de-vacinacao-contra-o-sarampo-na-ufpel\\\/\"]}]},{\"@type\":\"ImageObject\",\"inLanguage\":\"pt-BR\",\"@id\":\"https:\\\/\\\/wp.ufpel.edu.br\\\/progep\\\/2018\\\/08\\\/07\\\/campanha-de-vacinacao-contra-o-sarampo-na-ufpel\\\/#primaryimage\",\"url\":\"https:\\\/\\\/wp.ufpel.edu.br\\\/progep\\\/files\\\/2018\\\/08\\\/sar.jpg\",\"contentUrl\":\"https:\\\/\\\/wp.ufpel.edu.br\\\/progep\\\/files\\\/2018\\\/08\\\/sar.jpg\",\"width\":763,\"height\":289},{\"@type\":\"BreadcrumbList\",\"@id\":\"https:\\\/\\\/wp.ufpel.edu.br\\\/progep\\\/2018\\\/08\\\/07\\\/campanha-de-vacinacao-contra-o-sarampo-na-ufpel\\\/#breadcrumb\",\"itemListElement\":[{\"@type\":\"ListItem\",\"position\":1,\"name\":\"In\u00edcio\",\"item\":\"https:\\\/\\\/wp.ufpel.edu.br\\\/progep\\\/\"},{\"@type\":\"ListItem\",\"position\":2,\"name\":\"Campanha de vacina\u00e7\u00e3o contra o sarampo na UFPel\"}]},{\"@type\":\"WebSite\",\"@id\":\"https:\\\/\\\/wp.ufpel.edu.br\\\/progep\\\/#website\",\"url\":\"https:\\\/\\\/wp.ufpel.edu.br\\\/progep\\\/\",\"name\":\"Pr\u00f3-Reitoria de Gest\u00e3o com Pessoas - PROGEP\",\"description\":\"Pr\u00f3-Reitoria de Gest\u00e3o com Pessoas\",\"publisher\":{\"@id\":\"https:\\\/\\\/wp.ufpel.edu.br\\\/progep\\\/#organization\"},\"potentialAction\":[{\"@type\":\"SearchAction\",\"target\":{\"@type\":\"EntryPoint\",\"urlTemplate\":\"https:\\\/\\\/wp.ufpel.edu.br\\\/progep\\\/?s={search_term_string}\"},\"query-input\":{\"@type\":\"PropertyValueSpecification\",\"valueRequired\":true,\"valueName\":\"search_term_string\"}}],\"inLanguage\":\"pt-BR\"},{\"@type\":\"Organization\",\"@id\":\"https:\\\/\\\/wp.ufpel.edu.br\\\/progep\\\/#organization\",\"name\":\"Pr\u00f3-Reitoria de Gest\u00e3o com Pessoas - PROGEP\",\"url\":\"https:\\\/\\\/wp.ufpel.edu.br\\\/progep\\\/\",\"logo\":{\"@type\":\"ImageObject\",\"inLanguage\":\"pt-BR\",\"@id\":\"https:\\\/\\\/wp.ufpel.edu.br\\\/progep\\\/#\\\/schema\\\/logo\\\/image\\\/\",\"url\":\"https:\\\/\\\/wp.ufpel.edu.br\\\/progep\\\/files\\\/2025\\\/03\\\/logo-progep_atualizacao-nome_AZUL.png\",\"contentUrl\":\"https:\\\/\\\/wp.ufpel.edu.br\\\/progep\\\/files\\\/2025\\\/03\\\/logo-progep_atualizacao-nome_AZUL.png\",\"width\":1080,\"height\":391,\"caption\":\"Pr\u00f3-Reitoria de Gest\u00e3o com Pessoas - PROGEP\"},\"image\":{\"@id\":\"https:\\\/\\\/wp.ufpel.edu.br\\\/progep\\\/#\\\/schema\\\/logo\\\/image\\\/\"}},{\"@type\":\"Person\",\"@id\":\"https:\\\/\\\/wp.ufpel.edu.br\\\/progep\\\/#\\\/schema\\\/person\\\/a0c870c5f38c3dd40abe3cbac8509810\",\"name\":\"csqv\",\"image\":{\"@type\":\"ImageObject\",\"inLanguage\":\"pt-BR\",\"@id\":\"https:\\\/\\\/secure.gravatar.com\\\/avatar\\\/fed5431a255225515d7936e6a8d039bdeedd7e8914f1041257a393fb49cc1cac?s=96&d=mm&r=g\",\"url\":\"https:\\\/\\\/secure.gravatar.com\\\/avatar\\\/fed5431a255225515d7936e6a8d039bdeedd7e8914f1041257a393fb49cc1cac?s=96&d=mm&r=g\",\"contentUrl\":\"https:\\\/\\\/secure.gravatar.com\\\/avatar\\\/fed5431a255225515d7936e6a8d039bdeedd7e8914f1041257a393fb49cc1cac?s=96&d=mm&r=g\",\"caption\":\"csqv\"},\"url\":\"https:\\\/\\\/wp.ufpel.edu.br\\\/progep\\\/author\\\/csqv\\\/\"}]}<\/script>\n<!-- \/ Yoast SEO plugin. -->","yoast_head_json":{"title":"Campanha de vacina\u00e7\u00e3o contra o sarampo na UFPel - Pr\u00f3-Reitoria de Gest\u00e3o com Pessoas - PROGEP","robots":{"index":"index","follow":"follow","max-snippet":"max-snippet:-1","max-image-preview":"max-image-preview:large","max-video-preview":"max-video-preview:-1"},"canonical":"https:\/\/wp.ufpel.edu.br\/progep\/2018\/08\/07\/campanha-de-vacinacao-contra-o-sarampo-na-ufpel\/","og_locale":"pt_BR","og_type":"article","og_title":"Campanha de vacina\u00e7\u00e3o contra o sarampo na UFPel - Pr\u00f3-Reitoria de Gest\u00e3o com Pessoas - PROGEP","og_description":"Em virtude do aparecimento de casos de sarampo no Brasil, o Minist\u00e9rio da Sa\u00fade programou uma campanha de vacina\u00e7\u00e3o para o per\u00edodo de 6 a 31 de agosto em todos os Estados do pa\u00eds. A meta do Governo Federal com esta campanha \u00e9 imunizar todas as pessoas de 12 meses a 49 anos de idade, [&hellip;]","og_url":"https:\/\/wp.ufpel.edu.br\/progep\/2018\/08\/07\/campanha-de-vacinacao-contra-o-sarampo-na-ufpel\/","og_site_name":"Pr\u00f3-Reitoria de Gest\u00e3o com Pessoas - PROGEP","article_published_time":"2018-08-07T17:06:48+00:00","article_modified_time":"2022-09-27T00:15:22+00:00","og_image":[{"url":"https:\/\/wp.ufpel.edu.br\/progep\/files\/2018\/08\/sar-400x152.jpg","type":"","width":"","height":""}],"author":"csqv","twitter_card":"summary_large_image","twitter_misc":{"Escrito por":"csqv","Est. tempo de leitura":"2 minutos"},"schema":{"@context":"https:\/\/schema.org","@graph":[{"@type":"Article","@id":"https:\/\/wp.ufpel.edu.br\/progep\/2018\/08\/07\/campanha-de-vacinacao-contra-o-sarampo-na-ufpel\/#article","isPartOf":{"@id":"https:\/\/wp.ufpel.edu.br\/progep\/2018\/08\/07\/campanha-de-vacinacao-contra-o-sarampo-na-ufpel\/"},"author":{"name":"csqv","@id":"https:\/\/wp.ufpel.edu.br\/progep\/#\/schema\/person\/a0c870c5f38c3dd40abe3cbac8509810"},"headline":"Campanha de vacina\u00e7\u00e3o contra o sarampo na UFPel","datePublished":"2018-08-07T17:06:48+00:00","dateModified":"2022-09-27T00:15:22+00:00","mainEntityOfPage":{"@id":"https:\/\/wp.ufpel.edu.br\/progep\/2018\/08\/07\/campanha-de-vacinacao-contra-o-sarampo-na-ufpel\/"},"wordCount":506,"publisher":{"@id":"https:\/\/wp.ufpel.edu.br\/progep\/#organization"},"image":{"@id":"https:\/\/wp.ufpel.edu.br\/progep\/2018\/08\/07\/campanha-de-vacinacao-contra-o-sarampo-na-ufpel\/#primaryimage"},"thumbnailUrl":"https:\/\/wp.ufpel.edu.br\/progep\/files\/2018\/08\/sar-400x152.jpg","articleSection":["Not\u00edcias"],"inLanguage":"pt-BR"},{"@type":"WebPage","@id":"https:\/\/wp.ufpel.edu.br\/progep\/2018\/08\/07\/campanha-de-vacinacao-contra-o-sarampo-na-ufpel\/","url":"https:\/\/wp.ufpel.edu.br\/progep\/2018\/08\/07\/campanha-de-vacinacao-contra-o-sarampo-na-ufpel\/","name":"Campanha de vacina\u00e7\u00e3o contra o sarampo na UFPel - Pr\u00f3-Reitoria de Gest\u00e3o com Pessoas - PROGEP","isPartOf":{"@id":"https:\/\/wp.ufpel.edu.br\/progep\/#website"},"primaryImageOfPage":{"@id":"https:\/\/wp.ufpel.edu.br\/progep\/2018\/08\/07\/campanha-de-vacinacao-contra-o-sarampo-na-ufpel\/#primaryimage"},"image":{"@id":"https:\/\/wp.ufpel.edu.br\/progep\/2018\/08\/07\/campanha-de-vacinacao-contra-o-sarampo-na-ufpel\/#primaryimage"},"thumbnailUrl":"https:\/\/wp.ufpel.edu.br\/progep\/files\/2018\/08\/sar-400x152.jpg","datePublished":"2018-08-07T17:06:48+00:00","dateModified":"2022-09-27T00:15:22+00:00","breadcrumb":{"@id":"https:\/\/wp.ufpel.edu.br\/progep\/2018\/08\/07\/campanha-de-vacinacao-contra-o-sarampo-na-ufpel\/#breadcrumb"},"inLanguage":"pt-BR","potentialAction":[{"@type":"ReadAction","target":["https:\/\/wp.ufpel.edu.br\/progep\/2018\/08\/07\/campanha-de-vacinacao-contra-o-sarampo-na-ufpel\/"]}]},{"@type":"ImageObject","inLanguage":"pt-BR","@id":"https:\/\/wp.ufpel.edu.br\/progep\/2018\/08\/07\/campanha-de-vacinacao-contra-o-sarampo-na-ufpel\/#primaryimage","url":"https:\/\/wp.ufpel.edu.br\/progep\/files\/2018\/08\/sar.jpg","contentUrl":"https:\/\/wp.ufpel.edu.br\/progep\/files\/2018\/08\/sar.jpg","width":763,"height":289},{"@type":"BreadcrumbList","@id":"https:\/\/wp.ufpel.edu.br\/progep\/2018\/08\/07\/campanha-de-vacinacao-contra-o-sarampo-na-ufpel\/#breadcrumb","itemListElement":[{"@type":"ListItem","position":1,"name":"In\u00edcio","item":"https:\/\/wp.ufpel.edu.br\/progep\/"},{"@type":"ListItem","position":2,"name":"Campanha de vacina\u00e7\u00e3o contra o sarampo na UFPel"}]},{"@type":"WebSite","@id":"https:\/\/wp.ufpel.edu.br\/progep\/#website","url":"https:\/\/wp.ufpel.edu.br\/progep\/","name":"Pr\u00f3-Reitoria de Gest\u00e3o com Pessoas - PROGEP","description":"Pr\u00f3-Reitoria de Gest\u00e3o com Pessoas","publisher":{"@id":"https:\/\/wp.ufpel.edu.br\/progep\/#organization"},"potentialAction":[{"@type":"SearchAction","target":{"@type":"EntryPoint","urlTemplate":"https:\/\/wp.ufpel.edu.br\/progep\/?s={search_term_string}"},"query-input":{"@type":"PropertyValueSpecification","valueRequired":true,"valueName":"search_term_string"}}],"inLanguage":"pt-BR"},{"@type":"Organization","@id":"https:\/\/wp.ufpel.edu.br\/progep\/#organization","name":"Pr\u00f3-Reitoria de Gest\u00e3o com Pessoas - PROGEP","url":"https:\/\/wp.ufpel.edu.br\/progep\/","logo":{"@type":"ImageObject","inLanguage":"pt-BR","@id":"https:\/\/wp.ufpel.edu.br\/progep\/#\/schema\/logo\/image\/","url":"https:\/\/wp.ufpel.edu.br\/progep\/files\/2025\/03\/logo-progep_atualizacao-nome_AZUL.png","contentUrl":"https:\/\/wp.ufpel.edu.br\/progep\/files\/2025\/03\/logo-progep_atualizacao-nome_AZUL.png","width":1080,"height":391,"caption":"Pr\u00f3-Reitoria de Gest\u00e3o com Pessoas - PROGEP"},"image":{"@id":"https:\/\/wp.ufpel.edu.br\/progep\/#\/schema\/logo\/image\/"}},{"@type":"Person","@id":"https:\/\/wp.ufpel.edu.br\/progep\/#\/schema\/person\/a0c870c5f38c3dd40abe3cbac8509810","name":"csqv","image":{"@type":"ImageObject","inLanguage":"pt-BR","@id":"https:\/\/secure.gravatar.com\/avatar\/fed5431a255225515d7936e6a8d039bdeedd7e8914f1041257a393fb49cc1cac?s=96&d=mm&r=g","url":"https:\/\/secure.gravatar.com\/avatar\/fed5431a255225515d7936e6a8d039bdeedd7e8914f1041257a393fb49cc1cac?s=96&d=mm&r=g","contentUrl":"https:\/\/secure.gravatar.com\/avatar\/fed5431a255225515d7936e6a8d039bdeedd7e8914f1041257a393fb49cc1cac?s=96&d=mm&r=g","caption":"csqv"},"url":"https:\/\/wp.ufpel.edu.br\/progep\/author\/csqv\/"}]}},"jetpack_featured_media_url":"","_links":{"self":[{"href":"https:\/\/wp.ufpel.edu.br\/progep\/wp-json\/wp\/v2\/posts\/12617","targetHints":{"allow":["GET"]}}],"collection":[{"href":"https:\/\/wp.ufpel.edu.br\/progep\/wp-json\/wp\/v2\/posts"}],"about":[{"href":"https:\/\/wp.ufpel.edu.br\/progep\/wp-json\/wp\/v2\/types\/post"}],"author":[{"embeddable":true,"href":"https:\/\/wp.ufpel.edu.br\/progep\/wp-json\/wp\/v2\/users\/246"}],"replies":[{"embeddable":true,"href":"https:\/\/wp.ufpel.edu.br\/progep\/wp-json\/wp\/v2\/comments?post=12617"}],"version-history":[{"count":1,"href":"https:\/\/wp.ufpel.edu.br\/progep\/wp-json\/wp\/v2\/posts\/12617\/revisions"}],"predecessor-version":[{"id":12620,"href":"https:\/\/wp.ufpel.edu.br\/progep\/wp-json\/wp\/v2\/posts\/12617\/revisions\/12620"}],"wp:attachment":[{"href":"https:\/\/wp.ufpel.edu.br\/progep\/wp-json\/wp\/v2\/media?parent=12617"}],"wp:term":[{"taxonomy":"category","embeddable":true,"href":"https:\/\/wp.ufpel.edu.br\/progep\/wp-json\/wp\/v2\/categories?post=12617"},{"taxonomy":"post_tag","embeddable":true,"href":"https:\/\/wp.ufpel.edu.br\/progep\/wp-json\/wp\/v2\/tags?post=12617"}],"curies":[{"name":"wp","href":"https:\/\/api.w.org\/{rel}","templated":true}]}}