{"id":12593,"date":"2018-07-31T09:55:34","date_gmt":"2018-07-31T12:55:34","guid":{"rendered":"https:\/\/wp.ufpel.edu.br\/progep\/?p=12593"},"modified":"2018-07-31T09:55:34","modified_gmt":"2018-07-31T12:55:34","slug":"capacitacao-em-libras-contribuindo-para-a-inclusao","status":"publish","type":"post","link":"https:\/\/wp.ufpel.edu.br\/progep\/2018\/07\/31\/capacitacao-em-libras-contribuindo-para-a-inclusao\/","title":{"rendered":"Capacita\u00e7\u00e3o em Libras: contribuindo para a inclus\u00e3o"},"content":{"rendered":"<p>De 23 de abril a 30 de julho, aconteceu na UFPel a capacita\u00e7\u00e3o INTRODU\u00c7\u00c3O \u00c0 LIBRAS, com carga hor\u00e1ria de 60 horas, ministrado pelas Int\u00e9rpretes em Libras Crisiane de Freitas Soares e Daiana San Martins Goulart, contando com a participa\u00e7\u00e3o de servidores das diversas unidades da Universidade. Esse projeto, que faz parte do Plano Anual de Capacita\u00e7\u00e3o 2018, elaborado pela Coordena\u00e7\u00e3o de Desenvolvimento de Pessoal &#8211; CDP\/PROGEP,\u00a0focaliza a comunica\u00e7\u00e3o dos ouvintes com as pessoas surdas que acessam diferentes espa\u00e7os da Institui\u00e7\u00e3o, com o intuito de diminuir as barreiras na comunica\u00e7\u00e3o. Dessa forma, a CDP busca contribuir para a acessibilidade lingu\u00edstica das pessoas surdas por meio de um atendimento que contemple a l\u00edngua de sinais.<\/p>\n<div id=\"attachment_12594\" style=\"width: 1290px\" class=\"wp-caption aligncenter\"><img aria-describedby=\"caption-attachment-12594\" class=\"size-full wp-image-12594\" src=\"https:\/\/wp.ufpel.edu.br\/progep\/files\/2018\/07\/Curso-Libras.jpg\" alt=\"\" width=\"1280\" height=\"719\" srcset=\"https:\/\/wp.ufpel.edu.br\/progep\/files\/2018\/07\/Curso-Libras.jpg 1280w, https:\/\/wp.ufpel.edu.br\/progep\/files\/2018\/07\/Curso-Libras-400x225.jpg 400w, https:\/\/wp.ufpel.edu.br\/progep\/files\/2018\/07\/Curso-Libras-768x431.jpg 768w, https:\/\/wp.ufpel.edu.br\/progep\/files\/2018\/07\/Curso-Libras-1024x575.jpg 1024w\" sizes=\"(max-width: 1280px) 100vw, 1280px\" \/><p id=\"caption-attachment-12594\" class=\"wp-caption-text\">Curso Introdu\u00e7\u00e3o \u00e0 Libras, encerrado em 30\/07\/2018<\/p><\/div>\n<p class=\"Texto_Justificado\" dir=\"ltr\">\n<p>&nbsp;<\/p>\n","protected":false},"excerpt":{"rendered":"<p>De 23 de abril a 30 de julho, aconteceu na UFPel a capacita\u00e7\u00e3o INTRODU\u00c7\u00c3O \u00c0 LIBRAS, com carga hor\u00e1ria de 60 horas, ministrado pelas Int\u00e9rpretes em Libras Crisiane de Freitas Soares e Daiana San Martins Goulart, contando com a participa\u00e7\u00e3o de servidores das diversas unidades da Universidade. Esse projeto, que faz parte do Plano Anual [&hellip;]<\/p>\n","protected":false},"author":21,"featured_media":0,"comment_status":"closed","ping_status":"closed","sticky":false,"template":"","format":"standard","meta":{"footnotes":""},"categories":[1],"tags":[],"class_list":["post-12593","post","type-post","status-publish","format-standard","hentry","category-noticias"],"yoast_head":"<!-- This site is optimized with the Yoast SEO plugin v28.1 - https:\/\/yoast.com\/product\/yoast-seo-wordpress\/ -->\n<title>Capacita\u00e7\u00e3o em Libras: contribuindo para a inclus\u00e3o - Pr\u00f3-Reitoria de Gest\u00e3o com Pessoas - PROGEP<\/title>\n<meta name=\"robots\" content=\"index, follow, max-snippet:-1, max-image-preview:large, max-video-preview:-1\" \/>\n<link rel=\"canonical\" href=\"https:\/\/wp.ufpel.edu.br\/progep\/2018\/07\/31\/capacitacao-em-libras-contribuindo-para-a-inclusao\/\" \/>\n<meta property=\"og:locale\" content=\"pt_BR\" \/>\n<meta property=\"og:type\" content=\"article\" \/>\n<meta property=\"og:title\" content=\"Capacita\u00e7\u00e3o em Libras: contribuindo para a inclus\u00e3o - Pr\u00f3-Reitoria de Gest\u00e3o com Pessoas - PROGEP\" \/>\n<meta property=\"og:description\" content=\"De 23 de abril a 30 de julho, aconteceu na UFPel a capacita\u00e7\u00e3o INTRODU\u00c7\u00c3O \u00c0 LIBRAS, com carga hor\u00e1ria de 60 horas, ministrado pelas Int\u00e9rpretes em Libras Crisiane de Freitas Soares e Daiana San Martins Goulart, contando com a participa\u00e7\u00e3o de servidores das diversas unidades da Universidade. Esse projeto, que faz parte do Plano Anual [&hellip;]\" \/>\n<meta property=\"og:url\" content=\"https:\/\/wp.ufpel.edu.br\/progep\/2018\/07\/31\/capacitacao-em-libras-contribuindo-para-a-inclusao\/\" \/>\n<meta property=\"og:site_name\" content=\"Pr\u00f3-Reitoria de Gest\u00e3o com Pessoas - PROGEP\" \/>\n<meta property=\"article:published_time\" content=\"2018-07-31T12:55:34+00:00\" \/>\n<meta property=\"og:image\" content=\"https:\/\/wp.ufpel.edu.br\/progep\/files\/2018\/07\/Curso-Libras.jpg\" \/>\n<meta name=\"author\" content=\"cdp\" \/>\n<meta name=\"twitter:card\" content=\"summary_large_image\" \/>\n<meta name=\"twitter:label1\" content=\"Escrito por\" \/>\n\t<meta name=\"twitter:data1\" content=\"cdp\" \/>\n\t<meta name=\"twitter:label2\" content=\"Est. tempo de leitura\" \/>\n\t<meta name=\"twitter:data2\" content=\"1 minuto\" \/>\n<script type=\"application\/ld+json\" class=\"yoast-schema-graph\">{\"@context\":\"https:\\\/\\\/schema.org\",\"@graph\":[{\"@type\":\"Article\",\"@id\":\"https:\\\/\\\/wp.ufpel.edu.br\\\/progep\\\/2018\\\/07\\\/31\\\/capacitacao-em-libras-contribuindo-para-a-inclusao\\\/#article\",\"isPartOf\":{\"@id\":\"https:\\\/\\\/wp.ufpel.edu.br\\\/progep\\\/2018\\\/07\\\/31\\\/capacitacao-em-libras-contribuindo-para-a-inclusao\\\/\"},\"author\":{\"name\":\"cdp\",\"@id\":\"https:\\\/\\\/wp.ufpel.edu.br\\\/progep\\\/#\\\/schema\\\/person\\\/315e74eabd6db6c24f6679afc7f23ee8\"},\"headline\":\"Capacita\u00e7\u00e3o em Libras: contribuindo para a inclus\u00e3o\",\"datePublished\":\"2018-07-31T12:55:34+00:00\",\"mainEntityOfPage\":{\"@id\":\"https:\\\/\\\/wp.ufpel.edu.br\\\/progep\\\/2018\\\/07\\\/31\\\/capacitacao-em-libras-contribuindo-para-a-inclusao\\\/\"},\"wordCount\":147,\"publisher\":{\"@id\":\"https:\\\/\\\/wp.ufpel.edu.br\\\/progep\\\/#organization\"},\"image\":{\"@id\":\"https:\\\/\\\/wp.ufpel.edu.br\\\/progep\\\/2018\\\/07\\\/31\\\/capacitacao-em-libras-contribuindo-para-a-inclusao\\\/#primaryimage\"},\"thumbnailUrl\":\"https:\\\/\\\/wp.ufpel.edu.br\\\/progep\\\/files\\\/2018\\\/07\\\/Curso-Libras.jpg\",\"articleSection\":[\"Not\u00edcias\"],\"inLanguage\":\"pt-BR\"},{\"@type\":\"WebPage\",\"@id\":\"https:\\\/\\\/wp.ufpel.edu.br\\\/progep\\\/2018\\\/07\\\/31\\\/capacitacao-em-libras-contribuindo-para-a-inclusao\\\/\",\"url\":\"https:\\\/\\\/wp.ufpel.edu.br\\\/progep\\\/2018\\\/07\\\/31\\\/capacitacao-em-libras-contribuindo-para-a-inclusao\\\/\",\"name\":\"Capacita\u00e7\u00e3o em Libras: contribuindo para a inclus\u00e3o - Pr\u00f3-Reitoria de Gest\u00e3o com Pessoas - PROGEP\",\"isPartOf\":{\"@id\":\"https:\\\/\\\/wp.ufpel.edu.br\\\/progep\\\/#website\"},\"primaryImageOfPage\":{\"@id\":\"https:\\\/\\\/wp.ufpel.edu.br\\\/progep\\\/2018\\\/07\\\/31\\\/capacitacao-em-libras-contribuindo-para-a-inclusao\\\/#primaryimage\"},\"image\":{\"@id\":\"https:\\\/\\\/wp.ufpel.edu.br\\\/progep\\\/2018\\\/07\\\/31\\\/capacitacao-em-libras-contribuindo-para-a-inclusao\\\/#primaryimage\"},\"thumbnailUrl\":\"https:\\\/\\\/wp.ufpel.edu.br\\\/progep\\\/files\\\/2018\\\/07\\\/Curso-Libras.jpg\",\"datePublished\":\"2018-07-31T12:55:34+00:00\",\"breadcrumb\":{\"@id\":\"https:\\\/\\\/wp.ufpel.edu.br\\\/progep\\\/2018\\\/07\\\/31\\\/capacitacao-em-libras-contribuindo-para-a-inclusao\\\/#breadcrumb\"},\"inLanguage\":\"pt-BR\",\"potentialAction\":[{\"@type\":\"ReadAction\",\"target\":[\"https:\\\/\\\/wp.ufpel.edu.br\\\/progep\\\/2018\\\/07\\\/31\\\/capacitacao-em-libras-contribuindo-para-a-inclusao\\\/\"]}]},{\"@type\":\"ImageObject\",\"inLanguage\":\"pt-BR\",\"@id\":\"https:\\\/\\\/wp.ufpel.edu.br\\\/progep\\\/2018\\\/07\\\/31\\\/capacitacao-em-libras-contribuindo-para-a-inclusao\\\/#primaryimage\",\"url\":\"https:\\\/\\\/wp.ufpel.edu.br\\\/progep\\\/files\\\/2018\\\/07\\\/Curso-Libras.jpg\",\"contentUrl\":\"https:\\\/\\\/wp.ufpel.edu.br\\\/progep\\\/files\\\/2018\\\/07\\\/Curso-Libras.jpg\",\"width\":1280,\"height\":719,\"caption\":\"Curso Introdu\u00e7\u00e3o \u00e0 Libras, encerrado em 30\\\/07\\\/2018\"},{\"@type\":\"BreadcrumbList\",\"@id\":\"https:\\\/\\\/wp.ufpel.edu.br\\\/progep\\\/2018\\\/07\\\/31\\\/capacitacao-em-libras-contribuindo-para-a-inclusao\\\/#breadcrumb\",\"itemListElement\":[{\"@type\":\"ListItem\",\"position\":1,\"name\":\"In\u00edcio\",\"item\":\"https:\\\/\\\/wp.ufpel.edu.br\\\/progep\\\/\"},{\"@type\":\"ListItem\",\"position\":2,\"name\":\"Capacita\u00e7\u00e3o em Libras: contribuindo para a inclus\u00e3o\"}]},{\"@type\":\"WebSite\",\"@id\":\"https:\\\/\\\/wp.ufpel.edu.br\\\/progep\\\/#website\",\"url\":\"https:\\\/\\\/wp.ufpel.edu.br\\\/progep\\\/\",\"name\":\"Pr\u00f3-Reitoria de Gest\u00e3o com Pessoas - PROGEP\",\"description\":\"Pr\u00f3-Reitoria de Gest\u00e3o com Pessoas\",\"publisher\":{\"@id\":\"https:\\\/\\\/wp.ufpel.edu.br\\\/progep\\\/#organization\"},\"potentialAction\":[{\"@type\":\"SearchAction\",\"target\":{\"@type\":\"EntryPoint\",\"urlTemplate\":\"https:\\\/\\\/wp.ufpel.edu.br\\\/progep\\\/?s={search_term_string}\"},\"query-input\":{\"@type\":\"PropertyValueSpecification\",\"valueRequired\":true,\"valueName\":\"search_term_string\"}}],\"inLanguage\":\"pt-BR\"},{\"@type\":\"Organization\",\"@id\":\"https:\\\/\\\/wp.ufpel.edu.br\\\/progep\\\/#organization\",\"name\":\"Pr\u00f3-Reitoria de Gest\u00e3o com Pessoas - PROGEP\",\"url\":\"https:\\\/\\\/wp.ufpel.edu.br\\\/progep\\\/\",\"logo\":{\"@type\":\"ImageObject\",\"inLanguage\":\"pt-BR\",\"@id\":\"https:\\\/\\\/wp.ufpel.edu.br\\\/progep\\\/#\\\/schema\\\/logo\\\/image\\\/\",\"url\":\"https:\\\/\\\/wp.ufpel.edu.br\\\/progep\\\/files\\\/2025\\\/03\\\/logo-progep_atualizacao-nome_AZUL.png\",\"contentUrl\":\"https:\\\/\\\/wp.ufpel.edu.br\\\/progep\\\/files\\\/2025\\\/03\\\/logo-progep_atualizacao-nome_AZUL.png\",\"width\":1080,\"height\":391,\"caption\":\"Pr\u00f3-Reitoria de Gest\u00e3o com Pessoas - PROGEP\"},\"image\":{\"@id\":\"https:\\\/\\\/wp.ufpel.edu.br\\\/progep\\\/#\\\/schema\\\/logo\\\/image\\\/\"}},{\"@type\":\"Person\",\"@id\":\"https:\\\/\\\/wp.ufpel.edu.br\\\/progep\\\/#\\\/schema\\\/person\\\/315e74eabd6db6c24f6679afc7f23ee8\",\"name\":\"cdp\",\"image\":{\"@type\":\"ImageObject\",\"inLanguage\":\"pt-BR\",\"@id\":\"https:\\\/\\\/secure.gravatar.com\\\/avatar\\\/d1c707b216da068db2349cbc09d8ef378ef232ab888014f26c0b341e93034497?s=96&d=mm&r=g\",\"url\":\"https:\\\/\\\/secure.gravatar.com\\\/avatar\\\/d1c707b216da068db2349cbc09d8ef378ef232ab888014f26c0b341e93034497?s=96&d=mm&r=g\",\"contentUrl\":\"https:\\\/\\\/secure.gravatar.com\\\/avatar\\\/d1c707b216da068db2349cbc09d8ef378ef232ab888014f26c0b341e93034497?s=96&d=mm&r=g\",\"caption\":\"cdp\"},\"url\":\"https:\\\/\\\/wp.ufpel.edu.br\\\/progep\\\/author\\\/dpdp\\\/\"}]}<\/script>\n<!-- \/ Yoast SEO plugin. -->","yoast_head_json":{"title":"Capacita\u00e7\u00e3o em Libras: contribuindo para a inclus\u00e3o - Pr\u00f3-Reitoria de Gest\u00e3o com Pessoas - PROGEP","robots":{"index":"index","follow":"follow","max-snippet":"max-snippet:-1","max-image-preview":"max-image-preview:large","max-video-preview":"max-video-preview:-1"},"canonical":"https:\/\/wp.ufpel.edu.br\/progep\/2018\/07\/31\/capacitacao-em-libras-contribuindo-para-a-inclusao\/","og_locale":"pt_BR","og_type":"article","og_title":"Capacita\u00e7\u00e3o em Libras: contribuindo para a inclus\u00e3o - Pr\u00f3-Reitoria de Gest\u00e3o com Pessoas - PROGEP","og_description":"De 23 de abril a 30 de julho, aconteceu na UFPel a capacita\u00e7\u00e3o INTRODU\u00c7\u00c3O \u00c0 LIBRAS, com carga hor\u00e1ria de 60 horas, ministrado pelas Int\u00e9rpretes em Libras Crisiane de Freitas Soares e Daiana San Martins Goulart, contando com a participa\u00e7\u00e3o de servidores das diversas unidades da Universidade. Esse projeto, que faz parte do Plano Anual [&hellip;]","og_url":"https:\/\/wp.ufpel.edu.br\/progep\/2018\/07\/31\/capacitacao-em-libras-contribuindo-para-a-inclusao\/","og_site_name":"Pr\u00f3-Reitoria de Gest\u00e3o com Pessoas - PROGEP","article_published_time":"2018-07-31T12:55:34+00:00","og_image":[{"url":"https:\/\/wp.ufpel.edu.br\/progep\/files\/2018\/07\/Curso-Libras.jpg","type":"","width":"","height":""}],"author":"cdp","twitter_card":"summary_large_image","twitter_misc":{"Escrito por":"cdp","Est. tempo de leitura":"1 minuto"},"schema":{"@context":"https:\/\/schema.org","@graph":[{"@type":"Article","@id":"https:\/\/wp.ufpel.edu.br\/progep\/2018\/07\/31\/capacitacao-em-libras-contribuindo-para-a-inclusao\/#article","isPartOf":{"@id":"https:\/\/wp.ufpel.edu.br\/progep\/2018\/07\/31\/capacitacao-em-libras-contribuindo-para-a-inclusao\/"},"author":{"name":"cdp","@id":"https:\/\/wp.ufpel.edu.br\/progep\/#\/schema\/person\/315e74eabd6db6c24f6679afc7f23ee8"},"headline":"Capacita\u00e7\u00e3o em Libras: contribuindo para a inclus\u00e3o","datePublished":"2018-07-31T12:55:34+00:00","mainEntityOfPage":{"@id":"https:\/\/wp.ufpel.edu.br\/progep\/2018\/07\/31\/capacitacao-em-libras-contribuindo-para-a-inclusao\/"},"wordCount":147,"publisher":{"@id":"https:\/\/wp.ufpel.edu.br\/progep\/#organization"},"image":{"@id":"https:\/\/wp.ufpel.edu.br\/progep\/2018\/07\/31\/capacitacao-em-libras-contribuindo-para-a-inclusao\/#primaryimage"},"thumbnailUrl":"https:\/\/wp.ufpel.edu.br\/progep\/files\/2018\/07\/Curso-Libras.jpg","articleSection":["Not\u00edcias"],"inLanguage":"pt-BR"},{"@type":"WebPage","@id":"https:\/\/wp.ufpel.edu.br\/progep\/2018\/07\/31\/capacitacao-em-libras-contribuindo-para-a-inclusao\/","url":"https:\/\/wp.ufpel.edu.br\/progep\/2018\/07\/31\/capacitacao-em-libras-contribuindo-para-a-inclusao\/","name":"Capacita\u00e7\u00e3o em Libras: contribuindo para a inclus\u00e3o - Pr\u00f3-Reitoria de Gest\u00e3o com Pessoas - PROGEP","isPartOf":{"@id":"https:\/\/wp.ufpel.edu.br\/progep\/#website"},"primaryImageOfPage":{"@id":"https:\/\/wp.ufpel.edu.br\/progep\/2018\/07\/31\/capacitacao-em-libras-contribuindo-para-a-inclusao\/#primaryimage"},"image":{"@id":"https:\/\/wp.ufpel.edu.br\/progep\/2018\/07\/31\/capacitacao-em-libras-contribuindo-para-a-inclusao\/#primaryimage"},"thumbnailUrl":"https:\/\/wp.ufpel.edu.br\/progep\/files\/2018\/07\/Curso-Libras.jpg","datePublished":"2018-07-31T12:55:34+00:00","breadcrumb":{"@id":"https:\/\/wp.ufpel.edu.br\/progep\/2018\/07\/31\/capacitacao-em-libras-contribuindo-para-a-inclusao\/#breadcrumb"},"inLanguage":"pt-BR","potentialAction":[{"@type":"ReadAction","target":["https:\/\/wp.ufpel.edu.br\/progep\/2018\/07\/31\/capacitacao-em-libras-contribuindo-para-a-inclusao\/"]}]},{"@type":"ImageObject","inLanguage":"pt-BR","@id":"https:\/\/wp.ufpel.edu.br\/progep\/2018\/07\/31\/capacitacao-em-libras-contribuindo-para-a-inclusao\/#primaryimage","url":"https:\/\/wp.ufpel.edu.br\/progep\/files\/2018\/07\/Curso-Libras.jpg","contentUrl":"https:\/\/wp.ufpel.edu.br\/progep\/files\/2018\/07\/Curso-Libras.jpg","width":1280,"height":719,"caption":"Curso Introdu\u00e7\u00e3o \u00e0 Libras, encerrado em 30\/07\/2018"},{"@type":"BreadcrumbList","@id":"https:\/\/wp.ufpel.edu.br\/progep\/2018\/07\/31\/capacitacao-em-libras-contribuindo-para-a-inclusao\/#breadcrumb","itemListElement":[{"@type":"ListItem","position":1,"name":"In\u00edcio","item":"https:\/\/wp.ufpel.edu.br\/progep\/"},{"@type":"ListItem","position":2,"name":"Capacita\u00e7\u00e3o em Libras: contribuindo para a inclus\u00e3o"}]},{"@type":"WebSite","@id":"https:\/\/wp.ufpel.edu.br\/progep\/#website","url":"https:\/\/wp.ufpel.edu.br\/progep\/","name":"Pr\u00f3-Reitoria de Gest\u00e3o com Pessoas - PROGEP","description":"Pr\u00f3-Reitoria de Gest\u00e3o com Pessoas","publisher":{"@id":"https:\/\/wp.ufpel.edu.br\/progep\/#organization"},"potentialAction":[{"@type":"SearchAction","target":{"@type":"EntryPoint","urlTemplate":"https:\/\/wp.ufpel.edu.br\/progep\/?s={search_term_string}"},"query-input":{"@type":"PropertyValueSpecification","valueRequired":true,"valueName":"search_term_string"}}],"inLanguage":"pt-BR"},{"@type":"Organization","@id":"https:\/\/wp.ufpel.edu.br\/progep\/#organization","name":"Pr\u00f3-Reitoria de Gest\u00e3o com Pessoas - PROGEP","url":"https:\/\/wp.ufpel.edu.br\/progep\/","logo":{"@type":"ImageObject","inLanguage":"pt-BR","@id":"https:\/\/wp.ufpel.edu.br\/progep\/#\/schema\/logo\/image\/","url":"https:\/\/wp.ufpel.edu.br\/progep\/files\/2025\/03\/logo-progep_atualizacao-nome_AZUL.png","contentUrl":"https:\/\/wp.ufpel.edu.br\/progep\/files\/2025\/03\/logo-progep_atualizacao-nome_AZUL.png","width":1080,"height":391,"caption":"Pr\u00f3-Reitoria de Gest\u00e3o com Pessoas - PROGEP"},"image":{"@id":"https:\/\/wp.ufpel.edu.br\/progep\/#\/schema\/logo\/image\/"}},{"@type":"Person","@id":"https:\/\/wp.ufpel.edu.br\/progep\/#\/schema\/person\/315e74eabd6db6c24f6679afc7f23ee8","name":"cdp","image":{"@type":"ImageObject","inLanguage":"pt-BR","@id":"https:\/\/secure.gravatar.com\/avatar\/d1c707b216da068db2349cbc09d8ef378ef232ab888014f26c0b341e93034497?s=96&d=mm&r=g","url":"https:\/\/secure.gravatar.com\/avatar\/d1c707b216da068db2349cbc09d8ef378ef232ab888014f26c0b341e93034497?s=96&d=mm&r=g","contentUrl":"https:\/\/secure.gravatar.com\/avatar\/d1c707b216da068db2349cbc09d8ef378ef232ab888014f26c0b341e93034497?s=96&d=mm&r=g","caption":"cdp"},"url":"https:\/\/wp.ufpel.edu.br\/progep\/author\/dpdp\/"}]}},"jetpack_featured_media_url":"","_links":{"self":[{"href":"https:\/\/wp.ufpel.edu.br\/progep\/wp-json\/wp\/v2\/posts\/12593","targetHints":{"allow":["GET"]}}],"collection":[{"href":"https:\/\/wp.ufpel.edu.br\/progep\/wp-json\/wp\/v2\/posts"}],"about":[{"href":"https:\/\/wp.ufpel.edu.br\/progep\/wp-json\/wp\/v2\/types\/post"}],"author":[{"embeddable":true,"href":"https:\/\/wp.ufpel.edu.br\/progep\/wp-json\/wp\/v2\/users\/21"}],"replies":[{"embeddable":true,"href":"https:\/\/wp.ufpel.edu.br\/progep\/wp-json\/wp\/v2\/comments?post=12593"}],"version-history":[{"count":1,"href":"https:\/\/wp.ufpel.edu.br\/progep\/wp-json\/wp\/v2\/posts\/12593\/revisions"}],"predecessor-version":[{"id":12595,"href":"https:\/\/wp.ufpel.edu.br\/progep\/wp-json\/wp\/v2\/posts\/12593\/revisions\/12595"}],"wp:attachment":[{"href":"https:\/\/wp.ufpel.edu.br\/progep\/wp-json\/wp\/v2\/media?parent=12593"}],"wp:term":[{"taxonomy":"category","embeddable":true,"href":"https:\/\/wp.ufpel.edu.br\/progep\/wp-json\/wp\/v2\/categories?post=12593"},{"taxonomy":"post_tag","embeddable":true,"href":"https:\/\/wp.ufpel.edu.br\/progep\/wp-json\/wp\/v2\/tags?post=12593"}],"curies":[{"name":"wp","href":"https:\/\/api.w.org\/{rel}","templated":true}]}}