{"id":12448,"date":"2018-05-22T13:31:11","date_gmt":"2018-05-22T16:31:11","guid":{"rendered":"https:\/\/wp.ufpel.edu.br\/progep\/?p=12448"},"modified":"2018-05-22T13:31:11","modified_gmt":"2018-05-22T16:31:11","slug":"csqv-continua-a-vacinacao-contra-a-gripe-na-ufpel","status":"publish","type":"post","link":"https:\/\/wp.ufpel.edu.br\/progep\/2018\/05\/22\/csqv-continua-a-vacinacao-contra-a-gripe-na-ufpel\/","title":{"rendered":"CSQV continua a vacina\u00e7\u00e3o contra a gripe na UFPel"},"content":{"rendered":"<p>&nbsp;<\/p>\n<p style=\"text-align: justify\"><span style=\"font-family: georgia, palatino, serif;font-size: 12pt\"><img class=\"wp-image-12388 alignleft\" src=\"https:\/\/wp.ufpel.edu.br\/progep\/files\/2018\/05\/gripe2018-400x301.jpg\" alt=\"\" width=\"262\" height=\"197\" srcset=\"https:\/\/wp.ufpel.edu.br\/progep\/files\/2018\/05\/gripe2018-400x301.jpg 400w, https:\/\/wp.ufpel.edu.br\/progep\/files\/2018\/05\/gripe2018-768x577.jpg 768w, https:\/\/wp.ufpel.edu.br\/progep\/files\/2018\/05\/gripe2018.jpg 865w\" sizes=\"(max-width: 262px) 100vw, 262px\" \/><\/span><\/p>\n<p>&nbsp;<\/p>\n<p style=\"text-align: left\"><span style=\"font-family: georgia, palatino, serif\"><strong>A CSQV \/PROGEP<\/strong> informa a comunidade da UFPel sobre a continuidade da <strong>campanha de imuniza\u00e7\u00e3o contra a gripe<\/strong>. Salientamos que a vacina estar\u00e1 dispon\u00edvel para pessoas do\u00a0grupo de risco (portadores de doen\u00e7as cr\u00f4nicas, profissionais da sa\u00fade, professores, gestantes e idosos), estes poder\u00e3o se dirigir aos locais e hor\u00e1rios abaixo relacionados:<\/span><\/p>\n<p>&nbsp;<\/p>\n<p>&nbsp;<\/p>\n<p>&nbsp;<\/p>\n<p style=\"text-align: left\"><span style=\"font-family: georgia, palatino, serif;color: #800000\"><span style=\"font-size: 18pt\"><span style=\"color: #ff0000\">Faculdade de Odontologia<\/span>\u00a0<\/span>\u00a0<\/span><\/p>\n<p style=\"text-align: left\"><span style=\"font-family: georgia, palatino, serif\">28\/05\/2018 , segunda-feira\u00a0 das 14h \u00e0s 19h\u00a0<\/span><\/p>\n<p style=\"text-align: left\">29\/05\/2018 , ter\u00e7a-feira das<span style=\"font-family: georgia, palatino, serif;font-size: 12pt\">\u00a0<\/span>9h \u00e0s 14h<\/p>\n<p style=\"text-align: left\"><span style=\"color: #ff0000;font-size: 18pt\">PROGEP- Campus Anglo &#8211; sala\u00a0 210<\/span><\/p>\n<p style=\"text-align: left\">04\/06\/2018 segunda-feira das 14h \u00e0s 19h<\/p>\n<p style=\"text-align: left\">05\/06\/2018, ter\u00e7a-feira das 14h \u00e0s 19h<\/p>\n<p style=\"text-align: justify\"><span style=\"font-family: georgia, palatino, serif;font-size: 12pt\">\u00a0Apresentar carteira de imuniza\u00e7\u00f5es para atualiza\u00e7\u00e3o para e orienta\u00e7\u00f5es.<\/span><\/p>\n","protected":false},"excerpt":{"rendered":"<p>&nbsp; &nbsp; A CSQV \/PROGEP informa a comunidade da UFPel sobre a continuidade da campanha de imuniza\u00e7\u00e3o contra a gripe. Salientamos que a vacina estar\u00e1 dispon\u00edvel para pessoas do\u00a0grupo de risco (portadores de doen\u00e7as cr\u00f4nicas, profissionais da sa\u00fade, professores, gestantes e idosos), estes poder\u00e3o se dirigir aos locais e hor\u00e1rios abaixo relacionados: &nbsp; &nbsp; &nbsp; [&hellip;]<\/p>\n","protected":false},"author":246,"featured_media":0,"comment_status":"closed","ping_status":"closed","sticky":false,"template":"","format":"standard","meta":{"footnotes":""},"categories":[1],"tags":[],"class_list":["post-12448","post","type-post","status-publish","format-standard","hentry","category-noticias"],"yoast_head":"<!-- This site is optimized with the Yoast SEO plugin v28.1 - https:\/\/yoast.com\/product\/yoast-seo-wordpress\/ -->\n<title>CSQV continua a vacina\u00e7\u00e3o contra a gripe na UFPel - Pr\u00f3-Reitoria de Gest\u00e3o com Pessoas - PROGEP<\/title>\n<meta name=\"robots\" content=\"index, follow, max-snippet:-1, max-image-preview:large, max-video-preview:-1\" \/>\n<link rel=\"canonical\" href=\"https:\/\/wp.ufpel.edu.br\/progep\/2018\/05\/22\/csqv-continua-a-vacinacao-contra-a-gripe-na-ufpel\/\" \/>\n<meta property=\"og:locale\" content=\"pt_BR\" \/>\n<meta property=\"og:type\" content=\"article\" \/>\n<meta property=\"og:title\" content=\"CSQV continua a vacina\u00e7\u00e3o contra a gripe na UFPel - Pr\u00f3-Reitoria de Gest\u00e3o com Pessoas - PROGEP\" \/>\n<meta property=\"og:description\" content=\"&nbsp; &nbsp; A CSQV \/PROGEP informa a comunidade da UFPel sobre a continuidade da campanha de imuniza\u00e7\u00e3o contra a gripe. Salientamos que a vacina estar\u00e1 dispon\u00edvel para pessoas do\u00a0grupo de risco (portadores de doen\u00e7as cr\u00f4nicas, profissionais da sa\u00fade, professores, gestantes e idosos), estes poder\u00e3o se dirigir aos locais e hor\u00e1rios abaixo relacionados: &nbsp; &nbsp; &nbsp; [&hellip;]\" \/>\n<meta property=\"og:url\" content=\"https:\/\/wp.ufpel.edu.br\/progep\/2018\/05\/22\/csqv-continua-a-vacinacao-contra-a-gripe-na-ufpel\/\" \/>\n<meta property=\"og:site_name\" content=\"Pr\u00f3-Reitoria de Gest\u00e3o com Pessoas - PROGEP\" \/>\n<meta property=\"article:published_time\" content=\"2018-05-22T16:31:11+00:00\" \/>\n<meta property=\"og:image\" content=\"https:\/\/wp.ufpel.edu.br\/progep\/files\/2018\/05\/gripe2018-400x301.jpg\" \/>\n<meta name=\"author\" content=\"csqv\" \/>\n<meta name=\"twitter:card\" content=\"summary_large_image\" \/>\n<meta name=\"twitter:label1\" content=\"Escrito por\" \/>\n\t<meta name=\"twitter:data1\" content=\"csqv\" \/>\n\t<meta name=\"twitter:label2\" content=\"Est. tempo de leitura\" \/>\n\t<meta name=\"twitter:data2\" content=\"1 minuto\" \/>\n<script type=\"application\/ld+json\" class=\"yoast-schema-graph\">{\"@context\":\"https:\\\/\\\/schema.org\",\"@graph\":[{\"@type\":\"Article\",\"@id\":\"https:\\\/\\\/wp.ufpel.edu.br\\\/progep\\\/2018\\\/05\\\/22\\\/csqv-continua-a-vacinacao-contra-a-gripe-na-ufpel\\\/#article\",\"isPartOf\":{\"@id\":\"https:\\\/\\\/wp.ufpel.edu.br\\\/progep\\\/2018\\\/05\\\/22\\\/csqv-continua-a-vacinacao-contra-a-gripe-na-ufpel\\\/\"},\"author\":{\"name\":\"csqv\",\"@id\":\"https:\\\/\\\/wp.ufpel.edu.br\\\/progep\\\/#\\\/schema\\\/person\\\/a0c870c5f38c3dd40abe3cbac8509810\"},\"headline\":\"CSQV continua a vacina\u00e7\u00e3o contra a gripe na UFPel\",\"datePublished\":\"2018-05-22T16:31:11+00:00\",\"mainEntityOfPage\":{\"@id\":\"https:\\\/\\\/wp.ufpel.edu.br\\\/progep\\\/2018\\\/05\\\/22\\\/csqv-continua-a-vacinacao-contra-a-gripe-na-ufpel\\\/\"},\"wordCount\":115,\"publisher\":{\"@id\":\"https:\\\/\\\/wp.ufpel.edu.br\\\/progep\\\/#organization\"},\"image\":{\"@id\":\"https:\\\/\\\/wp.ufpel.edu.br\\\/progep\\\/2018\\\/05\\\/22\\\/csqv-continua-a-vacinacao-contra-a-gripe-na-ufpel\\\/#primaryimage\"},\"thumbnailUrl\":\"https:\\\/\\\/wp.ufpel.edu.br\\\/progep\\\/files\\\/2018\\\/05\\\/gripe2018-400x301.jpg\",\"articleSection\":[\"Not\u00edcias\"],\"inLanguage\":\"pt-BR\"},{\"@type\":\"WebPage\",\"@id\":\"https:\\\/\\\/wp.ufpel.edu.br\\\/progep\\\/2018\\\/05\\\/22\\\/csqv-continua-a-vacinacao-contra-a-gripe-na-ufpel\\\/\",\"url\":\"https:\\\/\\\/wp.ufpel.edu.br\\\/progep\\\/2018\\\/05\\\/22\\\/csqv-continua-a-vacinacao-contra-a-gripe-na-ufpel\\\/\",\"name\":\"CSQV continua a vacina\u00e7\u00e3o contra a gripe na UFPel - Pr\u00f3-Reitoria de Gest\u00e3o com Pessoas - PROGEP\",\"isPartOf\":{\"@id\":\"https:\\\/\\\/wp.ufpel.edu.br\\\/progep\\\/#website\"},\"primaryImageOfPage\":{\"@id\":\"https:\\\/\\\/wp.ufpel.edu.br\\\/progep\\\/2018\\\/05\\\/22\\\/csqv-continua-a-vacinacao-contra-a-gripe-na-ufpel\\\/#primaryimage\"},\"image\":{\"@id\":\"https:\\\/\\\/wp.ufpel.edu.br\\\/progep\\\/2018\\\/05\\\/22\\\/csqv-continua-a-vacinacao-contra-a-gripe-na-ufpel\\\/#primaryimage\"},\"thumbnailUrl\":\"https:\\\/\\\/wp.ufpel.edu.br\\\/progep\\\/files\\\/2018\\\/05\\\/gripe2018-400x301.jpg\",\"datePublished\":\"2018-05-22T16:31:11+00:00\",\"breadcrumb\":{\"@id\":\"https:\\\/\\\/wp.ufpel.edu.br\\\/progep\\\/2018\\\/05\\\/22\\\/csqv-continua-a-vacinacao-contra-a-gripe-na-ufpel\\\/#breadcrumb\"},\"inLanguage\":\"pt-BR\",\"potentialAction\":[{\"@type\":\"ReadAction\",\"target\":[\"https:\\\/\\\/wp.ufpel.edu.br\\\/progep\\\/2018\\\/05\\\/22\\\/csqv-continua-a-vacinacao-contra-a-gripe-na-ufpel\\\/\"]}]},{\"@type\":\"ImageObject\",\"inLanguage\":\"pt-BR\",\"@id\":\"https:\\\/\\\/wp.ufpel.edu.br\\\/progep\\\/2018\\\/05\\\/22\\\/csqv-continua-a-vacinacao-contra-a-gripe-na-ufpel\\\/#primaryimage\",\"url\":\"https:\\\/\\\/wp.ufpel.edu.br\\\/progep\\\/files\\\/2018\\\/05\\\/gripe2018.jpg\",\"contentUrl\":\"https:\\\/\\\/wp.ufpel.edu.br\\\/progep\\\/files\\\/2018\\\/05\\\/gripe2018.jpg\",\"width\":865,\"height\":650},{\"@type\":\"BreadcrumbList\",\"@id\":\"https:\\\/\\\/wp.ufpel.edu.br\\\/progep\\\/2018\\\/05\\\/22\\\/csqv-continua-a-vacinacao-contra-a-gripe-na-ufpel\\\/#breadcrumb\",\"itemListElement\":[{\"@type\":\"ListItem\",\"position\":1,\"name\":\"In\u00edcio\",\"item\":\"https:\\\/\\\/wp.ufpel.edu.br\\\/progep\\\/\"},{\"@type\":\"ListItem\",\"position\":2,\"name\":\"CSQV continua a vacina\u00e7\u00e3o contra a gripe na UFPel\"}]},{\"@type\":\"WebSite\",\"@id\":\"https:\\\/\\\/wp.ufpel.edu.br\\\/progep\\\/#website\",\"url\":\"https:\\\/\\\/wp.ufpel.edu.br\\\/progep\\\/\",\"name\":\"Pr\u00f3-Reitoria de Gest\u00e3o com Pessoas - PROGEP\",\"description\":\"Pr\u00f3-Reitoria de Gest\u00e3o com Pessoas\",\"publisher\":{\"@id\":\"https:\\\/\\\/wp.ufpel.edu.br\\\/progep\\\/#organization\"},\"potentialAction\":[{\"@type\":\"SearchAction\",\"target\":{\"@type\":\"EntryPoint\",\"urlTemplate\":\"https:\\\/\\\/wp.ufpel.edu.br\\\/progep\\\/?s={search_term_string}\"},\"query-input\":{\"@type\":\"PropertyValueSpecification\",\"valueRequired\":true,\"valueName\":\"search_term_string\"}}],\"inLanguage\":\"pt-BR\"},{\"@type\":\"Organization\",\"@id\":\"https:\\\/\\\/wp.ufpel.edu.br\\\/progep\\\/#organization\",\"name\":\"Pr\u00f3-Reitoria de Gest\u00e3o com Pessoas - PROGEP\",\"url\":\"https:\\\/\\\/wp.ufpel.edu.br\\\/progep\\\/\",\"logo\":{\"@type\":\"ImageObject\",\"inLanguage\":\"pt-BR\",\"@id\":\"https:\\\/\\\/wp.ufpel.edu.br\\\/progep\\\/#\\\/schema\\\/logo\\\/image\\\/\",\"url\":\"https:\\\/\\\/wp.ufpel.edu.br\\\/progep\\\/files\\\/2025\\\/03\\\/logo-progep_atualizacao-nome_AZUL.png\",\"contentUrl\":\"https:\\\/\\\/wp.ufpel.edu.br\\\/progep\\\/files\\\/2025\\\/03\\\/logo-progep_atualizacao-nome_AZUL.png\",\"width\":1080,\"height\":391,\"caption\":\"Pr\u00f3-Reitoria de Gest\u00e3o com Pessoas - PROGEP\"},\"image\":{\"@id\":\"https:\\\/\\\/wp.ufpel.edu.br\\\/progep\\\/#\\\/schema\\\/logo\\\/image\\\/\"}},{\"@type\":\"Person\",\"@id\":\"https:\\\/\\\/wp.ufpel.edu.br\\\/progep\\\/#\\\/schema\\\/person\\\/a0c870c5f38c3dd40abe3cbac8509810\",\"name\":\"csqv\",\"image\":{\"@type\":\"ImageObject\",\"inLanguage\":\"pt-BR\",\"@id\":\"https:\\\/\\\/secure.gravatar.com\\\/avatar\\\/fed5431a255225515d7936e6a8d039bdeedd7e8914f1041257a393fb49cc1cac?s=96&d=mm&r=g\",\"url\":\"https:\\\/\\\/secure.gravatar.com\\\/avatar\\\/fed5431a255225515d7936e6a8d039bdeedd7e8914f1041257a393fb49cc1cac?s=96&d=mm&r=g\",\"contentUrl\":\"https:\\\/\\\/secure.gravatar.com\\\/avatar\\\/fed5431a255225515d7936e6a8d039bdeedd7e8914f1041257a393fb49cc1cac?s=96&d=mm&r=g\",\"caption\":\"csqv\"},\"url\":\"https:\\\/\\\/wp.ufpel.edu.br\\\/progep\\\/author\\\/csqv\\\/\"}]}<\/script>\n<!-- \/ Yoast SEO plugin. -->","yoast_head_json":{"title":"CSQV continua a vacina\u00e7\u00e3o contra a gripe na UFPel - Pr\u00f3-Reitoria de Gest\u00e3o com Pessoas - PROGEP","robots":{"index":"index","follow":"follow","max-snippet":"max-snippet:-1","max-image-preview":"max-image-preview:large","max-video-preview":"max-video-preview:-1"},"canonical":"https:\/\/wp.ufpel.edu.br\/progep\/2018\/05\/22\/csqv-continua-a-vacinacao-contra-a-gripe-na-ufpel\/","og_locale":"pt_BR","og_type":"article","og_title":"CSQV continua a vacina\u00e7\u00e3o contra a gripe na UFPel - Pr\u00f3-Reitoria de Gest\u00e3o com Pessoas - PROGEP","og_description":"&nbsp; &nbsp; A CSQV \/PROGEP informa a comunidade da UFPel sobre a continuidade da campanha de imuniza\u00e7\u00e3o contra a gripe. Salientamos que a vacina estar\u00e1 dispon\u00edvel para pessoas do\u00a0grupo de risco (portadores de doen\u00e7as cr\u00f4nicas, profissionais da sa\u00fade, professores, gestantes e idosos), estes poder\u00e3o se dirigir aos locais e hor\u00e1rios abaixo relacionados: &nbsp; &nbsp; &nbsp; [&hellip;]","og_url":"https:\/\/wp.ufpel.edu.br\/progep\/2018\/05\/22\/csqv-continua-a-vacinacao-contra-a-gripe-na-ufpel\/","og_site_name":"Pr\u00f3-Reitoria de Gest\u00e3o com Pessoas - PROGEP","article_published_time":"2018-05-22T16:31:11+00:00","og_image":[{"url":"https:\/\/wp.ufpel.edu.br\/progep\/files\/2018\/05\/gripe2018-400x301.jpg","type":"","width":"","height":""}],"author":"csqv","twitter_card":"summary_large_image","twitter_misc":{"Escrito por":"csqv","Est. tempo de leitura":"1 minuto"},"schema":{"@context":"https:\/\/schema.org","@graph":[{"@type":"Article","@id":"https:\/\/wp.ufpel.edu.br\/progep\/2018\/05\/22\/csqv-continua-a-vacinacao-contra-a-gripe-na-ufpel\/#article","isPartOf":{"@id":"https:\/\/wp.ufpel.edu.br\/progep\/2018\/05\/22\/csqv-continua-a-vacinacao-contra-a-gripe-na-ufpel\/"},"author":{"name":"csqv","@id":"https:\/\/wp.ufpel.edu.br\/progep\/#\/schema\/person\/a0c870c5f38c3dd40abe3cbac8509810"},"headline":"CSQV continua a vacina\u00e7\u00e3o contra a gripe na UFPel","datePublished":"2018-05-22T16:31:11+00:00","mainEntityOfPage":{"@id":"https:\/\/wp.ufpel.edu.br\/progep\/2018\/05\/22\/csqv-continua-a-vacinacao-contra-a-gripe-na-ufpel\/"},"wordCount":115,"publisher":{"@id":"https:\/\/wp.ufpel.edu.br\/progep\/#organization"},"image":{"@id":"https:\/\/wp.ufpel.edu.br\/progep\/2018\/05\/22\/csqv-continua-a-vacinacao-contra-a-gripe-na-ufpel\/#primaryimage"},"thumbnailUrl":"https:\/\/wp.ufpel.edu.br\/progep\/files\/2018\/05\/gripe2018-400x301.jpg","articleSection":["Not\u00edcias"],"inLanguage":"pt-BR"},{"@type":"WebPage","@id":"https:\/\/wp.ufpel.edu.br\/progep\/2018\/05\/22\/csqv-continua-a-vacinacao-contra-a-gripe-na-ufpel\/","url":"https:\/\/wp.ufpel.edu.br\/progep\/2018\/05\/22\/csqv-continua-a-vacinacao-contra-a-gripe-na-ufpel\/","name":"CSQV continua a vacina\u00e7\u00e3o contra a gripe na UFPel - Pr\u00f3-Reitoria de Gest\u00e3o com Pessoas - PROGEP","isPartOf":{"@id":"https:\/\/wp.ufpel.edu.br\/progep\/#website"},"primaryImageOfPage":{"@id":"https:\/\/wp.ufpel.edu.br\/progep\/2018\/05\/22\/csqv-continua-a-vacinacao-contra-a-gripe-na-ufpel\/#primaryimage"},"image":{"@id":"https:\/\/wp.ufpel.edu.br\/progep\/2018\/05\/22\/csqv-continua-a-vacinacao-contra-a-gripe-na-ufpel\/#primaryimage"},"thumbnailUrl":"https:\/\/wp.ufpel.edu.br\/progep\/files\/2018\/05\/gripe2018-400x301.jpg","datePublished":"2018-05-22T16:31:11+00:00","breadcrumb":{"@id":"https:\/\/wp.ufpel.edu.br\/progep\/2018\/05\/22\/csqv-continua-a-vacinacao-contra-a-gripe-na-ufpel\/#breadcrumb"},"inLanguage":"pt-BR","potentialAction":[{"@type":"ReadAction","target":["https:\/\/wp.ufpel.edu.br\/progep\/2018\/05\/22\/csqv-continua-a-vacinacao-contra-a-gripe-na-ufpel\/"]}]},{"@type":"ImageObject","inLanguage":"pt-BR","@id":"https:\/\/wp.ufpel.edu.br\/progep\/2018\/05\/22\/csqv-continua-a-vacinacao-contra-a-gripe-na-ufpel\/#primaryimage","url":"https:\/\/wp.ufpel.edu.br\/progep\/files\/2018\/05\/gripe2018.jpg","contentUrl":"https:\/\/wp.ufpel.edu.br\/progep\/files\/2018\/05\/gripe2018.jpg","width":865,"height":650},{"@type":"BreadcrumbList","@id":"https:\/\/wp.ufpel.edu.br\/progep\/2018\/05\/22\/csqv-continua-a-vacinacao-contra-a-gripe-na-ufpel\/#breadcrumb","itemListElement":[{"@type":"ListItem","position":1,"name":"In\u00edcio","item":"https:\/\/wp.ufpel.edu.br\/progep\/"},{"@type":"ListItem","position":2,"name":"CSQV continua a vacina\u00e7\u00e3o contra a gripe na UFPel"}]},{"@type":"WebSite","@id":"https:\/\/wp.ufpel.edu.br\/progep\/#website","url":"https:\/\/wp.ufpel.edu.br\/progep\/","name":"Pr\u00f3-Reitoria de Gest\u00e3o com Pessoas - PROGEP","description":"Pr\u00f3-Reitoria de Gest\u00e3o com Pessoas","publisher":{"@id":"https:\/\/wp.ufpel.edu.br\/progep\/#organization"},"potentialAction":[{"@type":"SearchAction","target":{"@type":"EntryPoint","urlTemplate":"https:\/\/wp.ufpel.edu.br\/progep\/?s={search_term_string}"},"query-input":{"@type":"PropertyValueSpecification","valueRequired":true,"valueName":"search_term_string"}}],"inLanguage":"pt-BR"},{"@type":"Organization","@id":"https:\/\/wp.ufpel.edu.br\/progep\/#organization","name":"Pr\u00f3-Reitoria de Gest\u00e3o com Pessoas - PROGEP","url":"https:\/\/wp.ufpel.edu.br\/progep\/","logo":{"@type":"ImageObject","inLanguage":"pt-BR","@id":"https:\/\/wp.ufpel.edu.br\/progep\/#\/schema\/logo\/image\/","url":"https:\/\/wp.ufpel.edu.br\/progep\/files\/2025\/03\/logo-progep_atualizacao-nome_AZUL.png","contentUrl":"https:\/\/wp.ufpel.edu.br\/progep\/files\/2025\/03\/logo-progep_atualizacao-nome_AZUL.png","width":1080,"height":391,"caption":"Pr\u00f3-Reitoria de Gest\u00e3o com Pessoas - PROGEP"},"image":{"@id":"https:\/\/wp.ufpel.edu.br\/progep\/#\/schema\/logo\/image\/"}},{"@type":"Person","@id":"https:\/\/wp.ufpel.edu.br\/progep\/#\/schema\/person\/a0c870c5f38c3dd40abe3cbac8509810","name":"csqv","image":{"@type":"ImageObject","inLanguage":"pt-BR","@id":"https:\/\/secure.gravatar.com\/avatar\/fed5431a255225515d7936e6a8d039bdeedd7e8914f1041257a393fb49cc1cac?s=96&d=mm&r=g","url":"https:\/\/secure.gravatar.com\/avatar\/fed5431a255225515d7936e6a8d039bdeedd7e8914f1041257a393fb49cc1cac?s=96&d=mm&r=g","contentUrl":"https:\/\/secure.gravatar.com\/avatar\/fed5431a255225515d7936e6a8d039bdeedd7e8914f1041257a393fb49cc1cac?s=96&d=mm&r=g","caption":"csqv"},"url":"https:\/\/wp.ufpel.edu.br\/progep\/author\/csqv\/"}]}},"jetpack_featured_media_url":"","_links":{"self":[{"href":"https:\/\/wp.ufpel.edu.br\/progep\/wp-json\/wp\/v2\/posts\/12448","targetHints":{"allow":["GET"]}}],"collection":[{"href":"https:\/\/wp.ufpel.edu.br\/progep\/wp-json\/wp\/v2\/posts"}],"about":[{"href":"https:\/\/wp.ufpel.edu.br\/progep\/wp-json\/wp\/v2\/types\/post"}],"author":[{"embeddable":true,"href":"https:\/\/wp.ufpel.edu.br\/progep\/wp-json\/wp\/v2\/users\/246"}],"replies":[{"embeddable":true,"href":"https:\/\/wp.ufpel.edu.br\/progep\/wp-json\/wp\/v2\/comments?post=12448"}],"version-history":[{"count":7,"href":"https:\/\/wp.ufpel.edu.br\/progep\/wp-json\/wp\/v2\/posts\/12448\/revisions"}],"predecessor-version":[{"id":12456,"href":"https:\/\/wp.ufpel.edu.br\/progep\/wp-json\/wp\/v2\/posts\/12448\/revisions\/12456"}],"wp:attachment":[{"href":"https:\/\/wp.ufpel.edu.br\/progep\/wp-json\/wp\/v2\/media?parent=12448"}],"wp:term":[{"taxonomy":"category","embeddable":true,"href":"https:\/\/wp.ufpel.edu.br\/progep\/wp-json\/wp\/v2\/categories?post=12448"},{"taxonomy":"post_tag","embeddable":true,"href":"https:\/\/wp.ufpel.edu.br\/progep\/wp-json\/wp\/v2\/tags?post=12448"}],"curies":[{"name":"wp","href":"https:\/\/api.w.org\/{rel}","templated":true}]}}