{"id":12311,"date":"2018-04-04T17:01:57","date_gmt":"2018-04-04T20:01:57","guid":{"rendered":"https:\/\/wp.ufpel.edu.br\/progep\/?p=12311"},"modified":"2018-04-04T17:03:34","modified_gmt":"2018-04-04T20:03:34","slug":"novas-capacitacoes-inscricoes-abertas-3","status":"publish","type":"post","link":"https:\/\/wp.ufpel.edu.br\/progep\/2018\/04\/04\/novas-capacitacoes-inscricoes-abertas-3\/","title":{"rendered":"Novas capacita\u00e7\u00f5es &#8211; inscri\u00e7\u00f5es abertas!"},"content":{"rendered":"<p>A Coordena\u00e7\u00e3o de Desenvolvimento de Pessoal\/PROGEP comunica que est\u00e3o abertas inscri\u00e7\u00f5es para duas\u00a0(02) novas a\u00e7\u00f5es integrantes do Plano Anual de Capacita\u00e7\u00e3o 2018, destinadas aos servidores da Universidade.<\/p>\n<p>Est\u00e3o com as inscri\u00e7\u00f5es abertas os cursos: INSTRU\u00c7\u00c3O DE PROCESSO ADMINISTRATIVO (2 turmas) &#8211; 20 horas, e INTRODU\u00c7\u00c3O \u00c0 LIBRAS &#8211; 60 horas, ambos na modalidade presencial<strong>.<\/strong><\/p>\n<p>As a\u00e7\u00f5es iniciam dia 23 de abril (1\u00aa turma de Instru\u00e7\u00e3o de Processo Administrativo e Introdu\u00e7\u00e3o \u00e0 Libras) e dia 25 de abril (2\u00aa turma de Instru\u00e7\u00e3o de Processo Administrativo) e o\u00a0per\u00edodo de inscri\u00e7\u00f5es\u00a0vai at\u00e9 o dia 17 e 18 de abril, respectivamente.<\/p>\n<p>Maiores informa\u00e7\u00f5es em\u00a0<a href=\"https:\/\/wp.ufpel.edu.br\/progep\/cdp\/nucleo-de-capacitacao\/acoes-de-capacitacao\/\">https:\/\/wp.ufpel.edu.br\/progep\/cdp\/nucleo-de-capacitacao\/acoes-de-capacitacao\/<\/a><\/p>\n","protected":false},"excerpt":{"rendered":"<p>A Coordena\u00e7\u00e3o de Desenvolvimento de Pessoal\/PROGEP comunica que est\u00e3o abertas inscri\u00e7\u00f5es para duas\u00a0(02) novas a\u00e7\u00f5es integrantes do Plano Anual de Capacita\u00e7\u00e3o 2018, destinadas aos servidores da Universidade. Est\u00e3o com as inscri\u00e7\u00f5es abertas os cursos: INSTRU\u00c7\u00c3O DE PROCESSO ADMINISTRATIVO (2 turmas) &#8211; 20 horas, e INTRODU\u00c7\u00c3O \u00c0 LIBRAS &#8211; 60 horas, ambos na modalidade presencial. As [&hellip;]<\/p>\n","protected":false},"author":21,"featured_media":0,"comment_status":"closed","ping_status":"closed","sticky":false,"template":"","format":"standard","meta":{"footnotes":""},"categories":[1],"tags":[],"class_list":["post-12311","post","type-post","status-publish","format-standard","hentry","category-noticias"],"yoast_head":"<!-- This site is optimized with the Yoast SEO plugin v28.1 - https:\/\/yoast.com\/product\/yoast-seo-wordpress\/ -->\n<title>Novas capacita\u00e7\u00f5es - inscri\u00e7\u00f5es abertas! - Pr\u00f3-Reitoria de Gest\u00e3o com Pessoas - PROGEP<\/title>\n<meta name=\"robots\" content=\"index, follow, max-snippet:-1, max-image-preview:large, max-video-preview:-1\" \/>\n<link rel=\"canonical\" href=\"https:\/\/wp.ufpel.edu.br\/progep\/2018\/04\/04\/novas-capacitacoes-inscricoes-abertas-3\/\" \/>\n<meta property=\"og:locale\" content=\"pt_BR\" \/>\n<meta property=\"og:type\" content=\"article\" \/>\n<meta property=\"og:title\" content=\"Novas capacita\u00e7\u00f5es - inscri\u00e7\u00f5es abertas! - Pr\u00f3-Reitoria de Gest\u00e3o com Pessoas - PROGEP\" \/>\n<meta property=\"og:description\" content=\"A Coordena\u00e7\u00e3o de Desenvolvimento de Pessoal\/PROGEP comunica que est\u00e3o abertas inscri\u00e7\u00f5es para duas\u00a0(02) novas a\u00e7\u00f5es integrantes do Plano Anual de Capacita\u00e7\u00e3o 2018, destinadas aos servidores da Universidade. Est\u00e3o com as inscri\u00e7\u00f5es abertas os cursos: INSTRU\u00c7\u00c3O DE PROCESSO ADMINISTRATIVO (2 turmas) &#8211; 20 horas, e INTRODU\u00c7\u00c3O \u00c0 LIBRAS &#8211; 60 horas, ambos na modalidade presencial. As [&hellip;]\" \/>\n<meta property=\"og:url\" content=\"https:\/\/wp.ufpel.edu.br\/progep\/2018\/04\/04\/novas-capacitacoes-inscricoes-abertas-3\/\" \/>\n<meta property=\"og:site_name\" content=\"Pr\u00f3-Reitoria de Gest\u00e3o com Pessoas - PROGEP\" \/>\n<meta property=\"article:published_time\" content=\"2018-04-04T20:01:57+00:00\" \/>\n<meta property=\"article:modified_time\" content=\"2018-04-04T20:03:34+00:00\" \/>\n<meta name=\"author\" content=\"cdp\" \/>\n<meta name=\"twitter:card\" content=\"summary_large_image\" \/>\n<meta name=\"twitter:label1\" content=\"Escrito por\" \/>\n\t<meta name=\"twitter:data1\" content=\"cdp\" \/>\n\t<meta name=\"twitter:label2\" content=\"Est. tempo de leitura\" \/>\n\t<meta name=\"twitter:data2\" content=\"1 minuto\" \/>\n<script type=\"application\/ld+json\" class=\"yoast-schema-graph\">{\"@context\":\"https:\\\/\\\/schema.org\",\"@graph\":[{\"@type\":\"Article\",\"@id\":\"https:\\\/\\\/wp.ufpel.edu.br\\\/progep\\\/2018\\\/04\\\/04\\\/novas-capacitacoes-inscricoes-abertas-3\\\/#article\",\"isPartOf\":{\"@id\":\"https:\\\/\\\/wp.ufpel.edu.br\\\/progep\\\/2018\\\/04\\\/04\\\/novas-capacitacoes-inscricoes-abertas-3\\\/\"},\"author\":{\"name\":\"cdp\",\"@id\":\"https:\\\/\\\/wp.ufpel.edu.br\\\/progep\\\/#\\\/schema\\\/person\\\/315e74eabd6db6c24f6679afc7f23ee8\"},\"headline\":\"Novas capacita\u00e7\u00f5es &#8211; inscri\u00e7\u00f5es abertas!\",\"datePublished\":\"2018-04-04T20:01:57+00:00\",\"dateModified\":\"2018-04-04T20:03:34+00:00\",\"mainEntityOfPage\":{\"@id\":\"https:\\\/\\\/wp.ufpel.edu.br\\\/progep\\\/2018\\\/04\\\/04\\\/novas-capacitacoes-inscricoes-abertas-3\\\/\"},\"wordCount\":123,\"publisher\":{\"@id\":\"https:\\\/\\\/wp.ufpel.edu.br\\\/progep\\\/#organization\"},\"articleSection\":[\"Not\u00edcias\"],\"inLanguage\":\"pt-BR\"},{\"@type\":\"WebPage\",\"@id\":\"https:\\\/\\\/wp.ufpel.edu.br\\\/progep\\\/2018\\\/04\\\/04\\\/novas-capacitacoes-inscricoes-abertas-3\\\/\",\"url\":\"https:\\\/\\\/wp.ufpel.edu.br\\\/progep\\\/2018\\\/04\\\/04\\\/novas-capacitacoes-inscricoes-abertas-3\\\/\",\"name\":\"Novas capacita\u00e7\u00f5es - inscri\u00e7\u00f5es abertas! - Pr\u00f3-Reitoria de Gest\u00e3o com Pessoas - PROGEP\",\"isPartOf\":{\"@id\":\"https:\\\/\\\/wp.ufpel.edu.br\\\/progep\\\/#website\"},\"datePublished\":\"2018-04-04T20:01:57+00:00\",\"dateModified\":\"2018-04-04T20:03:34+00:00\",\"breadcrumb\":{\"@id\":\"https:\\\/\\\/wp.ufpel.edu.br\\\/progep\\\/2018\\\/04\\\/04\\\/novas-capacitacoes-inscricoes-abertas-3\\\/#breadcrumb\"},\"inLanguage\":\"pt-BR\",\"potentialAction\":[{\"@type\":\"ReadAction\",\"target\":[\"https:\\\/\\\/wp.ufpel.edu.br\\\/progep\\\/2018\\\/04\\\/04\\\/novas-capacitacoes-inscricoes-abertas-3\\\/\"]}]},{\"@type\":\"BreadcrumbList\",\"@id\":\"https:\\\/\\\/wp.ufpel.edu.br\\\/progep\\\/2018\\\/04\\\/04\\\/novas-capacitacoes-inscricoes-abertas-3\\\/#breadcrumb\",\"itemListElement\":[{\"@type\":\"ListItem\",\"position\":1,\"name\":\"In\u00edcio\",\"item\":\"https:\\\/\\\/wp.ufpel.edu.br\\\/progep\\\/\"},{\"@type\":\"ListItem\",\"position\":2,\"name\":\"Novas capacita\u00e7\u00f5es &#8211; inscri\u00e7\u00f5es abertas!\"}]},{\"@type\":\"WebSite\",\"@id\":\"https:\\\/\\\/wp.ufpel.edu.br\\\/progep\\\/#website\",\"url\":\"https:\\\/\\\/wp.ufpel.edu.br\\\/progep\\\/\",\"name\":\"Pr\u00f3-Reitoria de Gest\u00e3o com Pessoas - PROGEP\",\"description\":\"Pr\u00f3-Reitoria de Gest\u00e3o com Pessoas\",\"publisher\":{\"@id\":\"https:\\\/\\\/wp.ufpel.edu.br\\\/progep\\\/#organization\"},\"potentialAction\":[{\"@type\":\"SearchAction\",\"target\":{\"@type\":\"EntryPoint\",\"urlTemplate\":\"https:\\\/\\\/wp.ufpel.edu.br\\\/progep\\\/?s={search_term_string}\"},\"query-input\":{\"@type\":\"PropertyValueSpecification\",\"valueRequired\":true,\"valueName\":\"search_term_string\"}}],\"inLanguage\":\"pt-BR\"},{\"@type\":\"Organization\",\"@id\":\"https:\\\/\\\/wp.ufpel.edu.br\\\/progep\\\/#organization\",\"name\":\"Pr\u00f3-Reitoria de Gest\u00e3o com Pessoas - PROGEP\",\"url\":\"https:\\\/\\\/wp.ufpel.edu.br\\\/progep\\\/\",\"logo\":{\"@type\":\"ImageObject\",\"inLanguage\":\"pt-BR\",\"@id\":\"https:\\\/\\\/wp.ufpel.edu.br\\\/progep\\\/#\\\/schema\\\/logo\\\/image\\\/\",\"url\":\"https:\\\/\\\/wp.ufpel.edu.br\\\/progep\\\/files\\\/2025\\\/03\\\/logo-progep_atualizacao-nome_AZUL.png\",\"contentUrl\":\"https:\\\/\\\/wp.ufpel.edu.br\\\/progep\\\/files\\\/2025\\\/03\\\/logo-progep_atualizacao-nome_AZUL.png\",\"width\":1080,\"height\":391,\"caption\":\"Pr\u00f3-Reitoria de Gest\u00e3o com Pessoas - PROGEP\"},\"image\":{\"@id\":\"https:\\\/\\\/wp.ufpel.edu.br\\\/progep\\\/#\\\/schema\\\/logo\\\/image\\\/\"}},{\"@type\":\"Person\",\"@id\":\"https:\\\/\\\/wp.ufpel.edu.br\\\/progep\\\/#\\\/schema\\\/person\\\/315e74eabd6db6c24f6679afc7f23ee8\",\"name\":\"cdp\",\"image\":{\"@type\":\"ImageObject\",\"inLanguage\":\"pt-BR\",\"@id\":\"https:\\\/\\\/secure.gravatar.com\\\/avatar\\\/d1c707b216da068db2349cbc09d8ef378ef232ab888014f26c0b341e93034497?s=96&d=mm&r=g\",\"url\":\"https:\\\/\\\/secure.gravatar.com\\\/avatar\\\/d1c707b216da068db2349cbc09d8ef378ef232ab888014f26c0b341e93034497?s=96&d=mm&r=g\",\"contentUrl\":\"https:\\\/\\\/secure.gravatar.com\\\/avatar\\\/d1c707b216da068db2349cbc09d8ef378ef232ab888014f26c0b341e93034497?s=96&d=mm&r=g\",\"caption\":\"cdp\"},\"url\":\"https:\\\/\\\/wp.ufpel.edu.br\\\/progep\\\/author\\\/dpdp\\\/\"}]}<\/script>\n<!-- \/ Yoast SEO plugin. -->","yoast_head_json":{"title":"Novas capacita\u00e7\u00f5es - inscri\u00e7\u00f5es abertas! - Pr\u00f3-Reitoria de Gest\u00e3o com Pessoas - PROGEP","robots":{"index":"index","follow":"follow","max-snippet":"max-snippet:-1","max-image-preview":"max-image-preview:large","max-video-preview":"max-video-preview:-1"},"canonical":"https:\/\/wp.ufpel.edu.br\/progep\/2018\/04\/04\/novas-capacitacoes-inscricoes-abertas-3\/","og_locale":"pt_BR","og_type":"article","og_title":"Novas capacita\u00e7\u00f5es - inscri\u00e7\u00f5es abertas! - Pr\u00f3-Reitoria de Gest\u00e3o com Pessoas - PROGEP","og_description":"A Coordena\u00e7\u00e3o de Desenvolvimento de Pessoal\/PROGEP comunica que est\u00e3o abertas inscri\u00e7\u00f5es para duas\u00a0(02) novas a\u00e7\u00f5es integrantes do Plano Anual de Capacita\u00e7\u00e3o 2018, destinadas aos servidores da Universidade. Est\u00e3o com as inscri\u00e7\u00f5es abertas os cursos: INSTRU\u00c7\u00c3O DE PROCESSO ADMINISTRATIVO (2 turmas) &#8211; 20 horas, e INTRODU\u00c7\u00c3O \u00c0 LIBRAS &#8211; 60 horas, ambos na modalidade presencial. As [&hellip;]","og_url":"https:\/\/wp.ufpel.edu.br\/progep\/2018\/04\/04\/novas-capacitacoes-inscricoes-abertas-3\/","og_site_name":"Pr\u00f3-Reitoria de Gest\u00e3o com Pessoas - PROGEP","article_published_time":"2018-04-04T20:01:57+00:00","article_modified_time":"2018-04-04T20:03:34+00:00","author":"cdp","twitter_card":"summary_large_image","twitter_misc":{"Escrito por":"cdp","Est. tempo de leitura":"1 minuto"},"schema":{"@context":"https:\/\/schema.org","@graph":[{"@type":"Article","@id":"https:\/\/wp.ufpel.edu.br\/progep\/2018\/04\/04\/novas-capacitacoes-inscricoes-abertas-3\/#article","isPartOf":{"@id":"https:\/\/wp.ufpel.edu.br\/progep\/2018\/04\/04\/novas-capacitacoes-inscricoes-abertas-3\/"},"author":{"name":"cdp","@id":"https:\/\/wp.ufpel.edu.br\/progep\/#\/schema\/person\/315e74eabd6db6c24f6679afc7f23ee8"},"headline":"Novas capacita\u00e7\u00f5es &#8211; inscri\u00e7\u00f5es abertas!","datePublished":"2018-04-04T20:01:57+00:00","dateModified":"2018-04-04T20:03:34+00:00","mainEntityOfPage":{"@id":"https:\/\/wp.ufpel.edu.br\/progep\/2018\/04\/04\/novas-capacitacoes-inscricoes-abertas-3\/"},"wordCount":123,"publisher":{"@id":"https:\/\/wp.ufpel.edu.br\/progep\/#organization"},"articleSection":["Not\u00edcias"],"inLanguage":"pt-BR"},{"@type":"WebPage","@id":"https:\/\/wp.ufpel.edu.br\/progep\/2018\/04\/04\/novas-capacitacoes-inscricoes-abertas-3\/","url":"https:\/\/wp.ufpel.edu.br\/progep\/2018\/04\/04\/novas-capacitacoes-inscricoes-abertas-3\/","name":"Novas capacita\u00e7\u00f5es - inscri\u00e7\u00f5es abertas! - Pr\u00f3-Reitoria de Gest\u00e3o com Pessoas - PROGEP","isPartOf":{"@id":"https:\/\/wp.ufpel.edu.br\/progep\/#website"},"datePublished":"2018-04-04T20:01:57+00:00","dateModified":"2018-04-04T20:03:34+00:00","breadcrumb":{"@id":"https:\/\/wp.ufpel.edu.br\/progep\/2018\/04\/04\/novas-capacitacoes-inscricoes-abertas-3\/#breadcrumb"},"inLanguage":"pt-BR","potentialAction":[{"@type":"ReadAction","target":["https:\/\/wp.ufpel.edu.br\/progep\/2018\/04\/04\/novas-capacitacoes-inscricoes-abertas-3\/"]}]},{"@type":"BreadcrumbList","@id":"https:\/\/wp.ufpel.edu.br\/progep\/2018\/04\/04\/novas-capacitacoes-inscricoes-abertas-3\/#breadcrumb","itemListElement":[{"@type":"ListItem","position":1,"name":"In\u00edcio","item":"https:\/\/wp.ufpel.edu.br\/progep\/"},{"@type":"ListItem","position":2,"name":"Novas capacita\u00e7\u00f5es &#8211; inscri\u00e7\u00f5es abertas!"}]},{"@type":"WebSite","@id":"https:\/\/wp.ufpel.edu.br\/progep\/#website","url":"https:\/\/wp.ufpel.edu.br\/progep\/","name":"Pr\u00f3-Reitoria de Gest\u00e3o com Pessoas - PROGEP","description":"Pr\u00f3-Reitoria de Gest\u00e3o com Pessoas","publisher":{"@id":"https:\/\/wp.ufpel.edu.br\/progep\/#organization"},"potentialAction":[{"@type":"SearchAction","target":{"@type":"EntryPoint","urlTemplate":"https:\/\/wp.ufpel.edu.br\/progep\/?s={search_term_string}"},"query-input":{"@type":"PropertyValueSpecification","valueRequired":true,"valueName":"search_term_string"}}],"inLanguage":"pt-BR"},{"@type":"Organization","@id":"https:\/\/wp.ufpel.edu.br\/progep\/#organization","name":"Pr\u00f3-Reitoria de Gest\u00e3o com Pessoas - PROGEP","url":"https:\/\/wp.ufpel.edu.br\/progep\/","logo":{"@type":"ImageObject","inLanguage":"pt-BR","@id":"https:\/\/wp.ufpel.edu.br\/progep\/#\/schema\/logo\/image\/","url":"https:\/\/wp.ufpel.edu.br\/progep\/files\/2025\/03\/logo-progep_atualizacao-nome_AZUL.png","contentUrl":"https:\/\/wp.ufpel.edu.br\/progep\/files\/2025\/03\/logo-progep_atualizacao-nome_AZUL.png","width":1080,"height":391,"caption":"Pr\u00f3-Reitoria de Gest\u00e3o com Pessoas - PROGEP"},"image":{"@id":"https:\/\/wp.ufpel.edu.br\/progep\/#\/schema\/logo\/image\/"}},{"@type":"Person","@id":"https:\/\/wp.ufpel.edu.br\/progep\/#\/schema\/person\/315e74eabd6db6c24f6679afc7f23ee8","name":"cdp","image":{"@type":"ImageObject","inLanguage":"pt-BR","@id":"https:\/\/secure.gravatar.com\/avatar\/d1c707b216da068db2349cbc09d8ef378ef232ab888014f26c0b341e93034497?s=96&d=mm&r=g","url":"https:\/\/secure.gravatar.com\/avatar\/d1c707b216da068db2349cbc09d8ef378ef232ab888014f26c0b341e93034497?s=96&d=mm&r=g","contentUrl":"https:\/\/secure.gravatar.com\/avatar\/d1c707b216da068db2349cbc09d8ef378ef232ab888014f26c0b341e93034497?s=96&d=mm&r=g","caption":"cdp"},"url":"https:\/\/wp.ufpel.edu.br\/progep\/author\/dpdp\/"}]}},"jetpack_featured_media_url":"","_links":{"self":[{"href":"https:\/\/wp.ufpel.edu.br\/progep\/wp-json\/wp\/v2\/posts\/12311","targetHints":{"allow":["GET"]}}],"collection":[{"href":"https:\/\/wp.ufpel.edu.br\/progep\/wp-json\/wp\/v2\/posts"}],"about":[{"href":"https:\/\/wp.ufpel.edu.br\/progep\/wp-json\/wp\/v2\/types\/post"}],"author":[{"embeddable":true,"href":"https:\/\/wp.ufpel.edu.br\/progep\/wp-json\/wp\/v2\/users\/21"}],"replies":[{"embeddable":true,"href":"https:\/\/wp.ufpel.edu.br\/progep\/wp-json\/wp\/v2\/comments?post=12311"}],"version-history":[{"count":2,"href":"https:\/\/wp.ufpel.edu.br\/progep\/wp-json\/wp\/v2\/posts\/12311\/revisions"}],"predecessor-version":[{"id":12313,"href":"https:\/\/wp.ufpel.edu.br\/progep\/wp-json\/wp\/v2\/posts\/12311\/revisions\/12313"}],"wp:attachment":[{"href":"https:\/\/wp.ufpel.edu.br\/progep\/wp-json\/wp\/v2\/media?parent=12311"}],"wp:term":[{"taxonomy":"category","embeddable":true,"href":"https:\/\/wp.ufpel.edu.br\/progep\/wp-json\/wp\/v2\/categories?post=12311"},{"taxonomy":"post_tag","embeddable":true,"href":"https:\/\/wp.ufpel.edu.br\/progep\/wp-json\/wp\/v2\/tags?post=12311"}],"curies":[{"name":"wp","href":"https:\/\/api.w.org\/{rel}","templated":true}]}}