{"id":12278,"date":"2018-03-23T14:39:36","date_gmt":"2018-03-23T17:39:36","guid":{"rendered":"https:\/\/wp.ufpel.edu.br\/progep\/?p=12278"},"modified":"2022-09-26T21:15:14","modified_gmt":"2022-09-27T00:15:14","slug":"csqv-inscreve-para-o-programa-de-educacao-para-a-aposentadoria","status":"publish","type":"post","link":"https:\/\/wp.ufpel.edu.br\/progep\/2018\/03\/23\/csqv-inscreve-para-o-programa-de-educacao-para-a-aposentadoria\/","title":{"rendered":"CSQV inscreve para o Programa de Educa\u00e7\u00e3o para a Aposentadoria"},"content":{"rendered":"<p>A Coordena\u00e7\u00e3o de Sa\u00fade e Qualidade de Vida (CSQV) informa que est\u00e3o abertas at\u00e9 o dia <strong>9 de abril de 2018<\/strong>\u00a0as inscri\u00e7\u00f5es para o <strong><span style=\"color: #008000\">Programa de Educa\u00e7\u00e3o para a Aposentadoria &#8211; <em>&#8220;Evoluidade&#8221;<\/em><\/span>.<\/strong><\/p>\n<p>Os encontros ser\u00e3o realizados no pr\u00e9dio da Ag\u00eancia de Desenvolvimento da Lagoa Mirim, rua Lobo da Costa, 447, das 14h as 17h e 30min, sempre as quartas-feiras. O in\u00edcio est\u00e1 previsto para o dia 11 de abril.<\/p>\n<p>As inscri\u00e7\u00f5es\u00a0 poder\u00e3o ser realizadas no endere\u00e7o\u00a0https:\/\/wp.ufpel.edu.br\/progep\/csqv\/<\/p>\n<p>Contatos pelo telefone: 3284 3981<\/p>\n","protected":false},"excerpt":{"rendered":"<p>A Coordena\u00e7\u00e3o de Sa\u00fade e Qualidade de Vida (CSQV) informa que est\u00e3o abertas at\u00e9 o dia 9 de abril de 2018\u00a0as inscri\u00e7\u00f5es para o Programa de Educa\u00e7\u00e3o para a Aposentadoria &#8211; &#8220;Evoluidade&#8221;. Os encontros ser\u00e3o realizados no pr\u00e9dio da Ag\u00eancia de Desenvolvimento da Lagoa Mirim, rua Lobo da Costa, 447, das 14h as 17h e [&hellip;]<\/p>\n","protected":false},"author":246,"featured_media":0,"comment_status":"closed","ping_status":"closed","sticky":false,"template":"","format":"standard","meta":{"footnotes":""},"categories":[1],"tags":[],"class_list":["post-12278","post","type-post","status-publish","format-standard","hentry","category-noticias"],"yoast_head":"<!-- This site is optimized with the Yoast SEO plugin v28.1 - https:\/\/yoast.com\/product\/yoast-seo-wordpress\/ -->\n<title>CSQV inscreve para o Programa de Educa\u00e7\u00e3o para a Aposentadoria - Pr\u00f3-Reitoria de Gest\u00e3o com Pessoas - PROGEP<\/title>\n<meta name=\"robots\" content=\"index, follow, max-snippet:-1, max-image-preview:large, max-video-preview:-1\" \/>\n<link rel=\"canonical\" href=\"https:\/\/wp.ufpel.edu.br\/progep\/2018\/03\/23\/csqv-inscreve-para-o-programa-de-educacao-para-a-aposentadoria\/\" \/>\n<meta property=\"og:locale\" content=\"pt_BR\" \/>\n<meta property=\"og:type\" content=\"article\" \/>\n<meta property=\"og:title\" content=\"CSQV inscreve para o Programa de Educa\u00e7\u00e3o para a Aposentadoria - Pr\u00f3-Reitoria de Gest\u00e3o com Pessoas - PROGEP\" \/>\n<meta property=\"og:description\" content=\"A Coordena\u00e7\u00e3o de Sa\u00fade e Qualidade de Vida (CSQV) informa que est\u00e3o abertas at\u00e9 o dia 9 de abril de 2018\u00a0as inscri\u00e7\u00f5es para o Programa de Educa\u00e7\u00e3o para a Aposentadoria &#8211; &#8220;Evoluidade&#8221;. Os encontros ser\u00e3o realizados no pr\u00e9dio da Ag\u00eancia de Desenvolvimento da Lagoa Mirim, rua Lobo da Costa, 447, das 14h as 17h e [&hellip;]\" \/>\n<meta property=\"og:url\" content=\"https:\/\/wp.ufpel.edu.br\/progep\/2018\/03\/23\/csqv-inscreve-para-o-programa-de-educacao-para-a-aposentadoria\/\" \/>\n<meta property=\"og:site_name\" content=\"Pr\u00f3-Reitoria de Gest\u00e3o com Pessoas - PROGEP\" \/>\n<meta property=\"article:published_time\" content=\"2018-03-23T17:39:36+00:00\" \/>\n<meta property=\"article:modified_time\" content=\"2022-09-27T00:15:14+00:00\" \/>\n<meta name=\"author\" content=\"csqv\" \/>\n<meta name=\"twitter:card\" content=\"summary_large_image\" \/>\n<meta name=\"twitter:label1\" content=\"Escrito por\" \/>\n\t<meta name=\"twitter:data1\" content=\"csqv\" \/>\n<script type=\"application\/ld+json\" class=\"yoast-schema-graph\">{\"@context\":\"https:\\\/\\\/schema.org\",\"@graph\":[{\"@type\":\"Article\",\"@id\":\"https:\\\/\\\/wp.ufpel.edu.br\\\/progep\\\/2018\\\/03\\\/23\\\/csqv-inscreve-para-o-programa-de-educacao-para-a-aposentadoria\\\/#article\",\"isPartOf\":{\"@id\":\"https:\\\/\\\/wp.ufpel.edu.br\\\/progep\\\/2018\\\/03\\\/23\\\/csqv-inscreve-para-o-programa-de-educacao-para-a-aposentadoria\\\/\"},\"author\":{\"name\":\"csqv\",\"@id\":\"https:\\\/\\\/wp.ufpel.edu.br\\\/progep\\\/#\\\/schema\\\/person\\\/a0c870c5f38c3dd40abe3cbac8509810\"},\"headline\":\"CSQV inscreve para o Programa de Educa\u00e7\u00e3o para a Aposentadoria\",\"datePublished\":\"2018-03-23T17:39:36+00:00\",\"dateModified\":\"2022-09-27T00:15:14+00:00\",\"mainEntityOfPage\":{\"@id\":\"https:\\\/\\\/wp.ufpel.edu.br\\\/progep\\\/2018\\\/03\\\/23\\\/csqv-inscreve-para-o-programa-de-educacao-para-a-aposentadoria\\\/\"},\"wordCount\":106,\"publisher\":{\"@id\":\"https:\\\/\\\/wp.ufpel.edu.br\\\/progep\\\/#organization\"},\"articleSection\":[\"Not\u00edcias\"],\"inLanguage\":\"pt-BR\"},{\"@type\":\"WebPage\",\"@id\":\"https:\\\/\\\/wp.ufpel.edu.br\\\/progep\\\/2018\\\/03\\\/23\\\/csqv-inscreve-para-o-programa-de-educacao-para-a-aposentadoria\\\/\",\"url\":\"https:\\\/\\\/wp.ufpel.edu.br\\\/progep\\\/2018\\\/03\\\/23\\\/csqv-inscreve-para-o-programa-de-educacao-para-a-aposentadoria\\\/\",\"name\":\"CSQV inscreve para o Programa de Educa\u00e7\u00e3o para a Aposentadoria - Pr\u00f3-Reitoria de Gest\u00e3o com Pessoas - PROGEP\",\"isPartOf\":{\"@id\":\"https:\\\/\\\/wp.ufpel.edu.br\\\/progep\\\/#website\"},\"datePublished\":\"2018-03-23T17:39:36+00:00\",\"dateModified\":\"2022-09-27T00:15:14+00:00\",\"breadcrumb\":{\"@id\":\"https:\\\/\\\/wp.ufpel.edu.br\\\/progep\\\/2018\\\/03\\\/23\\\/csqv-inscreve-para-o-programa-de-educacao-para-a-aposentadoria\\\/#breadcrumb\"},\"inLanguage\":\"pt-BR\",\"potentialAction\":[{\"@type\":\"ReadAction\",\"target\":[\"https:\\\/\\\/wp.ufpel.edu.br\\\/progep\\\/2018\\\/03\\\/23\\\/csqv-inscreve-para-o-programa-de-educacao-para-a-aposentadoria\\\/\"]}]},{\"@type\":\"BreadcrumbList\",\"@id\":\"https:\\\/\\\/wp.ufpel.edu.br\\\/progep\\\/2018\\\/03\\\/23\\\/csqv-inscreve-para-o-programa-de-educacao-para-a-aposentadoria\\\/#breadcrumb\",\"itemListElement\":[{\"@type\":\"ListItem\",\"position\":1,\"name\":\"In\u00edcio\",\"item\":\"https:\\\/\\\/wp.ufpel.edu.br\\\/progep\\\/\"},{\"@type\":\"ListItem\",\"position\":2,\"name\":\"CSQV inscreve para o Programa de Educa\u00e7\u00e3o para a Aposentadoria\"}]},{\"@type\":\"WebSite\",\"@id\":\"https:\\\/\\\/wp.ufpel.edu.br\\\/progep\\\/#website\",\"url\":\"https:\\\/\\\/wp.ufpel.edu.br\\\/progep\\\/\",\"name\":\"Pr\u00f3-Reitoria de Gest\u00e3o com Pessoas - PROGEP\",\"description\":\"Pr\u00f3-Reitoria de Gest\u00e3o com Pessoas\",\"publisher\":{\"@id\":\"https:\\\/\\\/wp.ufpel.edu.br\\\/progep\\\/#organization\"},\"potentialAction\":[{\"@type\":\"SearchAction\",\"target\":{\"@type\":\"EntryPoint\",\"urlTemplate\":\"https:\\\/\\\/wp.ufpel.edu.br\\\/progep\\\/?s={search_term_string}\"},\"query-input\":{\"@type\":\"PropertyValueSpecification\",\"valueRequired\":true,\"valueName\":\"search_term_string\"}}],\"inLanguage\":\"pt-BR\"},{\"@type\":\"Organization\",\"@id\":\"https:\\\/\\\/wp.ufpel.edu.br\\\/progep\\\/#organization\",\"name\":\"Pr\u00f3-Reitoria de Gest\u00e3o com Pessoas - PROGEP\",\"url\":\"https:\\\/\\\/wp.ufpel.edu.br\\\/progep\\\/\",\"logo\":{\"@type\":\"ImageObject\",\"inLanguage\":\"pt-BR\",\"@id\":\"https:\\\/\\\/wp.ufpel.edu.br\\\/progep\\\/#\\\/schema\\\/logo\\\/image\\\/\",\"url\":\"https:\\\/\\\/wp.ufpel.edu.br\\\/progep\\\/files\\\/2025\\\/03\\\/logo-progep_atualizacao-nome_AZUL.png\",\"contentUrl\":\"https:\\\/\\\/wp.ufpel.edu.br\\\/progep\\\/files\\\/2025\\\/03\\\/logo-progep_atualizacao-nome_AZUL.png\",\"width\":1080,\"height\":391,\"caption\":\"Pr\u00f3-Reitoria de Gest\u00e3o com Pessoas - PROGEP\"},\"image\":{\"@id\":\"https:\\\/\\\/wp.ufpel.edu.br\\\/progep\\\/#\\\/schema\\\/logo\\\/image\\\/\"}},{\"@type\":\"Person\",\"@id\":\"https:\\\/\\\/wp.ufpel.edu.br\\\/progep\\\/#\\\/schema\\\/person\\\/a0c870c5f38c3dd40abe3cbac8509810\",\"name\":\"csqv\",\"image\":{\"@type\":\"ImageObject\",\"inLanguage\":\"pt-BR\",\"@id\":\"https:\\\/\\\/secure.gravatar.com\\\/avatar\\\/fed5431a255225515d7936e6a8d039bdeedd7e8914f1041257a393fb49cc1cac?s=96&d=mm&r=g\",\"url\":\"https:\\\/\\\/secure.gravatar.com\\\/avatar\\\/fed5431a255225515d7936e6a8d039bdeedd7e8914f1041257a393fb49cc1cac?s=96&d=mm&r=g\",\"contentUrl\":\"https:\\\/\\\/secure.gravatar.com\\\/avatar\\\/fed5431a255225515d7936e6a8d039bdeedd7e8914f1041257a393fb49cc1cac?s=96&d=mm&r=g\",\"caption\":\"csqv\"},\"url\":\"https:\\\/\\\/wp.ufpel.edu.br\\\/progep\\\/author\\\/csqv\\\/\"}]}<\/script>\n<!-- \/ Yoast SEO plugin. -->","yoast_head_json":{"title":"CSQV inscreve para o Programa de Educa\u00e7\u00e3o para a Aposentadoria - Pr\u00f3-Reitoria de Gest\u00e3o com Pessoas - PROGEP","robots":{"index":"index","follow":"follow","max-snippet":"max-snippet:-1","max-image-preview":"max-image-preview:large","max-video-preview":"max-video-preview:-1"},"canonical":"https:\/\/wp.ufpel.edu.br\/progep\/2018\/03\/23\/csqv-inscreve-para-o-programa-de-educacao-para-a-aposentadoria\/","og_locale":"pt_BR","og_type":"article","og_title":"CSQV inscreve para o Programa de Educa\u00e7\u00e3o para a Aposentadoria - Pr\u00f3-Reitoria de Gest\u00e3o com Pessoas - PROGEP","og_description":"A Coordena\u00e7\u00e3o de Sa\u00fade e Qualidade de Vida (CSQV) informa que est\u00e3o abertas at\u00e9 o dia 9 de abril de 2018\u00a0as inscri\u00e7\u00f5es para o Programa de Educa\u00e7\u00e3o para a Aposentadoria &#8211; &#8220;Evoluidade&#8221;. Os encontros ser\u00e3o realizados no pr\u00e9dio da Ag\u00eancia de Desenvolvimento da Lagoa Mirim, rua Lobo da Costa, 447, das 14h as 17h e [&hellip;]","og_url":"https:\/\/wp.ufpel.edu.br\/progep\/2018\/03\/23\/csqv-inscreve-para-o-programa-de-educacao-para-a-aposentadoria\/","og_site_name":"Pr\u00f3-Reitoria de Gest\u00e3o com Pessoas - PROGEP","article_published_time":"2018-03-23T17:39:36+00:00","article_modified_time":"2022-09-27T00:15:14+00:00","author":"csqv","twitter_card":"summary_large_image","twitter_misc":{"Escrito por":"csqv"},"schema":{"@context":"https:\/\/schema.org","@graph":[{"@type":"Article","@id":"https:\/\/wp.ufpel.edu.br\/progep\/2018\/03\/23\/csqv-inscreve-para-o-programa-de-educacao-para-a-aposentadoria\/#article","isPartOf":{"@id":"https:\/\/wp.ufpel.edu.br\/progep\/2018\/03\/23\/csqv-inscreve-para-o-programa-de-educacao-para-a-aposentadoria\/"},"author":{"name":"csqv","@id":"https:\/\/wp.ufpel.edu.br\/progep\/#\/schema\/person\/a0c870c5f38c3dd40abe3cbac8509810"},"headline":"CSQV inscreve para o Programa de Educa\u00e7\u00e3o para a Aposentadoria","datePublished":"2018-03-23T17:39:36+00:00","dateModified":"2022-09-27T00:15:14+00:00","mainEntityOfPage":{"@id":"https:\/\/wp.ufpel.edu.br\/progep\/2018\/03\/23\/csqv-inscreve-para-o-programa-de-educacao-para-a-aposentadoria\/"},"wordCount":106,"publisher":{"@id":"https:\/\/wp.ufpel.edu.br\/progep\/#organization"},"articleSection":["Not\u00edcias"],"inLanguage":"pt-BR"},{"@type":"WebPage","@id":"https:\/\/wp.ufpel.edu.br\/progep\/2018\/03\/23\/csqv-inscreve-para-o-programa-de-educacao-para-a-aposentadoria\/","url":"https:\/\/wp.ufpel.edu.br\/progep\/2018\/03\/23\/csqv-inscreve-para-o-programa-de-educacao-para-a-aposentadoria\/","name":"CSQV inscreve para o Programa de Educa\u00e7\u00e3o para a Aposentadoria - Pr\u00f3-Reitoria de Gest\u00e3o com Pessoas - PROGEP","isPartOf":{"@id":"https:\/\/wp.ufpel.edu.br\/progep\/#website"},"datePublished":"2018-03-23T17:39:36+00:00","dateModified":"2022-09-27T00:15:14+00:00","breadcrumb":{"@id":"https:\/\/wp.ufpel.edu.br\/progep\/2018\/03\/23\/csqv-inscreve-para-o-programa-de-educacao-para-a-aposentadoria\/#breadcrumb"},"inLanguage":"pt-BR","potentialAction":[{"@type":"ReadAction","target":["https:\/\/wp.ufpel.edu.br\/progep\/2018\/03\/23\/csqv-inscreve-para-o-programa-de-educacao-para-a-aposentadoria\/"]}]},{"@type":"BreadcrumbList","@id":"https:\/\/wp.ufpel.edu.br\/progep\/2018\/03\/23\/csqv-inscreve-para-o-programa-de-educacao-para-a-aposentadoria\/#breadcrumb","itemListElement":[{"@type":"ListItem","position":1,"name":"In\u00edcio","item":"https:\/\/wp.ufpel.edu.br\/progep\/"},{"@type":"ListItem","position":2,"name":"CSQV inscreve para o Programa de Educa\u00e7\u00e3o para a Aposentadoria"}]},{"@type":"WebSite","@id":"https:\/\/wp.ufpel.edu.br\/progep\/#website","url":"https:\/\/wp.ufpel.edu.br\/progep\/","name":"Pr\u00f3-Reitoria de Gest\u00e3o com Pessoas - PROGEP","description":"Pr\u00f3-Reitoria de Gest\u00e3o com Pessoas","publisher":{"@id":"https:\/\/wp.ufpel.edu.br\/progep\/#organization"},"potentialAction":[{"@type":"SearchAction","target":{"@type":"EntryPoint","urlTemplate":"https:\/\/wp.ufpel.edu.br\/progep\/?s={search_term_string}"},"query-input":{"@type":"PropertyValueSpecification","valueRequired":true,"valueName":"search_term_string"}}],"inLanguage":"pt-BR"},{"@type":"Organization","@id":"https:\/\/wp.ufpel.edu.br\/progep\/#organization","name":"Pr\u00f3-Reitoria de Gest\u00e3o com Pessoas - PROGEP","url":"https:\/\/wp.ufpel.edu.br\/progep\/","logo":{"@type":"ImageObject","inLanguage":"pt-BR","@id":"https:\/\/wp.ufpel.edu.br\/progep\/#\/schema\/logo\/image\/","url":"https:\/\/wp.ufpel.edu.br\/progep\/files\/2025\/03\/logo-progep_atualizacao-nome_AZUL.png","contentUrl":"https:\/\/wp.ufpel.edu.br\/progep\/files\/2025\/03\/logo-progep_atualizacao-nome_AZUL.png","width":1080,"height":391,"caption":"Pr\u00f3-Reitoria de Gest\u00e3o com Pessoas - PROGEP"},"image":{"@id":"https:\/\/wp.ufpel.edu.br\/progep\/#\/schema\/logo\/image\/"}},{"@type":"Person","@id":"https:\/\/wp.ufpel.edu.br\/progep\/#\/schema\/person\/a0c870c5f38c3dd40abe3cbac8509810","name":"csqv","image":{"@type":"ImageObject","inLanguage":"pt-BR","@id":"https:\/\/secure.gravatar.com\/avatar\/fed5431a255225515d7936e6a8d039bdeedd7e8914f1041257a393fb49cc1cac?s=96&d=mm&r=g","url":"https:\/\/secure.gravatar.com\/avatar\/fed5431a255225515d7936e6a8d039bdeedd7e8914f1041257a393fb49cc1cac?s=96&d=mm&r=g","contentUrl":"https:\/\/secure.gravatar.com\/avatar\/fed5431a255225515d7936e6a8d039bdeedd7e8914f1041257a393fb49cc1cac?s=96&d=mm&r=g","caption":"csqv"},"url":"https:\/\/wp.ufpel.edu.br\/progep\/author\/csqv\/"}]}},"jetpack_featured_media_url":"","_links":{"self":[{"href":"https:\/\/wp.ufpel.edu.br\/progep\/wp-json\/wp\/v2\/posts\/12278","targetHints":{"allow":["GET"]}}],"collection":[{"href":"https:\/\/wp.ufpel.edu.br\/progep\/wp-json\/wp\/v2\/posts"}],"about":[{"href":"https:\/\/wp.ufpel.edu.br\/progep\/wp-json\/wp\/v2\/types\/post"}],"author":[{"embeddable":true,"href":"https:\/\/wp.ufpel.edu.br\/progep\/wp-json\/wp\/v2\/users\/246"}],"replies":[{"embeddable":true,"href":"https:\/\/wp.ufpel.edu.br\/progep\/wp-json\/wp\/v2\/comments?post=12278"}],"version-history":[{"count":1,"href":"https:\/\/wp.ufpel.edu.br\/progep\/wp-json\/wp\/v2\/posts\/12278\/revisions"}],"predecessor-version":[{"id":12280,"href":"https:\/\/wp.ufpel.edu.br\/progep\/wp-json\/wp\/v2\/posts\/12278\/revisions\/12280"}],"wp:attachment":[{"href":"https:\/\/wp.ufpel.edu.br\/progep\/wp-json\/wp\/v2\/media?parent=12278"}],"wp:term":[{"taxonomy":"category","embeddable":true,"href":"https:\/\/wp.ufpel.edu.br\/progep\/wp-json\/wp\/v2\/categories?post=12278"},{"taxonomy":"post_tag","embeddable":true,"href":"https:\/\/wp.ufpel.edu.br\/progep\/wp-json\/wp\/v2\/tags?post=12278"}],"curies":[{"name":"wp","href":"https:\/\/api.w.org\/{rel}","templated":true}]}}