{"id":12208,"date":"2018-03-06T11:15:55","date_gmt":"2018-03-06T14:15:55","guid":{"rendered":"https:\/\/wp.ufpel.edu.br\/progep\/?p=12208"},"modified":"2018-03-06T11:32:41","modified_gmt":"2018-03-06T14:32:41","slug":"ciclo-de-palestras-mesa-redonda-dialogos-das-mulheres-reflexoes-sobre-o-papel-da-mulher-no-servico-publico-e-no-mundo-do-trabalho-na-contemporaneidade","status":"publish","type":"post","link":"https:\/\/wp.ufpel.edu.br\/progep\/2018\/03\/06\/ciclo-de-palestras-mesa-redonda-dialogos-das-mulheres-reflexoes-sobre-o-papel-da-mulher-no-servico-publico-e-no-mundo-do-trabalho-na-contemporaneidade\/","title":{"rendered":"Ciclo de Palestras &#8211; Mesa Redonda: Di\u00e1logos das Mulheres: reflex\u00f5es sobre o papel da mulher no servi\u00e7o p\u00fablico e no mundo do trabalho na contemporaneidade"},"content":{"rendered":"<p>A CDP\/PROGEP convida a todos os servidores para participarem desse evento, alusivo ao Dia Internacional da Mulher, conforme segue.<\/p>\n<p><strong>Data:<\/strong>\u00a007 de mar\u00e7o\u00a0de 2018<\/p>\n<p><strong>Local:<\/strong>\u00a0Audit\u00f3rio da Faculdade de Direito &#8211;\u00a0R. F\u00e9lix Xavier da Cunha, 363<\/p>\n<p><strong>Hor\u00e1rio:<\/strong>\u00a014 horas<\/p>\n<p style=\"text-align: justify\"><strong>Ementa: <\/strong>A mesa redonda se prop\u00f5e a promover um debate acerca dos desafios no mundo do trabalho e servi\u00e7o\u00a0\u00a0p\u00fablico a partir das reflex\u00f5es te\u00f3ricas e experi\u00eancias do cotidiano das mulheres nos diferentes espa\u00e7os sociais da contemporaneidade, compondo o calend\u00e1rio de lutas do 8 de mar\u00e7o pela manuten\u00e7\u00e3o e amplia\u00e7\u00e3o dos direitos das mulheres e no enfrentamento de todas as formas de viol\u00eancia de g\u00eanero.<\/p>\n<p><strong>Palestrantes:<\/strong>\u00a0Alexandra Domingues; Mara Beatriz Nunes Gomes; Rog\u00e9ria aparecida Garcia; Sara Teixeira Munaretto. Mediadora: Carolina Andersson Bunde.<\/p>\n<p><strong>Apresenta\u00e7\u00e3o art\u00edstica:<\/strong> O evento ter\u00e1 in\u00edcio com o GRUPO VOCAL DO CORREDOR, o qual\u00a0foi criado em 2015 com a inten\u00e7\u00e3o de reunir alunos dos cursos de m\u00fasica da Universidade Federal de Pelotas interessados em canto coral, com \u00eanfase em m\u00fasica popular e acapella. Por, a princ\u00edpio, n\u00e3o ser um grupo que se enquadra ou pertence a um \u00fanico curso, mas que re\u00fane colegas das variadas habilita\u00e7\u00f5es em m\u00fasica oferecidas pela UFPel, recebeu a designa\u00e7\u00e3o de &#8216;Grupo Vocal do Corredor&#8217;, remetendo ao quinto andar do Centro de Artes, que re\u00fane os bacharelados em m\u00fasica da Universidade. Coordena\u00e7\u00e3o: Fernanda Miki.<\/p>\n<p><b>Maiores Informa\u00e7\u00f5es <span style=\"color: #ff6600\"><a style=\"color: #ff6600\" href=\"https:\/\/wp.ufpel.edu.br\/progep\/ciclo-de-palestras-mesa-redonda-dialogos-das-mulheres-reflexoes-sobre-o-papel-da-mulher-no-servico-publico-e-no-mundo-do-trabalho-na-contemporaneidade\/\">AQUI<\/a><\/span>!<\/b><\/p>\n<p>Obs.:\u00a0Esta palestra encerra o Ciclo Anual de 2017, que foi interrompido pelo movimento grevista. Se necess\u00e1rio, mediante solicita\u00e7\u00e3o, a CDP poder\u00e1 expedir atestado de participa\u00e7\u00e3o.\u00a0A certifica\u00e7\u00e3o total de cada Ciclo ser\u00e1 emitida pela CDP e os certificados ser\u00e3o enviados para os servidores via e-mail.<\/p>\n<p>&nbsp;<\/p>\n<p>&nbsp;<\/p>\n","protected":false},"excerpt":{"rendered":"<p>A CDP\/PROGEP convida a todos os servidores para participarem desse evento, alusivo ao Dia Internacional da Mulher, conforme segue. Data:\u00a007 de mar\u00e7o\u00a0de 2018 Local:\u00a0Audit\u00f3rio da Faculdade de Direito &#8211;\u00a0R. F\u00e9lix Xavier da Cunha, 363 Hor\u00e1rio:\u00a014 horas Ementa: A mesa redonda se prop\u00f5e a promover um debate acerca dos desafios no mundo do trabalho e servi\u00e7o\u00a0\u00a0p\u00fablico [&hellip;]<\/p>\n","protected":false},"author":21,"featured_media":0,"comment_status":"closed","ping_status":"closed","sticky":false,"template":"","format":"standard","meta":{"footnotes":""},"categories":[1],"tags":[],"class_list":["post-12208","post","type-post","status-publish","format-standard","hentry","category-noticias"],"yoast_head":"<!-- This site is optimized with the Yoast SEO plugin v28.1 - https:\/\/yoast.com\/product\/yoast-seo-wordpress\/ -->\n<title>Ciclo de Palestras - Mesa Redonda: Di\u00e1logos das Mulheres: reflex\u00f5es sobre o papel da mulher no servi\u00e7o p\u00fablico e no mundo do trabalho na contemporaneidade - Pr\u00f3-Reitoria de Gest\u00e3o com Pessoas - PROGEP<\/title>\n<meta name=\"robots\" content=\"index, follow, max-snippet:-1, max-image-preview:large, max-video-preview:-1\" \/>\n<link rel=\"canonical\" href=\"https:\/\/wp.ufpel.edu.br\/progep\/2018\/03\/06\/ciclo-de-palestras-mesa-redonda-dialogos-das-mulheres-reflexoes-sobre-o-papel-da-mulher-no-servico-publico-e-no-mundo-do-trabalho-na-contemporaneidade\/\" \/>\n<meta property=\"og:locale\" content=\"pt_BR\" \/>\n<meta property=\"og:type\" content=\"article\" \/>\n<meta property=\"og:title\" content=\"Ciclo de Palestras - Mesa Redonda: Di\u00e1logos das Mulheres: reflex\u00f5es sobre o papel da mulher no servi\u00e7o p\u00fablico e no mundo do trabalho na contemporaneidade - Pr\u00f3-Reitoria de Gest\u00e3o com Pessoas - PROGEP\" \/>\n<meta property=\"og:description\" content=\"A CDP\/PROGEP convida a todos os servidores para participarem desse evento, alusivo ao Dia Internacional da Mulher, conforme segue. Data:\u00a007 de mar\u00e7o\u00a0de 2018 Local:\u00a0Audit\u00f3rio da Faculdade de Direito &#8211;\u00a0R. F\u00e9lix Xavier da Cunha, 363 Hor\u00e1rio:\u00a014 horas Ementa: A mesa redonda se prop\u00f5e a promover um debate acerca dos desafios no mundo do trabalho e servi\u00e7o\u00a0\u00a0p\u00fablico [&hellip;]\" \/>\n<meta property=\"og:url\" content=\"https:\/\/wp.ufpel.edu.br\/progep\/2018\/03\/06\/ciclo-de-palestras-mesa-redonda-dialogos-das-mulheres-reflexoes-sobre-o-papel-da-mulher-no-servico-publico-e-no-mundo-do-trabalho-na-contemporaneidade\/\" \/>\n<meta property=\"og:site_name\" content=\"Pr\u00f3-Reitoria de Gest\u00e3o com Pessoas - PROGEP\" \/>\n<meta property=\"article:published_time\" content=\"2018-03-06T14:15:55+00:00\" \/>\n<meta property=\"article:modified_time\" content=\"2018-03-06T14:32:41+00:00\" \/>\n<meta name=\"author\" content=\"cdp\" \/>\n<meta name=\"twitter:card\" content=\"summary_large_image\" \/>\n<meta name=\"twitter:label1\" content=\"Escrito por\" \/>\n\t<meta name=\"twitter:data1\" content=\"cdp\" \/>\n\t<meta name=\"twitter:label2\" content=\"Est. tempo de leitura\" \/>\n\t<meta name=\"twitter:data2\" content=\"2 minutos\" \/>\n<script type=\"application\/ld+json\" class=\"yoast-schema-graph\">{\"@context\":\"https:\\\/\\\/schema.org\",\"@graph\":[{\"@type\":\"Article\",\"@id\":\"https:\\\/\\\/wp.ufpel.edu.br\\\/progep\\\/2018\\\/03\\\/06\\\/ciclo-de-palestras-mesa-redonda-dialogos-das-mulheres-reflexoes-sobre-o-papel-da-mulher-no-servico-publico-e-no-mundo-do-trabalho-na-contemporaneidade\\\/#article\",\"isPartOf\":{\"@id\":\"https:\\\/\\\/wp.ufpel.edu.br\\\/progep\\\/2018\\\/03\\\/06\\\/ciclo-de-palestras-mesa-redonda-dialogos-das-mulheres-reflexoes-sobre-o-papel-da-mulher-no-servico-publico-e-no-mundo-do-trabalho-na-contemporaneidade\\\/\"},\"author\":{\"name\":\"cdp\",\"@id\":\"https:\\\/\\\/wp.ufpel.edu.br\\\/progep\\\/#\\\/schema\\\/person\\\/315e74eabd6db6c24f6679afc7f23ee8\"},\"headline\":\"Ciclo de Palestras &#8211; Mesa Redonda: Di\u00e1logos das Mulheres: reflex\u00f5es sobre o papel da mulher no servi\u00e7o p\u00fablico e no mundo do trabalho na contemporaneidade\",\"datePublished\":\"2018-03-06T14:15:55+00:00\",\"dateModified\":\"2018-03-06T14:32:41+00:00\",\"mainEntityOfPage\":{\"@id\":\"https:\\\/\\\/wp.ufpel.edu.br\\\/progep\\\/2018\\\/03\\\/06\\\/ciclo-de-palestras-mesa-redonda-dialogos-das-mulheres-reflexoes-sobre-o-papel-da-mulher-no-servico-publico-e-no-mundo-do-trabalho-na-contemporaneidade\\\/\"},\"wordCount\":335,\"publisher\":{\"@id\":\"https:\\\/\\\/wp.ufpel.edu.br\\\/progep\\\/#organization\"},\"articleSection\":[\"Not\u00edcias\"],\"inLanguage\":\"pt-BR\"},{\"@type\":\"WebPage\",\"@id\":\"https:\\\/\\\/wp.ufpel.edu.br\\\/progep\\\/2018\\\/03\\\/06\\\/ciclo-de-palestras-mesa-redonda-dialogos-das-mulheres-reflexoes-sobre-o-papel-da-mulher-no-servico-publico-e-no-mundo-do-trabalho-na-contemporaneidade\\\/\",\"url\":\"https:\\\/\\\/wp.ufpel.edu.br\\\/progep\\\/2018\\\/03\\\/06\\\/ciclo-de-palestras-mesa-redonda-dialogos-das-mulheres-reflexoes-sobre-o-papel-da-mulher-no-servico-publico-e-no-mundo-do-trabalho-na-contemporaneidade\\\/\",\"name\":\"Ciclo de Palestras - Mesa Redonda: Di\u00e1logos das Mulheres: reflex\u00f5es sobre o papel da mulher no servi\u00e7o p\u00fablico e no mundo do trabalho na contemporaneidade - Pr\u00f3-Reitoria de Gest\u00e3o com Pessoas - PROGEP\",\"isPartOf\":{\"@id\":\"https:\\\/\\\/wp.ufpel.edu.br\\\/progep\\\/#website\"},\"datePublished\":\"2018-03-06T14:15:55+00:00\",\"dateModified\":\"2018-03-06T14:32:41+00:00\",\"breadcrumb\":{\"@id\":\"https:\\\/\\\/wp.ufpel.edu.br\\\/progep\\\/2018\\\/03\\\/06\\\/ciclo-de-palestras-mesa-redonda-dialogos-das-mulheres-reflexoes-sobre-o-papel-da-mulher-no-servico-publico-e-no-mundo-do-trabalho-na-contemporaneidade\\\/#breadcrumb\"},\"inLanguage\":\"pt-BR\",\"potentialAction\":[{\"@type\":\"ReadAction\",\"target\":[\"https:\\\/\\\/wp.ufpel.edu.br\\\/progep\\\/2018\\\/03\\\/06\\\/ciclo-de-palestras-mesa-redonda-dialogos-das-mulheres-reflexoes-sobre-o-papel-da-mulher-no-servico-publico-e-no-mundo-do-trabalho-na-contemporaneidade\\\/\"]}]},{\"@type\":\"BreadcrumbList\",\"@id\":\"https:\\\/\\\/wp.ufpel.edu.br\\\/progep\\\/2018\\\/03\\\/06\\\/ciclo-de-palestras-mesa-redonda-dialogos-das-mulheres-reflexoes-sobre-o-papel-da-mulher-no-servico-publico-e-no-mundo-do-trabalho-na-contemporaneidade\\\/#breadcrumb\",\"itemListElement\":[{\"@type\":\"ListItem\",\"position\":1,\"name\":\"In\u00edcio\",\"item\":\"https:\\\/\\\/wp.ufpel.edu.br\\\/progep\\\/\"},{\"@type\":\"ListItem\",\"position\":2,\"name\":\"Ciclo de Palestras &#8211; Mesa Redonda: Di\u00e1logos das Mulheres: reflex\u00f5es sobre o papel da mulher no servi\u00e7o p\u00fablico e no mundo do trabalho na contemporaneidade\"}]},{\"@type\":\"WebSite\",\"@id\":\"https:\\\/\\\/wp.ufpel.edu.br\\\/progep\\\/#website\",\"url\":\"https:\\\/\\\/wp.ufpel.edu.br\\\/progep\\\/\",\"name\":\"Pr\u00f3-Reitoria de Gest\u00e3o com Pessoas - PROGEP\",\"description\":\"Pr\u00f3-Reitoria de Gest\u00e3o com Pessoas\",\"publisher\":{\"@id\":\"https:\\\/\\\/wp.ufpel.edu.br\\\/progep\\\/#organization\"},\"potentialAction\":[{\"@type\":\"SearchAction\",\"target\":{\"@type\":\"EntryPoint\",\"urlTemplate\":\"https:\\\/\\\/wp.ufpel.edu.br\\\/progep\\\/?s={search_term_string}\"},\"query-input\":{\"@type\":\"PropertyValueSpecification\",\"valueRequired\":true,\"valueName\":\"search_term_string\"}}],\"inLanguage\":\"pt-BR\"},{\"@type\":\"Organization\",\"@id\":\"https:\\\/\\\/wp.ufpel.edu.br\\\/progep\\\/#organization\",\"name\":\"Pr\u00f3-Reitoria de Gest\u00e3o com Pessoas - PROGEP\",\"url\":\"https:\\\/\\\/wp.ufpel.edu.br\\\/progep\\\/\",\"logo\":{\"@type\":\"ImageObject\",\"inLanguage\":\"pt-BR\",\"@id\":\"https:\\\/\\\/wp.ufpel.edu.br\\\/progep\\\/#\\\/schema\\\/logo\\\/image\\\/\",\"url\":\"https:\\\/\\\/wp.ufpel.edu.br\\\/progep\\\/files\\\/2025\\\/03\\\/logo-progep_atualizacao-nome_AZUL.png\",\"contentUrl\":\"https:\\\/\\\/wp.ufpel.edu.br\\\/progep\\\/files\\\/2025\\\/03\\\/logo-progep_atualizacao-nome_AZUL.png\",\"width\":1080,\"height\":391,\"caption\":\"Pr\u00f3-Reitoria de Gest\u00e3o com Pessoas - PROGEP\"},\"image\":{\"@id\":\"https:\\\/\\\/wp.ufpel.edu.br\\\/progep\\\/#\\\/schema\\\/logo\\\/image\\\/\"}},{\"@type\":\"Person\",\"@id\":\"https:\\\/\\\/wp.ufpel.edu.br\\\/progep\\\/#\\\/schema\\\/person\\\/315e74eabd6db6c24f6679afc7f23ee8\",\"name\":\"cdp\",\"image\":{\"@type\":\"ImageObject\",\"inLanguage\":\"pt-BR\",\"@id\":\"https:\\\/\\\/secure.gravatar.com\\\/avatar\\\/d1c707b216da068db2349cbc09d8ef378ef232ab888014f26c0b341e93034497?s=96&d=mm&r=g\",\"url\":\"https:\\\/\\\/secure.gravatar.com\\\/avatar\\\/d1c707b216da068db2349cbc09d8ef378ef232ab888014f26c0b341e93034497?s=96&d=mm&r=g\",\"contentUrl\":\"https:\\\/\\\/secure.gravatar.com\\\/avatar\\\/d1c707b216da068db2349cbc09d8ef378ef232ab888014f26c0b341e93034497?s=96&d=mm&r=g\",\"caption\":\"cdp\"},\"url\":\"https:\\\/\\\/wp.ufpel.edu.br\\\/progep\\\/author\\\/dpdp\\\/\"}]}<\/script>\n<!-- \/ Yoast SEO plugin. -->","yoast_head_json":{"title":"Ciclo de Palestras - Mesa Redonda: Di\u00e1logos das Mulheres: reflex\u00f5es sobre o papel da mulher no servi\u00e7o p\u00fablico e no mundo do trabalho na contemporaneidade - Pr\u00f3-Reitoria de Gest\u00e3o com Pessoas - PROGEP","robots":{"index":"index","follow":"follow","max-snippet":"max-snippet:-1","max-image-preview":"max-image-preview:large","max-video-preview":"max-video-preview:-1"},"canonical":"https:\/\/wp.ufpel.edu.br\/progep\/2018\/03\/06\/ciclo-de-palestras-mesa-redonda-dialogos-das-mulheres-reflexoes-sobre-o-papel-da-mulher-no-servico-publico-e-no-mundo-do-trabalho-na-contemporaneidade\/","og_locale":"pt_BR","og_type":"article","og_title":"Ciclo de Palestras - Mesa Redonda: Di\u00e1logos das Mulheres: reflex\u00f5es sobre o papel da mulher no servi\u00e7o p\u00fablico e no mundo do trabalho na contemporaneidade - Pr\u00f3-Reitoria de Gest\u00e3o com Pessoas - PROGEP","og_description":"A CDP\/PROGEP convida a todos os servidores para participarem desse evento, alusivo ao Dia Internacional da Mulher, conforme segue. Data:\u00a007 de mar\u00e7o\u00a0de 2018 Local:\u00a0Audit\u00f3rio da Faculdade de Direito &#8211;\u00a0R. F\u00e9lix Xavier da Cunha, 363 Hor\u00e1rio:\u00a014 horas Ementa: A mesa redonda se prop\u00f5e a promover um debate acerca dos desafios no mundo do trabalho e servi\u00e7o\u00a0\u00a0p\u00fablico [&hellip;]","og_url":"https:\/\/wp.ufpel.edu.br\/progep\/2018\/03\/06\/ciclo-de-palestras-mesa-redonda-dialogos-das-mulheres-reflexoes-sobre-o-papel-da-mulher-no-servico-publico-e-no-mundo-do-trabalho-na-contemporaneidade\/","og_site_name":"Pr\u00f3-Reitoria de Gest\u00e3o com Pessoas - PROGEP","article_published_time":"2018-03-06T14:15:55+00:00","article_modified_time":"2018-03-06T14:32:41+00:00","author":"cdp","twitter_card":"summary_large_image","twitter_misc":{"Escrito por":"cdp","Est. tempo de leitura":"2 minutos"},"schema":{"@context":"https:\/\/schema.org","@graph":[{"@type":"Article","@id":"https:\/\/wp.ufpel.edu.br\/progep\/2018\/03\/06\/ciclo-de-palestras-mesa-redonda-dialogos-das-mulheres-reflexoes-sobre-o-papel-da-mulher-no-servico-publico-e-no-mundo-do-trabalho-na-contemporaneidade\/#article","isPartOf":{"@id":"https:\/\/wp.ufpel.edu.br\/progep\/2018\/03\/06\/ciclo-de-palestras-mesa-redonda-dialogos-das-mulheres-reflexoes-sobre-o-papel-da-mulher-no-servico-publico-e-no-mundo-do-trabalho-na-contemporaneidade\/"},"author":{"name":"cdp","@id":"https:\/\/wp.ufpel.edu.br\/progep\/#\/schema\/person\/315e74eabd6db6c24f6679afc7f23ee8"},"headline":"Ciclo de Palestras &#8211; Mesa Redonda: Di\u00e1logos das Mulheres: reflex\u00f5es sobre o papel da mulher no servi\u00e7o p\u00fablico e no mundo do trabalho na contemporaneidade","datePublished":"2018-03-06T14:15:55+00:00","dateModified":"2018-03-06T14:32:41+00:00","mainEntityOfPage":{"@id":"https:\/\/wp.ufpel.edu.br\/progep\/2018\/03\/06\/ciclo-de-palestras-mesa-redonda-dialogos-das-mulheres-reflexoes-sobre-o-papel-da-mulher-no-servico-publico-e-no-mundo-do-trabalho-na-contemporaneidade\/"},"wordCount":335,"publisher":{"@id":"https:\/\/wp.ufpel.edu.br\/progep\/#organization"},"articleSection":["Not\u00edcias"],"inLanguage":"pt-BR"},{"@type":"WebPage","@id":"https:\/\/wp.ufpel.edu.br\/progep\/2018\/03\/06\/ciclo-de-palestras-mesa-redonda-dialogos-das-mulheres-reflexoes-sobre-o-papel-da-mulher-no-servico-publico-e-no-mundo-do-trabalho-na-contemporaneidade\/","url":"https:\/\/wp.ufpel.edu.br\/progep\/2018\/03\/06\/ciclo-de-palestras-mesa-redonda-dialogos-das-mulheres-reflexoes-sobre-o-papel-da-mulher-no-servico-publico-e-no-mundo-do-trabalho-na-contemporaneidade\/","name":"Ciclo de Palestras - Mesa Redonda: Di\u00e1logos das Mulheres: reflex\u00f5es sobre o papel da mulher no servi\u00e7o p\u00fablico e no mundo do trabalho na contemporaneidade - Pr\u00f3-Reitoria de Gest\u00e3o com Pessoas - PROGEP","isPartOf":{"@id":"https:\/\/wp.ufpel.edu.br\/progep\/#website"},"datePublished":"2018-03-06T14:15:55+00:00","dateModified":"2018-03-06T14:32:41+00:00","breadcrumb":{"@id":"https:\/\/wp.ufpel.edu.br\/progep\/2018\/03\/06\/ciclo-de-palestras-mesa-redonda-dialogos-das-mulheres-reflexoes-sobre-o-papel-da-mulher-no-servico-publico-e-no-mundo-do-trabalho-na-contemporaneidade\/#breadcrumb"},"inLanguage":"pt-BR","potentialAction":[{"@type":"ReadAction","target":["https:\/\/wp.ufpel.edu.br\/progep\/2018\/03\/06\/ciclo-de-palestras-mesa-redonda-dialogos-das-mulheres-reflexoes-sobre-o-papel-da-mulher-no-servico-publico-e-no-mundo-do-trabalho-na-contemporaneidade\/"]}]},{"@type":"BreadcrumbList","@id":"https:\/\/wp.ufpel.edu.br\/progep\/2018\/03\/06\/ciclo-de-palestras-mesa-redonda-dialogos-das-mulheres-reflexoes-sobre-o-papel-da-mulher-no-servico-publico-e-no-mundo-do-trabalho-na-contemporaneidade\/#breadcrumb","itemListElement":[{"@type":"ListItem","position":1,"name":"In\u00edcio","item":"https:\/\/wp.ufpel.edu.br\/progep\/"},{"@type":"ListItem","position":2,"name":"Ciclo de Palestras &#8211; Mesa Redonda: Di\u00e1logos das Mulheres: reflex\u00f5es sobre o papel da mulher no servi\u00e7o p\u00fablico e no mundo do trabalho na contemporaneidade"}]},{"@type":"WebSite","@id":"https:\/\/wp.ufpel.edu.br\/progep\/#website","url":"https:\/\/wp.ufpel.edu.br\/progep\/","name":"Pr\u00f3-Reitoria de Gest\u00e3o com Pessoas - PROGEP","description":"Pr\u00f3-Reitoria de Gest\u00e3o com Pessoas","publisher":{"@id":"https:\/\/wp.ufpel.edu.br\/progep\/#organization"},"potentialAction":[{"@type":"SearchAction","target":{"@type":"EntryPoint","urlTemplate":"https:\/\/wp.ufpel.edu.br\/progep\/?s={search_term_string}"},"query-input":{"@type":"PropertyValueSpecification","valueRequired":true,"valueName":"search_term_string"}}],"inLanguage":"pt-BR"},{"@type":"Organization","@id":"https:\/\/wp.ufpel.edu.br\/progep\/#organization","name":"Pr\u00f3-Reitoria de Gest\u00e3o com Pessoas - PROGEP","url":"https:\/\/wp.ufpel.edu.br\/progep\/","logo":{"@type":"ImageObject","inLanguage":"pt-BR","@id":"https:\/\/wp.ufpel.edu.br\/progep\/#\/schema\/logo\/image\/","url":"https:\/\/wp.ufpel.edu.br\/progep\/files\/2025\/03\/logo-progep_atualizacao-nome_AZUL.png","contentUrl":"https:\/\/wp.ufpel.edu.br\/progep\/files\/2025\/03\/logo-progep_atualizacao-nome_AZUL.png","width":1080,"height":391,"caption":"Pr\u00f3-Reitoria de Gest\u00e3o com Pessoas - PROGEP"},"image":{"@id":"https:\/\/wp.ufpel.edu.br\/progep\/#\/schema\/logo\/image\/"}},{"@type":"Person","@id":"https:\/\/wp.ufpel.edu.br\/progep\/#\/schema\/person\/315e74eabd6db6c24f6679afc7f23ee8","name":"cdp","image":{"@type":"ImageObject","inLanguage":"pt-BR","@id":"https:\/\/secure.gravatar.com\/avatar\/d1c707b216da068db2349cbc09d8ef378ef232ab888014f26c0b341e93034497?s=96&d=mm&r=g","url":"https:\/\/secure.gravatar.com\/avatar\/d1c707b216da068db2349cbc09d8ef378ef232ab888014f26c0b341e93034497?s=96&d=mm&r=g","contentUrl":"https:\/\/secure.gravatar.com\/avatar\/d1c707b216da068db2349cbc09d8ef378ef232ab888014f26c0b341e93034497?s=96&d=mm&r=g","caption":"cdp"},"url":"https:\/\/wp.ufpel.edu.br\/progep\/author\/dpdp\/"}]}},"jetpack_featured_media_url":"","_links":{"self":[{"href":"https:\/\/wp.ufpel.edu.br\/progep\/wp-json\/wp\/v2\/posts\/12208","targetHints":{"allow":["GET"]}}],"collection":[{"href":"https:\/\/wp.ufpel.edu.br\/progep\/wp-json\/wp\/v2\/posts"}],"about":[{"href":"https:\/\/wp.ufpel.edu.br\/progep\/wp-json\/wp\/v2\/types\/post"}],"author":[{"embeddable":true,"href":"https:\/\/wp.ufpel.edu.br\/progep\/wp-json\/wp\/v2\/users\/21"}],"replies":[{"embeddable":true,"href":"https:\/\/wp.ufpel.edu.br\/progep\/wp-json\/wp\/v2\/comments?post=12208"}],"version-history":[{"count":4,"href":"https:\/\/wp.ufpel.edu.br\/progep\/wp-json\/wp\/v2\/posts\/12208\/revisions"}],"predecessor-version":[{"id":12214,"href":"https:\/\/wp.ufpel.edu.br\/progep\/wp-json\/wp\/v2\/posts\/12208\/revisions\/12214"}],"wp:attachment":[{"href":"https:\/\/wp.ufpel.edu.br\/progep\/wp-json\/wp\/v2\/media?parent=12208"}],"wp:term":[{"taxonomy":"category","embeddable":true,"href":"https:\/\/wp.ufpel.edu.br\/progep\/wp-json\/wp\/v2\/categories?post=12208"},{"taxonomy":"post_tag","embeddable":true,"href":"https:\/\/wp.ufpel.edu.br\/progep\/wp-json\/wp\/v2\/tags?post=12208"}],"curies":[{"name":"wp","href":"https:\/\/api.w.org\/{rel}","templated":true}]}}