{"id":12204,"date":"2018-03-05T14:47:59","date_gmt":"2018-03-05T17:47:59","guid":{"rendered":"https:\/\/wp.ufpel.edu.br\/progep\/?p=12204"},"modified":"2018-03-06T08:39:30","modified_gmt":"2018-03-06T11:39:30","slug":"inscricoes-abertas-acoes-de-capacitacao-2","status":"publish","type":"post","link":"https:\/\/wp.ufpel.edu.br\/progep\/2018\/03\/05\/inscricoes-abertas-acoes-de-capacitacao-2\/","title":{"rendered":"Inscri\u00e7\u00f5es Abertas: A\u00e7\u00f5es de Capacita\u00e7\u00e3o"},"content":{"rendered":"<p>A Coordena\u00e7\u00e3o de Desenvolvimento de Pessoal da Pr\u00f3-Reitoria de Gest\u00e3o de Pessoas (PROGEP) comunica que est\u00e3o abertas\u00a0as inscri\u00e7\u00f5es para as seguintes a\u00e7\u00f5es de capacita\u00e7\u00e3o:<\/p>\n<ul>\n<li><strong>Ciclo de Anual de Palestras 2018: As tecnologias contempor\u00e2neas e sua rela\u00e7\u00e3o com o comportamento social: do aprimoramento das rela\u00e7\u00f5es sociais \u00e0 depend\u00eancia e at\u00e9 \u00e0s \u201cfake news\u201d<\/strong>: Realiza\u00e7\u00e3o 14 de mar\u00e7o de 2018. P\u00fablico alvo: servidores em geral<\/li>\n<li><strong>Mesa Redonda \u2013 Aposentadoria: Como ser\u00e1? <\/strong>Realiza\u00e7\u00e3o: 22 de mar\u00e7o de 2018. P\u00fablico alvo: servidores em geral<\/li>\n<\/ul>\n<p>Maiores informa\u00e7\u00f5es em: <a href=\"https:\/\/wp.ufpel.edu.br\/progep\/cdp\/nucleo-de-capacitacao\/acoes-de-capacitacao\/\">https:\/\/wp.ufpel.edu.br\/progep\/cdp\/nucleo-de-capacitacao\/acoes-de-capacitacao\/<\/a><\/p>\n","protected":false},"excerpt":{"rendered":"<p>A Coordena\u00e7\u00e3o de Desenvolvimento de Pessoal da Pr\u00f3-Reitoria de Gest\u00e3o de Pessoas (PROGEP) comunica que est\u00e3o abertas\u00a0as inscri\u00e7\u00f5es para as seguintes a\u00e7\u00f5es de capacita\u00e7\u00e3o: Ciclo de Anual de Palestras 2018: As tecnologias contempor\u00e2neas e sua rela\u00e7\u00e3o com o comportamento social: do aprimoramento das rela\u00e7\u00f5es sociais \u00e0 depend\u00eancia e at\u00e9 \u00e0s \u201cfake news\u201d: Realiza\u00e7\u00e3o 14 de [&hellip;]<\/p>\n","protected":false},"author":21,"featured_media":0,"comment_status":"closed","ping_status":"closed","sticky":false,"template":"","format":"standard","meta":{"footnotes":""},"categories":[1],"tags":[],"class_list":["post-12204","post","type-post","status-publish","format-standard","hentry","category-noticias"],"yoast_head":"<!-- This site is optimized with the Yoast SEO plugin v28.1 - https:\/\/yoast.com\/product\/yoast-seo-wordpress\/ -->\n<title>Inscri\u00e7\u00f5es Abertas: A\u00e7\u00f5es de Capacita\u00e7\u00e3o - Pr\u00f3-Reitoria de Gest\u00e3o com Pessoas - PROGEP<\/title>\n<meta name=\"robots\" content=\"index, follow, max-snippet:-1, max-image-preview:large, max-video-preview:-1\" \/>\n<link rel=\"canonical\" href=\"https:\/\/wp.ufpel.edu.br\/progep\/2018\/03\/05\/inscricoes-abertas-acoes-de-capacitacao-2\/\" \/>\n<meta property=\"og:locale\" content=\"pt_BR\" \/>\n<meta property=\"og:type\" content=\"article\" \/>\n<meta property=\"og:title\" content=\"Inscri\u00e7\u00f5es Abertas: A\u00e7\u00f5es de Capacita\u00e7\u00e3o - Pr\u00f3-Reitoria de Gest\u00e3o com Pessoas - PROGEP\" \/>\n<meta property=\"og:description\" content=\"A Coordena\u00e7\u00e3o de Desenvolvimento de Pessoal da Pr\u00f3-Reitoria de Gest\u00e3o de Pessoas (PROGEP) comunica que est\u00e3o abertas\u00a0as inscri\u00e7\u00f5es para as seguintes a\u00e7\u00f5es de capacita\u00e7\u00e3o: Ciclo de Anual de Palestras 2018: As tecnologias contempor\u00e2neas e sua rela\u00e7\u00e3o com o comportamento social: do aprimoramento das rela\u00e7\u00f5es sociais \u00e0 depend\u00eancia e at\u00e9 \u00e0s \u201cfake news\u201d: Realiza\u00e7\u00e3o 14 de [&hellip;]\" \/>\n<meta property=\"og:url\" content=\"https:\/\/wp.ufpel.edu.br\/progep\/2018\/03\/05\/inscricoes-abertas-acoes-de-capacitacao-2\/\" \/>\n<meta property=\"og:site_name\" content=\"Pr\u00f3-Reitoria de Gest\u00e3o com Pessoas - PROGEP\" \/>\n<meta property=\"article:published_time\" content=\"2018-03-05T17:47:59+00:00\" \/>\n<meta property=\"article:modified_time\" content=\"2018-03-06T11:39:30+00:00\" \/>\n<meta name=\"author\" content=\"cdp\" \/>\n<meta name=\"twitter:card\" content=\"summary_large_image\" \/>\n<meta name=\"twitter:label1\" content=\"Escrito por\" \/>\n\t<meta name=\"twitter:data1\" content=\"cdp\" \/>\n\t<meta name=\"twitter:label2\" content=\"Est. tempo de leitura\" \/>\n\t<meta name=\"twitter:data2\" content=\"1 minuto\" \/>\n<script type=\"application\/ld+json\" class=\"yoast-schema-graph\">{\"@context\":\"https:\\\/\\\/schema.org\",\"@graph\":[{\"@type\":\"Article\",\"@id\":\"https:\\\/\\\/wp.ufpel.edu.br\\\/progep\\\/2018\\\/03\\\/05\\\/inscricoes-abertas-acoes-de-capacitacao-2\\\/#article\",\"isPartOf\":{\"@id\":\"https:\\\/\\\/wp.ufpel.edu.br\\\/progep\\\/2018\\\/03\\\/05\\\/inscricoes-abertas-acoes-de-capacitacao-2\\\/\"},\"author\":{\"name\":\"cdp\",\"@id\":\"https:\\\/\\\/wp.ufpel.edu.br\\\/progep\\\/#\\\/schema\\\/person\\\/315e74eabd6db6c24f6679afc7f23ee8\"},\"headline\":\"Inscri\u00e7\u00f5es Abertas: A\u00e7\u00f5es de Capacita\u00e7\u00e3o\",\"datePublished\":\"2018-03-05T17:47:59+00:00\",\"dateModified\":\"2018-03-06T11:39:30+00:00\",\"mainEntityOfPage\":{\"@id\":\"https:\\\/\\\/wp.ufpel.edu.br\\\/progep\\\/2018\\\/03\\\/05\\\/inscricoes-abertas-acoes-de-capacitacao-2\\\/\"},\"wordCount\":112,\"publisher\":{\"@id\":\"https:\\\/\\\/wp.ufpel.edu.br\\\/progep\\\/#organization\"},\"articleSection\":[\"Not\u00edcias\"],\"inLanguage\":\"pt-BR\"},{\"@type\":\"WebPage\",\"@id\":\"https:\\\/\\\/wp.ufpel.edu.br\\\/progep\\\/2018\\\/03\\\/05\\\/inscricoes-abertas-acoes-de-capacitacao-2\\\/\",\"url\":\"https:\\\/\\\/wp.ufpel.edu.br\\\/progep\\\/2018\\\/03\\\/05\\\/inscricoes-abertas-acoes-de-capacitacao-2\\\/\",\"name\":\"Inscri\u00e7\u00f5es Abertas: A\u00e7\u00f5es de Capacita\u00e7\u00e3o - Pr\u00f3-Reitoria de Gest\u00e3o com Pessoas - PROGEP\",\"isPartOf\":{\"@id\":\"https:\\\/\\\/wp.ufpel.edu.br\\\/progep\\\/#website\"},\"datePublished\":\"2018-03-05T17:47:59+00:00\",\"dateModified\":\"2018-03-06T11:39:30+00:00\",\"breadcrumb\":{\"@id\":\"https:\\\/\\\/wp.ufpel.edu.br\\\/progep\\\/2018\\\/03\\\/05\\\/inscricoes-abertas-acoes-de-capacitacao-2\\\/#breadcrumb\"},\"inLanguage\":\"pt-BR\",\"potentialAction\":[{\"@type\":\"ReadAction\",\"target\":[\"https:\\\/\\\/wp.ufpel.edu.br\\\/progep\\\/2018\\\/03\\\/05\\\/inscricoes-abertas-acoes-de-capacitacao-2\\\/\"]}]},{\"@type\":\"BreadcrumbList\",\"@id\":\"https:\\\/\\\/wp.ufpel.edu.br\\\/progep\\\/2018\\\/03\\\/05\\\/inscricoes-abertas-acoes-de-capacitacao-2\\\/#breadcrumb\",\"itemListElement\":[{\"@type\":\"ListItem\",\"position\":1,\"name\":\"In\u00edcio\",\"item\":\"https:\\\/\\\/wp.ufpel.edu.br\\\/progep\\\/\"},{\"@type\":\"ListItem\",\"position\":2,\"name\":\"Inscri\u00e7\u00f5es Abertas: A\u00e7\u00f5es de Capacita\u00e7\u00e3o\"}]},{\"@type\":\"WebSite\",\"@id\":\"https:\\\/\\\/wp.ufpel.edu.br\\\/progep\\\/#website\",\"url\":\"https:\\\/\\\/wp.ufpel.edu.br\\\/progep\\\/\",\"name\":\"Pr\u00f3-Reitoria de Gest\u00e3o com Pessoas - PROGEP\",\"description\":\"Pr\u00f3-Reitoria de Gest\u00e3o com Pessoas\",\"publisher\":{\"@id\":\"https:\\\/\\\/wp.ufpel.edu.br\\\/progep\\\/#organization\"},\"potentialAction\":[{\"@type\":\"SearchAction\",\"target\":{\"@type\":\"EntryPoint\",\"urlTemplate\":\"https:\\\/\\\/wp.ufpel.edu.br\\\/progep\\\/?s={search_term_string}\"},\"query-input\":{\"@type\":\"PropertyValueSpecification\",\"valueRequired\":true,\"valueName\":\"search_term_string\"}}],\"inLanguage\":\"pt-BR\"},{\"@type\":\"Organization\",\"@id\":\"https:\\\/\\\/wp.ufpel.edu.br\\\/progep\\\/#organization\",\"name\":\"Pr\u00f3-Reitoria de Gest\u00e3o com Pessoas - PROGEP\",\"url\":\"https:\\\/\\\/wp.ufpel.edu.br\\\/progep\\\/\",\"logo\":{\"@type\":\"ImageObject\",\"inLanguage\":\"pt-BR\",\"@id\":\"https:\\\/\\\/wp.ufpel.edu.br\\\/progep\\\/#\\\/schema\\\/logo\\\/image\\\/\",\"url\":\"https:\\\/\\\/wp.ufpel.edu.br\\\/progep\\\/files\\\/2025\\\/03\\\/logo-progep_atualizacao-nome_AZUL.png\",\"contentUrl\":\"https:\\\/\\\/wp.ufpel.edu.br\\\/progep\\\/files\\\/2025\\\/03\\\/logo-progep_atualizacao-nome_AZUL.png\",\"width\":1080,\"height\":391,\"caption\":\"Pr\u00f3-Reitoria de Gest\u00e3o com Pessoas - PROGEP\"},\"image\":{\"@id\":\"https:\\\/\\\/wp.ufpel.edu.br\\\/progep\\\/#\\\/schema\\\/logo\\\/image\\\/\"}},{\"@type\":\"Person\",\"@id\":\"https:\\\/\\\/wp.ufpel.edu.br\\\/progep\\\/#\\\/schema\\\/person\\\/315e74eabd6db6c24f6679afc7f23ee8\",\"name\":\"cdp\",\"image\":{\"@type\":\"ImageObject\",\"inLanguage\":\"pt-BR\",\"@id\":\"https:\\\/\\\/secure.gravatar.com\\\/avatar\\\/d1c707b216da068db2349cbc09d8ef378ef232ab888014f26c0b341e93034497?s=96&d=mm&r=g\",\"url\":\"https:\\\/\\\/secure.gravatar.com\\\/avatar\\\/d1c707b216da068db2349cbc09d8ef378ef232ab888014f26c0b341e93034497?s=96&d=mm&r=g\",\"contentUrl\":\"https:\\\/\\\/secure.gravatar.com\\\/avatar\\\/d1c707b216da068db2349cbc09d8ef378ef232ab888014f26c0b341e93034497?s=96&d=mm&r=g\",\"caption\":\"cdp\"},\"url\":\"https:\\\/\\\/wp.ufpel.edu.br\\\/progep\\\/author\\\/dpdp\\\/\"}]}<\/script>\n<!-- \/ Yoast SEO plugin. -->","yoast_head_json":{"title":"Inscri\u00e7\u00f5es Abertas: A\u00e7\u00f5es de Capacita\u00e7\u00e3o - Pr\u00f3-Reitoria de Gest\u00e3o com Pessoas - PROGEP","robots":{"index":"index","follow":"follow","max-snippet":"max-snippet:-1","max-image-preview":"max-image-preview:large","max-video-preview":"max-video-preview:-1"},"canonical":"https:\/\/wp.ufpel.edu.br\/progep\/2018\/03\/05\/inscricoes-abertas-acoes-de-capacitacao-2\/","og_locale":"pt_BR","og_type":"article","og_title":"Inscri\u00e7\u00f5es Abertas: A\u00e7\u00f5es de Capacita\u00e7\u00e3o - Pr\u00f3-Reitoria de Gest\u00e3o com Pessoas - PROGEP","og_description":"A Coordena\u00e7\u00e3o de Desenvolvimento de Pessoal da Pr\u00f3-Reitoria de Gest\u00e3o de Pessoas (PROGEP) comunica que est\u00e3o abertas\u00a0as inscri\u00e7\u00f5es para as seguintes a\u00e7\u00f5es de capacita\u00e7\u00e3o: Ciclo de Anual de Palestras 2018: As tecnologias contempor\u00e2neas e sua rela\u00e7\u00e3o com o comportamento social: do aprimoramento das rela\u00e7\u00f5es sociais \u00e0 depend\u00eancia e at\u00e9 \u00e0s \u201cfake news\u201d: Realiza\u00e7\u00e3o 14 de [&hellip;]","og_url":"https:\/\/wp.ufpel.edu.br\/progep\/2018\/03\/05\/inscricoes-abertas-acoes-de-capacitacao-2\/","og_site_name":"Pr\u00f3-Reitoria de Gest\u00e3o com Pessoas - PROGEP","article_published_time":"2018-03-05T17:47:59+00:00","article_modified_time":"2018-03-06T11:39:30+00:00","author":"cdp","twitter_card":"summary_large_image","twitter_misc":{"Escrito por":"cdp","Est. tempo de leitura":"1 minuto"},"schema":{"@context":"https:\/\/schema.org","@graph":[{"@type":"Article","@id":"https:\/\/wp.ufpel.edu.br\/progep\/2018\/03\/05\/inscricoes-abertas-acoes-de-capacitacao-2\/#article","isPartOf":{"@id":"https:\/\/wp.ufpel.edu.br\/progep\/2018\/03\/05\/inscricoes-abertas-acoes-de-capacitacao-2\/"},"author":{"name":"cdp","@id":"https:\/\/wp.ufpel.edu.br\/progep\/#\/schema\/person\/315e74eabd6db6c24f6679afc7f23ee8"},"headline":"Inscri\u00e7\u00f5es Abertas: A\u00e7\u00f5es de Capacita\u00e7\u00e3o","datePublished":"2018-03-05T17:47:59+00:00","dateModified":"2018-03-06T11:39:30+00:00","mainEntityOfPage":{"@id":"https:\/\/wp.ufpel.edu.br\/progep\/2018\/03\/05\/inscricoes-abertas-acoes-de-capacitacao-2\/"},"wordCount":112,"publisher":{"@id":"https:\/\/wp.ufpel.edu.br\/progep\/#organization"},"articleSection":["Not\u00edcias"],"inLanguage":"pt-BR"},{"@type":"WebPage","@id":"https:\/\/wp.ufpel.edu.br\/progep\/2018\/03\/05\/inscricoes-abertas-acoes-de-capacitacao-2\/","url":"https:\/\/wp.ufpel.edu.br\/progep\/2018\/03\/05\/inscricoes-abertas-acoes-de-capacitacao-2\/","name":"Inscri\u00e7\u00f5es Abertas: A\u00e7\u00f5es de Capacita\u00e7\u00e3o - Pr\u00f3-Reitoria de Gest\u00e3o com Pessoas - PROGEP","isPartOf":{"@id":"https:\/\/wp.ufpel.edu.br\/progep\/#website"},"datePublished":"2018-03-05T17:47:59+00:00","dateModified":"2018-03-06T11:39:30+00:00","breadcrumb":{"@id":"https:\/\/wp.ufpel.edu.br\/progep\/2018\/03\/05\/inscricoes-abertas-acoes-de-capacitacao-2\/#breadcrumb"},"inLanguage":"pt-BR","potentialAction":[{"@type":"ReadAction","target":["https:\/\/wp.ufpel.edu.br\/progep\/2018\/03\/05\/inscricoes-abertas-acoes-de-capacitacao-2\/"]}]},{"@type":"BreadcrumbList","@id":"https:\/\/wp.ufpel.edu.br\/progep\/2018\/03\/05\/inscricoes-abertas-acoes-de-capacitacao-2\/#breadcrumb","itemListElement":[{"@type":"ListItem","position":1,"name":"In\u00edcio","item":"https:\/\/wp.ufpel.edu.br\/progep\/"},{"@type":"ListItem","position":2,"name":"Inscri\u00e7\u00f5es Abertas: A\u00e7\u00f5es de Capacita\u00e7\u00e3o"}]},{"@type":"WebSite","@id":"https:\/\/wp.ufpel.edu.br\/progep\/#website","url":"https:\/\/wp.ufpel.edu.br\/progep\/","name":"Pr\u00f3-Reitoria de Gest\u00e3o com Pessoas - PROGEP","description":"Pr\u00f3-Reitoria de Gest\u00e3o com Pessoas","publisher":{"@id":"https:\/\/wp.ufpel.edu.br\/progep\/#organization"},"potentialAction":[{"@type":"SearchAction","target":{"@type":"EntryPoint","urlTemplate":"https:\/\/wp.ufpel.edu.br\/progep\/?s={search_term_string}"},"query-input":{"@type":"PropertyValueSpecification","valueRequired":true,"valueName":"search_term_string"}}],"inLanguage":"pt-BR"},{"@type":"Organization","@id":"https:\/\/wp.ufpel.edu.br\/progep\/#organization","name":"Pr\u00f3-Reitoria de Gest\u00e3o com Pessoas - PROGEP","url":"https:\/\/wp.ufpel.edu.br\/progep\/","logo":{"@type":"ImageObject","inLanguage":"pt-BR","@id":"https:\/\/wp.ufpel.edu.br\/progep\/#\/schema\/logo\/image\/","url":"https:\/\/wp.ufpel.edu.br\/progep\/files\/2025\/03\/logo-progep_atualizacao-nome_AZUL.png","contentUrl":"https:\/\/wp.ufpel.edu.br\/progep\/files\/2025\/03\/logo-progep_atualizacao-nome_AZUL.png","width":1080,"height":391,"caption":"Pr\u00f3-Reitoria de Gest\u00e3o com Pessoas - PROGEP"},"image":{"@id":"https:\/\/wp.ufpel.edu.br\/progep\/#\/schema\/logo\/image\/"}},{"@type":"Person","@id":"https:\/\/wp.ufpel.edu.br\/progep\/#\/schema\/person\/315e74eabd6db6c24f6679afc7f23ee8","name":"cdp","image":{"@type":"ImageObject","inLanguage":"pt-BR","@id":"https:\/\/secure.gravatar.com\/avatar\/d1c707b216da068db2349cbc09d8ef378ef232ab888014f26c0b341e93034497?s=96&d=mm&r=g","url":"https:\/\/secure.gravatar.com\/avatar\/d1c707b216da068db2349cbc09d8ef378ef232ab888014f26c0b341e93034497?s=96&d=mm&r=g","contentUrl":"https:\/\/secure.gravatar.com\/avatar\/d1c707b216da068db2349cbc09d8ef378ef232ab888014f26c0b341e93034497?s=96&d=mm&r=g","caption":"cdp"},"url":"https:\/\/wp.ufpel.edu.br\/progep\/author\/dpdp\/"}]}},"jetpack_featured_media_url":"","_links":{"self":[{"href":"https:\/\/wp.ufpel.edu.br\/progep\/wp-json\/wp\/v2\/posts\/12204","targetHints":{"allow":["GET"]}}],"collection":[{"href":"https:\/\/wp.ufpel.edu.br\/progep\/wp-json\/wp\/v2\/posts"}],"about":[{"href":"https:\/\/wp.ufpel.edu.br\/progep\/wp-json\/wp\/v2\/types\/post"}],"author":[{"embeddable":true,"href":"https:\/\/wp.ufpel.edu.br\/progep\/wp-json\/wp\/v2\/users\/21"}],"replies":[{"embeddable":true,"href":"https:\/\/wp.ufpel.edu.br\/progep\/wp-json\/wp\/v2\/comments?post=12204"}],"version-history":[{"count":2,"href":"https:\/\/wp.ufpel.edu.br\/progep\/wp-json\/wp\/v2\/posts\/12204\/revisions"}],"predecessor-version":[{"id":12206,"href":"https:\/\/wp.ufpel.edu.br\/progep\/wp-json\/wp\/v2\/posts\/12204\/revisions\/12206"}],"wp:attachment":[{"href":"https:\/\/wp.ufpel.edu.br\/progep\/wp-json\/wp\/v2\/media?parent=12204"}],"wp:term":[{"taxonomy":"category","embeddable":true,"href":"https:\/\/wp.ufpel.edu.br\/progep\/wp-json\/wp\/v2\/categories?post=12204"},{"taxonomy":"post_tag","embeddable":true,"href":"https:\/\/wp.ufpel.edu.br\/progep\/wp-json\/wp\/v2\/tags?post=12204"}],"curies":[{"name":"wp","href":"https:\/\/api.w.org\/{rel}","templated":true}]}}