{"id":59,"count":5,"description":"","link":"https:\/\/wp.ufpel.edu.br\/progep\/category\/destaques\/","name":"Destaques","slug":"destaques","taxonomy":"category","parent":0,"meta":[],"yoast_head":"<!-- This site is optimized with the Yoast SEO plugin v28.1 - https:\/\/yoast.com\/product\/yoast-seo-wordpress\/ -->\n<title>Arquivo de Destaques - Pr\u00f3-Reitoria de Gest\u00e3o com Pessoas - PROGEP<\/title>\n<meta name=\"robots\" content=\"index, follow, max-snippet:-1, max-image-preview:large, max-video-preview:-1\" \/>\n<link rel=\"canonical\" href=\"https:\/\/wp.ufpel.edu.br\/progep\/category\/destaques\/\" \/>\n<meta property=\"og:locale\" content=\"pt_BR\" \/>\n<meta property=\"og:type\" content=\"article\" \/>\n<meta property=\"og:title\" content=\"Arquivo de Destaques - Pr\u00f3-Reitoria de Gest\u00e3o com Pessoas - PROGEP\" \/>\n<meta property=\"og:url\" content=\"https:\/\/wp.ufpel.edu.br\/progep\/category\/destaques\/\" \/>\n<meta property=\"og:site_name\" content=\"Pr\u00f3-Reitoria de Gest\u00e3o com Pessoas - PROGEP\" \/>\n<meta name=\"twitter:card\" content=\"summary_large_image\" \/>\n<script type=\"application\/ld+json\" class=\"yoast-schema-graph\">{\"@context\":\"https:\\\/\\\/schema.org\",\"@graph\":[{\"@type\":\"CollectionPage\",\"@id\":\"https:\\\/\\\/wp.ufpel.edu.br\\\/progep\\\/category\\\/destaques\\\/\",\"url\":\"https:\\\/\\\/wp.ufpel.edu.br\\\/progep\\\/category\\\/destaques\\\/\",\"name\":\"Arquivo de Destaques - Pr\u00f3-Reitoria de Gest\u00e3o com Pessoas - PROGEP\",\"isPartOf\":{\"@id\":\"https:\\\/\\\/wp.ufpel.edu.br\\\/progep\\\/#website\"},\"breadcrumb\":{\"@id\":\"https:\\\/\\\/wp.ufpel.edu.br\\\/progep\\\/category\\\/destaques\\\/#breadcrumb\"},\"inLanguage\":\"pt-BR\"},{\"@type\":\"BreadcrumbList\",\"@id\":\"https:\\\/\\\/wp.ufpel.edu.br\\\/progep\\\/category\\\/destaques\\\/#breadcrumb\",\"itemListElement\":[{\"@type\":\"ListItem\",\"position\":1,\"name\":\"In\u00edcio\",\"item\":\"https:\\\/\\\/wp.ufpel.edu.br\\\/progep\\\/\"},{\"@type\":\"ListItem\",\"position\":2,\"name\":\"Destaques\"}]},{\"@type\":\"WebSite\",\"@id\":\"https:\\\/\\\/wp.ufpel.edu.br\\\/progep\\\/#website\",\"url\":\"https:\\\/\\\/wp.ufpel.edu.br\\\/progep\\\/\",\"name\":\"Pr\u00f3-Reitoria de Gest\u00e3o com Pessoas - PROGEP\",\"description\":\"Pr\u00f3-Reitoria de Gest\u00e3o com Pessoas\",\"publisher\":{\"@id\":\"https:\\\/\\\/wp.ufpel.edu.br\\\/progep\\\/#organization\"},\"potentialAction\":[{\"@type\":\"SearchAction\",\"target\":{\"@type\":\"EntryPoint\",\"urlTemplate\":\"https:\\\/\\\/wp.ufpel.edu.br\\\/progep\\\/?s={search_term_string}\"},\"query-input\":{\"@type\":\"PropertyValueSpecification\",\"valueRequired\":true,\"valueName\":\"search_term_string\"}}],\"inLanguage\":\"pt-BR\"},{\"@type\":\"Organization\",\"@id\":\"https:\\\/\\\/wp.ufpel.edu.br\\\/progep\\\/#organization\",\"name\":\"Pr\u00f3-Reitoria de Gest\u00e3o com Pessoas - PROGEP\",\"url\":\"https:\\\/\\\/wp.ufpel.edu.br\\\/progep\\\/\",\"logo\":{\"@type\":\"ImageObject\",\"inLanguage\":\"pt-BR\",\"@id\":\"https:\\\/\\\/wp.ufpel.edu.br\\\/progep\\\/#\\\/schema\\\/logo\\\/image\\\/\",\"url\":\"https:\\\/\\\/wp.ufpel.edu.br\\\/progep\\\/files\\\/2025\\\/03\\\/logo-progep_atualizacao-nome_AZUL.png\",\"contentUrl\":\"https:\\\/\\\/wp.ufpel.edu.br\\\/progep\\\/files\\\/2025\\\/03\\\/logo-progep_atualizacao-nome_AZUL.png\",\"width\":1080,\"height\":391,\"caption\":\"Pr\u00f3-Reitoria de Gest\u00e3o com Pessoas - PROGEP\"},\"image\":{\"@id\":\"https:\\\/\\\/wp.ufpel.edu.br\\\/progep\\\/#\\\/schema\\\/logo\\\/image\\\/\"}}]}<\/script>\n<!-- \/ Yoast SEO plugin. -->","yoast_head_json":{"title":"Arquivo de Destaques - Pr\u00f3-Reitoria de Gest\u00e3o com Pessoas - PROGEP","robots":{"index":"index","follow":"follow","max-snippet":"max-snippet:-1","max-image-preview":"max-image-preview:large","max-video-preview":"max-video-preview:-1"},"canonical":"https:\/\/wp.ufpel.edu.br\/progep\/category\/destaques\/","og_locale":"pt_BR","og_type":"article","og_title":"Arquivo de Destaques - Pr\u00f3-Reitoria de Gest\u00e3o com Pessoas - PROGEP","og_url":"https:\/\/wp.ufpel.edu.br\/progep\/category\/destaques\/","og_site_name":"Pr\u00f3-Reitoria de Gest\u00e3o com Pessoas - PROGEP","twitter_card":"summary_large_image","schema":{"@context":"https:\/\/schema.org","@graph":[{"@type":"CollectionPage","@id":"https:\/\/wp.ufpel.edu.br\/progep\/category\/destaques\/","url":"https:\/\/wp.ufpel.edu.br\/progep\/category\/destaques\/","name":"Arquivo de Destaques - Pr\u00f3-Reitoria de Gest\u00e3o com Pessoas - PROGEP","isPartOf":{"@id":"https:\/\/wp.ufpel.edu.br\/progep\/#website"},"breadcrumb":{"@id":"https:\/\/wp.ufpel.edu.br\/progep\/category\/destaques\/#breadcrumb"},"inLanguage":"pt-BR"},{"@type":"BreadcrumbList","@id":"https:\/\/wp.ufpel.edu.br\/progep\/category\/destaques\/#breadcrumb","itemListElement":[{"@type":"ListItem","position":1,"name":"In\u00edcio","item":"https:\/\/wp.ufpel.edu.br\/progep\/"},{"@type":"ListItem","position":2,"name":"Destaques"}]},{"@type":"WebSite","@id":"https:\/\/wp.ufpel.edu.br\/progep\/#website","url":"https:\/\/wp.ufpel.edu.br\/progep\/","name":"Pr\u00f3-Reitoria de Gest\u00e3o com Pessoas - PROGEP","description":"Pr\u00f3-Reitoria de Gest\u00e3o com Pessoas","publisher":{"@id":"https:\/\/wp.ufpel.edu.br\/progep\/#organization"},"potentialAction":[{"@type":"SearchAction","target":{"@type":"EntryPoint","urlTemplate":"https:\/\/wp.ufpel.edu.br\/progep\/?s={search_term_string}"},"query-input":{"@type":"PropertyValueSpecification","valueRequired":true,"valueName":"search_term_string"}}],"inLanguage":"pt-BR"},{"@type":"Organization","@id":"https:\/\/wp.ufpel.edu.br\/progep\/#organization","name":"Pr\u00f3-Reitoria de Gest\u00e3o com Pessoas - PROGEP","url":"https:\/\/wp.ufpel.edu.br\/progep\/","logo":{"@type":"ImageObject","inLanguage":"pt-BR","@id":"https:\/\/wp.ufpel.edu.br\/progep\/#\/schema\/logo\/image\/","url":"https:\/\/wp.ufpel.edu.br\/progep\/files\/2025\/03\/logo-progep_atualizacao-nome_AZUL.png","contentUrl":"https:\/\/wp.ufpel.edu.br\/progep\/files\/2025\/03\/logo-progep_atualizacao-nome_AZUL.png","width":1080,"height":391,"caption":"Pr\u00f3-Reitoria de Gest\u00e3o com Pessoas - PROGEP"},"image":{"@id":"https:\/\/wp.ufpel.edu.br\/progep\/#\/schema\/logo\/image\/"}}]}},"_links":{"self":[{"href":"https:\/\/wp.ufpel.edu.br\/progep\/wp-json\/wp\/v2\/categories\/59","targetHints":{"allow":["GET"]}}],"collection":[{"href":"https:\/\/wp.ufpel.edu.br\/progep\/wp-json\/wp\/v2\/categories"}],"about":[{"href":"https:\/\/wp.ufpel.edu.br\/progep\/wp-json\/wp\/v2\/taxonomies\/category"}],"wp:post_type":[{"href":"https:\/\/wp.ufpel.edu.br\/progep\/wp-json\/wp\/v2\/posts?categories=59"}],"curies":[{"name":"wp","href":"https:\/\/api.w.org\/{rel}","templated":true}]}}