{"id":4,"date":"2016-06-30T18:31:34","date_gmt":"2016-06-30T21:31:34","guid":{"rendered":"https:\/\/wp.ufpel.edu.br\/profiap\/?p=4"},"modified":"2017-07-14T18:02:38","modified_gmt":"2017-07-14T21:02:38","slug":"mestrado-profissional-em-administracao-publica-profiapufpel","status":"publish","type":"post","link":"https:\/\/wp.ufpel.edu.br\/profiap\/2016\/06\/30\/mestrado-profissional-em-administracao-publica-profiapufpel\/","title":{"rendered":"Mestrado Profissional em Administra\u00e7\u00e3o P\u00fablica &#8211; Profiap\/UFPel"},"content":{"rendered":"<p><span style=\"color: #000000;font-size: 10pt\">Est\u00e3o definidas as datas de inscri\u00e7\u00e3o e de come\u00e7o das aulas da primeira turma do Profiap (Mestrado Profissional em Administra\u00e7\u00e3o P\u00fablica) na UFPel. As inscri\u00e7\u00f5es poder\u00e3o ser feitas de 18 de julho a 19 de agosto. As aulas est\u00e3o previstas para iniciar em 19 de outubro. Ato ocorrido na sede da Asufpel, na tarde desta segunda-feira (13), lan\u00e7ou o programa na Universidade, considerado como uma conquista da parceria entre a Gest\u00e3o da Institui\u00e7\u00e3o, do sindicato da categoria dos t\u00e9cnico-administrativos (Asufpel), da CIS (Comiss\u00e3o da Carreira) e FAT (Faculdade de Administra\u00e7\u00e3o e Turismo).<\/span><\/p>\n<p><span style=\"color: #000000;font-size: 10pt\">O Profiap \u00e9 um programa de p\u00f3s-gradua\u00e7\u00e3o stricto sensu em Administra\u00e7\u00e3o P\u00fablica, semi-presencial, reconhecido pela Coordena\u00e7\u00e3o de Aperfei\u00e7oamento de Pessoal de N\u00edvel Superior (Capes) do Minist\u00e9rio da Educa\u00e7\u00e3o. Destina-se a formar profissionais com entendimento do papel do Estado no Brasil, do exerc\u00edcio da cidadania e preocupados com as quest\u00f5es \u00e9ticas, sociais e ambientais que subsidiar\u00e3o as pol\u00edticas p\u00fablicas que impactam a sociedade. Nesse contexto, esse profissional reunir\u00e1 as condi\u00e7\u00f5es cientificas e t\u00e9cnicas para promover melhorias na gest\u00e3o p\u00fablica.<\/span><\/p>\n<p><span style=\"color: #000000;font-size: 10pt\">O requisito para sele\u00e7\u00e3o dos candidatos ser\u00e1 exclusivamente o desempenho no Teste da Anpad, a ser realizado em setembro. N\u00e3o h\u00e1 uma nota m\u00ednima exigida para aprova\u00e7\u00e3o. Ser\u00e3o classificados os melhores. Das 15 vagas destinadas \u00e0 UFPel, 11 ser\u00e3o para servidores t\u00e9cnico-administrativos e quatro para demanda social, que \u00e9 o p\u00fablico em geral. O edital de acesso, que \u00e9 o mesmo para todo o pa\u00eds, est\u00e1 dispon\u00edvel<span style=\"color: #0000ff\">\u00a0<a style=\"color: #0000ff\" href=\"http:\/\/www.profiap.org.br\/index.php\/blanckpage\/item\/48-edital-profiap-n-02-2016\" target=\"_blank\" rel=\"noopener\">nesse link<\/a><\/span>\u00a0.<\/span><\/p>\n<p><strong><span style=\"color: #000000;font-size: 10pt\">Conquista<\/span><\/strong><\/p>\n<p><span style=\"color: #000000;font-size: 10pt\">Para o reitor Mauro Del Pino, presente no ato de lan\u00e7amento do Programa, o mestrado ser\u00e1 muito importante na qualifica\u00e7\u00e3o dos profissionais da UFPel, no desenvolvimento das pol\u00edticas p\u00fablicas da Institui\u00e7\u00e3o. Ele ressaltou a parceria entre a Administra\u00e7\u00e3o Superior, a Asufpel, a CIS e a FAT na concretiza\u00e7\u00e3o do programa na Universidade. A articula\u00e7\u00e3o entre as entidades tamb\u00e9m foi destacada pelo pr\u00f3-reitor de Pesquisa e P\u00f3s-Gradua\u00e7\u00e3o, Luciano Agostini. A pr\u00f3-reitora de Gest\u00e3o de Pessoas, Eug\u00eania Dias, sublinhou o trabalho da comiss\u00e3o formada para a elabora\u00e7\u00e3o do projeto do p\u00f3s-gradua\u00e7\u00e3o e as atividades de prepara\u00e7\u00e3o que foram oferecidas pela CDP da Progep, \u201c que ser\u00e3o intensificadas a partir de agora\u201d, anunciou. A CDP anunciar\u00e1 as novas atividades em seguida.<\/span><\/p>\n<p><span style=\"color: #000000;font-size: 10pt\">O coordenador do curso na UFPel, professor Rodrigo Serpa, acenou com duas boas not\u00edcias, a possibilidade de a prova da Anpad de setembro ser realizada na UFPel e a de que a turma seguinte talvez seja oferecida j\u00e1 no primeiro semestre de 2017.<\/span><\/p>\n<p><span style=\"color: #000000;font-size: 10pt\">Para Jo\u00e3o Paulo Adamoli, da CIS (Comiss\u00e3o da Carreira dos T\u00e9cnico-Administrativos), a atividade deve ser enaltecida como uma parceria institucional em prol da categoria e da Universidade. Pela coordena\u00e7\u00e3o da Asufpel, Teresa Fujii e Liliane Griep ressaltaram o trabalho do sindicato na montagem do processo e tamb\u00e9m a uni\u00e3o de esfor\u00e7os com a Gest\u00e3o, CIS e FAT. Presentes no evento ainda a vice-reitora Denise Gigante e o pr\u00f3-reitor de Planejamento e Desenvolvimento, Luiz Os\u00f3rio Rocha dos Santos.<\/span><\/p>\n<p><span style=\"color: #000000;font-size: 10pt\">Mais informa\u00e7\u00f5es pelos endere\u00e7os <span style=\"color: #0000ff\"><a style=\"color: #0000ff\" href=\"mailto:profiap@ufpel.edu.br\">profiap@ufpel.edu.br<\/a><\/span> e <span style=\"color: #0000ff\"><a style=\"color: #0000ff\" href=\"mailto:profiap.ufpel@gmail.com\">profiap.ufpel@gmail.com<\/a><\/span>, pela homepage <span style=\"color: #0000ff\"><a style=\"color: #0000ff\" href=\"https:\/\/wp.ufpel.edu.br\/profiap\">hppt:\/\/wp.ufpel.edu.br\/profiap<\/a><\/span>\u00a0, pelo site do Profiap <span style=\"color: #0000ff\"><a style=\"color: #0000ff\" href=\"http:\/\/www.profiap.org.br\/\">www.profiap.org.br<\/a><\/span> e pelo site da Anpad <span style=\"color: #0000ff\"><a style=\"color: #0000ff\" href=\"http:\/\/www.anpad.org.br\/\">www.anpad.org.br<\/a> <\/span>.<\/span><\/p>\n","protected":false},"excerpt":{"rendered":"<p>Est\u00e3o definidas as datas de inscri\u00e7\u00e3o e de come\u00e7o das aulas da primeira turma do Profiap (Mestrado Profissional em Administra\u00e7\u00e3o P\u00fablica) na UFPel. As inscri\u00e7\u00f5es poder\u00e3o ser feitas de 18 de julho a 19 de agosto. As aulas est\u00e3o previstas para iniciar em 19 de outubro. Ato ocorrido na sede da Asufpel, na tarde desta [&hellip;]<\/p>\n","protected":false},"author":664,"featured_media":0,"comment_status":"closed","ping_status":"closed","sticky":false,"template":"","format":"standard","meta":{"footnotes":""},"categories":[1],"tags":[],"class_list":["post-4","post","type-post","status-publish","format-standard","hentry","category-noticias"],"jetpack_featured_media_url":"","_links":{"self":[{"href":"https:\/\/wp.ufpel.edu.br\/profiap\/wp-json\/wp\/v2\/posts\/4","targetHints":{"allow":["GET"]}}],"collection":[{"href":"https:\/\/wp.ufpel.edu.br\/profiap\/wp-json\/wp\/v2\/posts"}],"about":[{"href":"https:\/\/wp.ufpel.edu.br\/profiap\/wp-json\/wp\/v2\/types\/post"}],"author":[{"embeddable":true,"href":"https:\/\/wp.ufpel.edu.br\/profiap\/wp-json\/wp\/v2\/users\/664"}],"replies":[{"embeddable":true,"href":"https:\/\/wp.ufpel.edu.br\/profiap\/wp-json\/wp\/v2\/comments?post=4"}],"version-history":[{"count":11,"href":"https:\/\/wp.ufpel.edu.br\/profiap\/wp-json\/wp\/v2\/posts\/4\/revisions"}],"predecessor-version":[{"id":507,"href":"https:\/\/wp.ufpel.edu.br\/profiap\/wp-json\/wp\/v2\/posts\/4\/revisions\/507"}],"wp:attachment":[{"href":"https:\/\/wp.ufpel.edu.br\/profiap\/wp-json\/wp\/v2\/media?parent=4"}],"wp:term":[{"taxonomy":"category","embeddable":true,"href":"https:\/\/wp.ufpel.edu.br\/profiap\/wp-json\/wp\/v2\/categories?post=4"},{"taxonomy":"post_tag","embeddable":true,"href":"https:\/\/wp.ufpel.edu.br\/profiap\/wp-json\/wp\/v2\/tags?post=4"}],"curies":[{"name":"wp","href":"https:\/\/api.w.org\/{rel}","templated":true}]}}