{"id":173,"date":"2022-04-04T13:49:36","date_gmt":"2022-04-04T16:49:36","guid":{"rendered":"https:\/\/wp.ufpel.edu.br\/professormarcelosilva\/?p=173"},"modified":"2022-04-04T13:49:36","modified_gmt":"2022-04-04T16:49:36","slug":"brincar-na-pandemia","status":"publish","type":"post","link":"https:\/\/wp.ufpel.edu.br\/professormarcelosilva\/2022\/04\/04\/brincar-na-pandemia\/","title":{"rendered":"Brincar na Pandemia"},"content":{"rendered":"<p>Esse v\u00eddeo fiz para uma turma da Pedagogia da UFRGS falando um pouco sobre a minha experi\u00eancia como professor de uma turma de crian\u00e7as no munic\u00edpio durante a pandemia de Covid-19. <\/p>\n<p>Mesmo meio datado, ainda tem coisas que julgo importantes.<\/p>\n<p><iframe title=\"Conversando com o Professor Marcelo: O Brincar na Pandemia\" width=\"500\" height=\"281\" src=\"https:\/\/www.youtube.com\/embed\/OwjyHw22ha0?feature=oembed\" frameborder=\"0\" allow=\"accelerometer; autoplay; clipboard-write; encrypted-media; gyroscope; picture-in-picture; web-share\" referrerpolicy=\"strict-origin-when-cross-origin\" allowfullscreen><\/iframe><\/p>\n","protected":false},"excerpt":{"rendered":"<p>Esse v\u00eddeo fiz para uma turma da Pedagogia da UFRGS falando um pouco sobre a minha experi\u00eancia como professor de uma turma de crian\u00e7as no munic\u00edpio durante a pandemia de Covid-19. Mesmo meio datado, ainda tem coisas que julgo importantes.<\/p>\n","protected":false},"author":1220,"featured_media":0,"comment_status":"closed","ping_status":"closed","sticky":false,"template":"","format":"standard","meta":{"footnotes":""},"categories":[1],"tags":[],"class_list":["post-173","post","type-post","status-publish","format-standard","hentry","category-noticias"],"jetpack_featured_media_url":"","_links":{"self":[{"href":"https:\/\/wp.ufpel.edu.br\/professormarcelosilva\/wp-json\/wp\/v2\/posts\/173","targetHints":{"allow":["GET"]}}],"collection":[{"href":"https:\/\/wp.ufpel.edu.br\/professormarcelosilva\/wp-json\/wp\/v2\/posts"}],"about":[{"href":"https:\/\/wp.ufpel.edu.br\/professormarcelosilva\/wp-json\/wp\/v2\/types\/post"}],"author":[{"embeddable":true,"href":"https:\/\/wp.ufpel.edu.br\/professormarcelosilva\/wp-json\/wp\/v2\/users\/1220"}],"replies":[{"embeddable":true,"href":"https:\/\/wp.ufpel.edu.br\/professormarcelosilva\/wp-json\/wp\/v2\/comments?post=173"}],"version-history":[{"count":1,"href":"https:\/\/wp.ufpel.edu.br\/professormarcelosilva\/wp-json\/wp\/v2\/posts\/173\/revisions"}],"predecessor-version":[{"id":175,"href":"https:\/\/wp.ufpel.edu.br\/professormarcelosilva\/wp-json\/wp\/v2\/posts\/173\/revisions\/175"}],"wp:attachment":[{"href":"https:\/\/wp.ufpel.edu.br\/professormarcelosilva\/wp-json\/wp\/v2\/media?parent=173"}],"wp:term":[{"taxonomy":"category","embeddable":true,"href":"https:\/\/wp.ufpel.edu.br\/professormarcelosilva\/wp-json\/wp\/v2\/categories?post=173"},{"taxonomy":"post_tag","embeddable":true,"href":"https:\/\/wp.ufpel.edu.br\/professormarcelosilva\/wp-json\/wp\/v2\/tags?post=173"}],"curies":[{"name":"wp","href":"https:\/\/api.w.org\/{rel}","templated":true}]}}