{"id":107,"date":"2022-02-27T12:20:25","date_gmt":"2022-02-27T15:20:25","guid":{"rendered":"https:\/\/wp.ufpel.edu.br\/professormarcelosilva\/?p=107"},"modified":"2022-03-02T14:28:59","modified_gmt":"2022-03-02T17:28:59","slug":"ainda-falando-sobre-desenho-e-producao-artistica-na-educacao-infanti","status":"publish","type":"post","link":"https:\/\/wp.ufpel.edu.br\/professormarcelosilva\/2022\/02\/27\/ainda-falando-sobre-desenho-e-producao-artistica-na-educacao-infanti\/","title":{"rendered":"Ainda falando sobre desenho e produ\u00e7\u00e3o art\u00edstica na Educa\u00e7\u00e3o Infanti"},"content":{"rendered":"<p><img class=\"size-full wp-image-109 aligncenter\" src=\"https:\/\/wp.ufpel.edu.br\/professormarcelosilva\/files\/2022\/02\/118524179_3460959070602664_7205268345069655681_n.jpg\" alt=\"\" width=\"720\" height=\"1178\" srcset=\"https:\/\/wp.ufpel.edu.br\/professormarcelosilva\/files\/2022\/02\/118524179_3460959070602664_7205268345069655681_n.jpg 720w, https:\/\/wp.ufpel.edu.br\/professormarcelosilva\/files\/2022\/02\/118524179_3460959070602664_7205268345069655681_n-244x400.jpg 244w, https:\/\/wp.ufpel.edu.br\/professormarcelosilva\/files\/2022\/02\/118524179_3460959070602664_7205268345069655681_n-626x1024.jpg 626w\" sizes=\"(max-width: 720px) 100vw, 720px\" \/><\/p>\n<p style=\"text-align: center\"><em>Card com uma proposta de fotografia e observa\u00e7\u00e3o da natureza <\/em><\/p>\n<p style=\"text-align: center\"><em>enviado para minha turma de crian\u00e7as em 2020<\/em><\/p>\n<p>&nbsp;<\/p>\n<p>Com o passar o tempo e o amadurecimento das crian\u00e7as, elas v\u00e3o repetindo desenhos cada vez mais estereotipados. Casa com telhado vermelho, sol amarelo, \u00e1rvore com tronco marrom e copa verde, nuvens azuis&#8230;<\/p>\n<p>Acredito que seja uma influ\u00eancia forte dos adultos que se d\u00e1 por duas vias. A primeira delas \u00e9 que esses desenhos s\u00e3o facilmente reconhecidos e poupam as crian\u00e7as daqueles momentos: &#8220;Ah, que lindo voc\u00ea desenhou a mam\u00e3e?!&#8221; &#8220;N\u00e3o, \u00e9 um monstro horr\u00edvel!&#8221;. A segunda influ\u00eancia \u00e9 que n\u00f3s adultos desenhamos para as crian\u00e7as. Elas v\u00eam com aquela conversa mole: &#8220;N\u00e3o sei desenhar um cachorro&#8221;. E voc\u00ea vai l\u00e1 e faz o seu cachorro. O interessante \u00e9 que a crian\u00e7a descubra o seu pr\u00f3prio cachorro.<\/p>\n<p>Como a gente pode amenizar esse processo?<\/p>\n<p>a) convidando as crian\u00e7as a observarem a natureza, as suas cores, as mudan\u00e7as de luz, de tons;<\/p>\n<p>b) n\u00e3o criando um desenho refer\u00eancia exemplo (at\u00e9 hoje eu sei desenhar o cachorro que a minha professora fazia no quadro);<\/p>\n<p>c) criando um cat\u00e1logo de refer\u00eancia de desenhos, fotos, pinturas, que possa ser consultado pelas crian\u00e7as;<\/p>\n<p>e) envolva as crian\u00e7as na cria\u00e7\u00e3o desse cat\u00e1logo;<\/p>\n<p>f) proponha que as crian\u00e7as tenham um caderno de desenho de observa\u00e7\u00e3o (n\u00e3o espere desenho acad\u00eamico!);<\/p>\n<p>g) substitua aquelas perguntas &#8220;hoje est\u00e1 sol, nublado, chuvendo?&#8221; por &#8220;vamos nos deitar no p\u00e1tio e observar o c\u00e9u, as nuvens&#8230;&#8221;.<\/p>\n<p>Garanto que v\u00e3o sair coisas incr\u00edveis.<\/p>\n","protected":false},"excerpt":{"rendered":"<p>Card com uma proposta de fotografia e observa\u00e7\u00e3o da natureza enviado para minha turma de crian\u00e7as em 2020 &nbsp; Com o passar o tempo e o amadurecimento das crian\u00e7as, elas v\u00e3o repetindo desenhos cada vez mais estereotipados. Casa com telhado vermelho, sol amarelo, \u00e1rvore com tronco marrom e copa verde, nuvens azuis&#8230; Acredito que seja [&hellip;]<\/p>\n","protected":false},"author":1220,"featured_media":0,"comment_status":"closed","ping_status":"closed","sticky":false,"template":"","format":"standard","meta":{"footnotes":""},"categories":[1],"tags":[],"class_list":["post-107","post","type-post","status-publish","format-standard","hentry","category-noticias"],"jetpack_featured_media_url":"","_links":{"self":[{"href":"https:\/\/wp.ufpel.edu.br\/professormarcelosilva\/wp-json\/wp\/v2\/posts\/107","targetHints":{"allow":["GET"]}}],"collection":[{"href":"https:\/\/wp.ufpel.edu.br\/professormarcelosilva\/wp-json\/wp\/v2\/posts"}],"about":[{"href":"https:\/\/wp.ufpel.edu.br\/professormarcelosilva\/wp-json\/wp\/v2\/types\/post"}],"author":[{"embeddable":true,"href":"https:\/\/wp.ufpel.edu.br\/professormarcelosilva\/wp-json\/wp\/v2\/users\/1220"}],"replies":[{"embeddable":true,"href":"https:\/\/wp.ufpel.edu.br\/professormarcelosilva\/wp-json\/wp\/v2\/comments?post=107"}],"version-history":[{"count":2,"href":"https:\/\/wp.ufpel.edu.br\/professormarcelosilva\/wp-json\/wp\/v2\/posts\/107\/revisions"}],"predecessor-version":[{"id":126,"href":"https:\/\/wp.ufpel.edu.br\/professormarcelosilva\/wp-json\/wp\/v2\/posts\/107\/revisions\/126"}],"wp:attachment":[{"href":"https:\/\/wp.ufpel.edu.br\/professormarcelosilva\/wp-json\/wp\/v2\/media?parent=107"}],"wp:term":[{"taxonomy":"category","embeddable":true,"href":"https:\/\/wp.ufpel.edu.br\/professormarcelosilva\/wp-json\/wp\/v2\/categories?post=107"},{"taxonomy":"post_tag","embeddable":true,"href":"https:\/\/wp.ufpel.edu.br\/professormarcelosilva\/wp-json\/wp\/v2\/tags?post=107"}],"curies":[{"name":"wp","href":"https:\/\/api.w.org\/{rel}","templated":true}]}}