{"id":353,"date":"2025-11-18T16:36:52","date_gmt":"2025-11-18T19:36:52","guid":{"rendered":"https:\/\/wp.ufpel.edu.br\/proedai\/?p=353"},"modified":"2025-12-09T23:23:51","modified_gmt":"2025-12-10T02:23:51","slug":"programacao-tcpa-ii-dia-12-12-2025","status":"publish","type":"post","link":"https:\/\/wp.ufpel.edu.br\/proedai\/2025\/11\/18\/programacao-tcpa-ii-dia-12-12-2025\/","title":{"rendered":"Programa\u00e7\u00e3o TCPA II &#8211; Dia 24\/04\/2026"},"content":{"rendered":"\n<h2 class=\"wp-block-heading\" id=\"block-ffb412db-13b0-42a7-bdba-a63ac72674ab\">Dia 24\/04\/2026 &#8211; Apresenta\u00e7\u00e3o de trabalhos, Minicursos, Atividades Culturais &#8211;<\/h2>\n\n\n\n<h2 class=\"wp-block-heading\" id=\"block-bcbb8450-82de-4da3-89c3-ff0d3af89935\"><em>Encontro de Coletivos Negro de Pelotas e <\/em>Regi\u00e3o<\/h2>\n\n\n\n<ul id=\"block-52f9fb1a-10f3-49f3-9384-56a6c51335e9\" class=\"wp-block-list\">\n<li>Anglo &#8211; Audit\u00f3rio Acad\u00eamico &#8211; 14:00<\/li>\n<\/ul>\n\n\n\n<h2 class=\"wp-block-heading\" id=\"block-5a3688ec-1464-4003-b602-fff717b9ba9a\">Plen\u00e1ria Sankofa \u2013 Caminhos para a Educa\u00e7\u00e3o Antirracista<\/h2>\n\n\n\n<ul id=\"block-5189142f-554e-46cb-a4f5-7559ce9e0119\" class=\"wp-block-list\">\n<li>Anglo &#8211; Audit\u00f3rio da Reitoria &#8211; 19:00<\/li>\n<\/ul>\n\n\n\n<h2 class=\"wp-block-heading\" id=\"block-f6e34420-7351-4e3a-8b82-743272ed386b\">Minicursos na SME:<\/h2>\n\n\n\n<ul id=\"block-ca1f6c55-9346-4e63-893f-3ee28fda758e\" class=\"wp-block-list\">\n<li>Minicurso 7 \u2013 Educa\u00e7\u00e3o antirracista e curr\u00edculo: desafios e possibilidades da Lei 10.639\/2003 e DCNERER\n<ul class=\"wp-block-list\">\n<li><strong>Raissa Brum Gon\u00e7alves de Avila<\/strong> &#8211; Doutoranda (PPGE-FAE\/UFPEL)<\/li>\n\n\n\n<li>SME &#8211; Audit\u00f3rio &#8211; 8:00<\/li>\n<\/ul>\n<\/li>\n\n\n\n<li>Minicurso 11 &#8211; Arqueologia das Tran\u00e7as Africanas no Antigo Egito\n<ul class=\"wp-block-list\">\n<li><strong>Dra. Marlene Pereira dos Santos<\/strong> &#8211; Pesquisadora da UFC<\/li>\n\n\n\n<li>SME &#8211; Audit\u00f3rio &#8211; 10:30<\/li>\n<\/ul>\n<\/li>\n\n\n\n<li>Minicurso 10 \u2013 Desafios de implementa\u00e7\u00e3o de epistemologias, produ\u00e7\u00e3o de saberes e conhecimentos da \u00c1frica no Brasil\n<ul class=\"wp-block-list\">\n<li><strong>Dr. Luiz Tomas Domingos<\/strong> &#8211; Professor UNILAB<\/li>\n\n\n\n<li>SME &#8211; Audit\u00f3rio &#8211; 14:00<\/li>\n<\/ul>\n<\/li>\n<\/ul>\n\n\n\n<h2 class=\"wp-block-heading\" id=\"block-074f81e8-e81a-4efd-aea9-f528976ae96b\">Minicursos no Anglo\/UFPEL:<\/h2>\n\n\n\n<ul id=\"block-65b2f85d-5aae-469f-9612-e7e5659b5968\" class=\"wp-block-list\">\n<li>Minicurso 8 \u2013 Cultura Negra, Bem-Viver e Produ\u00e7\u00e3o de (auto)Conhecimento na Educa\u00e7\u00e3o\n<ul class=\"wp-block-list\">\n<li><strong>Dra. Bella Timba\u00ed<\/strong><\/li>\n\n\n\n<li>Anglo &#8211; Audit\u00f3rio da Reitoria &#8211; 8:00<\/li>\n<\/ul>\n<\/li>\n\n\n\n<li>Minicurso 9 \u2013 Tecnologias e conhecimentos africanos na forma\u00e7\u00e3o do Brasil\n<ul class=\"wp-block-list\">\n<li><strong>Dr. Henrique Cunha Junior<\/strong><\/li>\n\n\n\n<li>Anglo &#8211; Audit\u00f3rio da Reitoria &#8211; 14:00<\/li>\n<\/ul>\n<\/li>\n<\/ul>\n\n\n\n<h2 class=\"wp-block-heading\" id=\"block-6a9d29d6-964d-4d3b-b29b-666066c21500\">Sess\u00f5es da Apresenta\u00e7\u00e3o &#8211; Anglo\/UFPEL:<\/h2>\n\n\n\n<h2 class=\"wp-block-heading\" id=\"block-831ce597-b7d0-4efc-8dda-8097e5c53284\"><em><strong>Turno da Manh\u00e3<\/strong><\/em><\/h2>\n\n\n\n<ul id=\"block-87d2f0d2-2885-48fe-804e-7289416f5238\" class=\"wp-block-list\">\n<li>Sess\u00e3o 13 &#8211; Sala 318 &#8211; 8:30<\/li>\n\n\n\n<li>Sess\u00e3o 14 &#8211; Sala 415 &#8211; 8:30<\/li>\n\n\n\n<li>Sess\u00e3o 15 &#8211; Sala 224 &#8211; 8:30<\/li>\n\n\n\n<li>Sess\u00e3o 16 &#8211; Sala 220 &#8211; 8:30<\/li>\n<\/ul>\n\n\n\n<h2 class=\"wp-block-heading\" id=\"block-2a4cf19c-7c06-40fc-9cb3-9b50e0231ddb\"><em><strong>Turno da Tarde<\/strong><\/em><\/h2>\n\n\n\n<ul id=\"block-5faa6029-e307-406e-a8e5-d194279e1371\" class=\"wp-block-list\">\n<li>Sess\u00e3o 17 &#8211; Sala 318 &#8211; 14:00<\/li>\n\n\n\n<li>Sess\u00e3o 18 &#8211; Sala 316 &#8211; 14:00<\/li>\n\n\n\n<li>Sess\u00e3o 19 &#8211; Sala 415 &#8211; 14:00<\/li>\n\n\n\n<li>Sess\u00e3o 20 &#8211; Sala 224 &#8211; 14:00<\/li>\n<\/ul>\n\n\n\n<h2 class=\"wp-block-heading\" id=\"block-7a51e228-3b4b-445b-a380-44913f8dacde\"><em><strong>Turno da Noite<\/strong><\/em><\/h2>\n\n\n\n<ul id=\"block-23fda29c-545e-40de-8cd5-f5af33f4a2d6\" class=\"wp-block-list\">\n<li>Sess\u00e3o 21 &#8211; Sala 318 &#8211; 19:00<\/li>\n\n\n\n<li>Sess\u00e3o 22 &#8211; Sala 316 &#8211; 19:00<\/li>\n\n\n\n<li>Sess\u00e3o 23 &#8211; Sala 440 &#8211; 19:00<\/li>\n\n\n\n<li>Sess\u00e3o 24 &#8211; Sala 218 &#8211; 19:00<\/li>\n<\/ul>\n\n\n\n<h2 class=\"wp-block-heading\" id=\"block-aae91999-9dc8-4b3c-b65d-52a844362f3e\"><\/h2>\n","protected":false},"excerpt":{"rendered":"<p>Dia 24\/04\/2026 &#8211; Apresenta\u00e7\u00e3o de trabalhos, Minicursos, Atividades Culturais &#8211; Encontro de Coletivos Negro de Pelotas e Regi\u00e3o Plen\u00e1ria Sankofa \u2013 Caminhos para a Educa\u00e7\u00e3o Antirracista Minicursos na SME: Minicursos no Anglo\/UFPEL: Sess\u00f5es da Apresenta\u00e7\u00e3o &#8211; Anglo\/UFPEL: Turno da Manh\u00e3 Turno da Tarde Turno da Noite<\/p>\n","protected":false},"author":1304,"featured_media":0,"comment_status":"closed","ping_status":"closed","sticky":false,"template":"","format":"standard","meta":{"footnotes":""},"categories":[1],"tags":[],"class_list":["post-353","post","type-post","status-publish","format-standard","hentry","category-noticias"],"jetpack_featured_media_url":"","publishpress_future_action":{"enabled":false,"date":"2026-05-05 17:44:17","action":"change-status","newStatus":"draft","terms":[],"taxonomy":"category","extraData":[]},"publishpress_future_workflow_manual_trigger":{"enabledWorkflows":[]},"_links":{"self":[{"href":"https:\/\/wp.ufpel.edu.br\/proedai\/wp-json\/wp\/v2\/posts\/353","targetHints":{"allow":["GET"]}}],"collection":[{"href":"https:\/\/wp.ufpel.edu.br\/proedai\/wp-json\/wp\/v2\/posts"}],"about":[{"href":"https:\/\/wp.ufpel.edu.br\/proedai\/wp-json\/wp\/v2\/types\/post"}],"author":[{"embeddable":true,"href":"https:\/\/wp.ufpel.edu.br\/proedai\/wp-json\/wp\/v2\/users\/1304"}],"replies":[{"embeddable":true,"href":"https:\/\/wp.ufpel.edu.br\/proedai\/wp-json\/wp\/v2\/comments?post=353"}],"version-history":[{"count":3,"href":"https:\/\/wp.ufpel.edu.br\/proedai\/wp-json\/wp\/v2\/posts\/353\/revisions"}],"predecessor-version":[{"id":387,"href":"https:\/\/wp.ufpel.edu.br\/proedai\/wp-json\/wp\/v2\/posts\/353\/revisions\/387"}],"wp:attachment":[{"href":"https:\/\/wp.ufpel.edu.br\/proedai\/wp-json\/wp\/v2\/media?parent=353"}],"wp:term":[{"taxonomy":"category","embeddable":true,"href":"https:\/\/wp.ufpel.edu.br\/proedai\/wp-json\/wp\/v2\/categories?post=353"},{"taxonomy":"post_tag","embeddable":true,"href":"https:\/\/wp.ufpel.edu.br\/proedai\/wp-json\/wp\/v2\/tags?post=353"}],"curies":[{"name":"wp","href":"https:\/\/api.w.org\/{rel}","templated":true}]}}