{"id":1085,"date":"2018-09-21T10:32:20","date_gmt":"2018-09-21T13:32:20","guid":{"rendered":"https:\/\/wp.ufpel.edu.br\/producaodevideo\/?p=1085"},"modified":"2019-02-09T08:09:42","modified_gmt":"2019-02-09T10:09:42","slug":"sao-leo-em-cine-agora-tambem-e-livro","status":"publish","type":"post","link":"https:\/\/wp.ufpel.edu.br\/producaodevideo\/2018\/09\/21\/sao-leo-em-cine-agora-tambem-e-livro\/","title":{"rendered":"S\u00e3o L\u00e9o em Cine agora tamb\u00e9m \u00e9 livro"},"content":{"rendered":"<p>Reflex\u00f5es sobre a primeira edi\u00e7\u00e3o do excepcional\u00a0 festival de v\u00eddeo estudantil de S\u00e3o Leopoldo est\u00e3o compiladas nesse livro para todos aqueles que se interessarem em conhecer um pouco mais do trabalho que em pouqu\u00edssimo tempo j\u00e1 demonstrou resultados incr\u00edveis, a parceria criada entre a UFPEL, na pessoa do professor Josias, e a prefeitura de S\u00e3o Leopoldo por meio de Eliane Candido l\u00e1 em 2015, hoje pode ser considerada a cidade que mais produz v\u00eddeo estudantil no pa\u00eds, com uma m\u00e9dia de 70 por ano. S\u00e3o L\u00e9o em cine: a escola construindo sonhos.\u00a0<span style=\"color: #ff0000\"><strong><a style=\"color: #ff0000\" href=\"https:\/\/wp.ufpel.edu.br\/producaodevideo\/files\/2018\/09\/S%C3%83O-LEO-EM-CINE_a-escola-construindo-sonhos.pdf\">Leia aqui<\/a><\/strong><\/span>\u00a0e se inspire!<\/p>\n<p style=\"text-align: center\"><a href=\"https:\/\/wp.ufpel.edu.br\/producaodevideo\/2018\/09\/21\/sao-leo-em-cine-agora-tambem-e-livro\/capa-do-livro-do-sao-leo-em-cine\/#main\" rel=\"attachment wp-att-1087\"><img loading=\"lazy\" decoding=\"async\" class=\"alignnone size-medium wp-image-1087\" src=\"https:\/\/wp.ufpel.edu.br\/producaodevideo\/files\/2018\/09\/Capa-do-livro-do-S\u00e3o-L\u00e9o-em-Cine-212x318.jpeg\" alt=\"\" width=\"212\" height=\"318\" srcset=\"https:\/\/wp.ufpel.edu.br\/producaodevideo\/files\/2018\/09\/Capa-do-livro-do-S\u00e3o-L\u00e9o-em-Cine-212x318.jpeg 212w, https:\/\/wp.ufpel.edu.br\/producaodevideo\/files\/2018\/09\/Capa-do-livro-do-S\u00e3o-L\u00e9o-em-Cine-106x159.jpeg 106w, https:\/\/wp.ufpel.edu.br\/producaodevideo\/files\/2018\/09\/Capa-do-livro-do-S\u00e3o-L\u00e9o-em-Cine-768x1152.jpeg 768w, https:\/\/wp.ufpel.edu.br\/producaodevideo\/files\/2018\/09\/Capa-do-livro-do-S\u00e3o-L\u00e9o-em-Cine.jpeg 853w\" sizes=\"auto, (max-width: 212px) 100vw, 212px\" \/><\/a><\/p>\n","protected":false},"excerpt":{"rendered":"<p>Reflex\u00f5es sobre a primeira edi\u00e7\u00e3o do excepcional\u00a0 festival de v\u00eddeo estudantil de S\u00e3o Leopoldo est\u00e3o compiladas nesse livro para todos aqueles que se interessarem em conhecer um pouco mais do trabalho que em pouqu\u00edssimo tempo j\u00e1 demonstrou resultados incr\u00edveis, a parceria criada entre a UFPEL, na pessoa do professor Josias, e a prefeitura de S\u00e3o&hellip;<\/p>\n","protected":false},"author":578,"featured_media":1173,"comment_status":"closed","ping_status":"closed","sticky":false,"template":"","format":"standard","meta":{"_jetpack_memberships_contains_paid_content":false,"footnotes":""},"categories":[1],"tags":[],"class_list":["post-1085","post","type-post","status-publish","format-standard","has-post-thumbnail","hentry","category-noticias"],"jetpack_featured_media_url":"https:\/\/wp.ufpel.edu.br\/producaodevideo\/files\/2018\/09\/Capa-do-livro-do-S\u00e3o-L\u00e9o-em-Cine-1.jpeg","jetpack_sharing_enabled":true,"_links":{"self":[{"href":"https:\/\/wp.ufpel.edu.br\/producaodevideo\/wp-json\/wp\/v2\/posts\/1085","targetHints":{"allow":["GET"]}}],"collection":[{"href":"https:\/\/wp.ufpel.edu.br\/producaodevideo\/wp-json\/wp\/v2\/posts"}],"about":[{"href":"https:\/\/wp.ufpel.edu.br\/producaodevideo\/wp-json\/wp\/v2\/types\/post"}],"author":[{"embeddable":true,"href":"https:\/\/wp.ufpel.edu.br\/producaodevideo\/wp-json\/wp\/v2\/users\/578"}],"replies":[{"embeddable":true,"href":"https:\/\/wp.ufpel.edu.br\/producaodevideo\/wp-json\/wp\/v2\/comments?post=1085"}],"version-history":[{"count":5,"href":"https:\/\/wp.ufpel.edu.br\/producaodevideo\/wp-json\/wp\/v2\/posts\/1085\/revisions"}],"predecessor-version":[{"id":1101,"href":"https:\/\/wp.ufpel.edu.br\/producaodevideo\/wp-json\/wp\/v2\/posts\/1085\/revisions\/1101"}],"wp:featuredmedia":[{"embeddable":true,"href":"https:\/\/wp.ufpel.edu.br\/producaodevideo\/wp-json\/wp\/v2\/media\/1173"}],"wp:attachment":[{"href":"https:\/\/wp.ufpel.edu.br\/producaodevideo\/wp-json\/wp\/v2\/media?parent=1085"}],"wp:term":[{"taxonomy":"category","embeddable":true,"href":"https:\/\/wp.ufpel.edu.br\/producaodevideo\/wp-json\/wp\/v2\/categories?post=1085"},{"taxonomy":"post_tag","embeddable":true,"href":"https:\/\/wp.ufpel.edu.br\/producaodevideo\/wp-json\/wp\/v2\/tags?post=1085"}],"curies":[{"name":"wp","href":"https:\/\/api.w.org\/{rel}","templated":true}]}}